{"id":98993,"date":"2013-10-29T14:30:35","date_gmt":"2013-10-29T14:30:35","guid":{"rendered":"http:\/\/diariodominicano.ddns.net\/?p=98993"},"modified":"2013-10-29T14:30:35","modified_gmt":"2013-10-29T14:30:35","slug":"cntd-dice-director-del-idac-busca-privatizar-control-aereo","status":"publish","type":"post","link":"https:\/\/diariodominicano.com\/?p=98993","title":{"rendered":"CNTD dice director del IDAC busca privatizar control a\u00e9reo"},"content":{"rendered":"<p><body><\/p>\n<p>Santo Domingo RD 29 octubre.- Ante las denuncias de que quieren privatizar el control a\u00e9reo, los controladores son amenazados con ser cancelados, situaci\u00f3n que podr\u00eda llevar a una cat\u00e1strofe a\u00e9rea en el pa\u00eds, advirti\u00f3 este martes la Confederaci\u00f3n Nacional de Trabajadores Dominicanos (CNTD).<\/p>\n<\/p>\n<p>Jacobo Ramos, advirti\u00f3 que esas amenazas, incertidumbre y zozobra a la que est\u00e1n sometidos los controladores a\u00e9reos del pa\u00eds de parte del director del Instituto Dominicano de Aviaci\u00f3n Civil (IDAC), Alejandro Herrera, constituye un gran peligro para la aeronavegaci\u00f3n.<\/p>\n<\/p>\n<p>Dijo que tras la  modificaci\u00f3n de la Ley de Aviaci\u00f3n Civil tiene el objetivo de privatizar el sector, lo que ha desatado una caser\u00eda de bruja en contra  de los miembros de la Asociaci\u00f3n de Controladores A\u00e9reos y adem\u00e1s de un proceso reivindicativo viene haciendo denuncias desde el 10 de enero del 2012.<\/p>\n<\/p>\n<p>Enfatiz\u00f3 que los miembros de la Asociaci\u00f3n se oponen a que se modifique la Ley 491 s\u00f3lo tiene cinco a\u00f1os vigente, \u00abpero por esa oposici\u00f3n se est\u00e1 suspendiendo a trabajadores y se facilitan pensiones involuntarias\u00bb.<\/p>\n<\/p>\n<p>\u00abPedimos al presidente Danilo Medina intervenir  el IDAC, porque este problema con la Asociaci\u00f3n de los Controladores A\u00e9reos, pone en peligro  la seguridad de la aviaci\u00f3n civil y la vida de muchos pasajeros\u00bb, expres\u00f3.<\/p>\n<\/p>\n<p>Ramos pide tambi\u00e9n que se investigue en el IDAC las compras por m\u00e1s de 1,500 millones de pesos, sin ning\u00fan tipo de licitaci\u00f3n p\u00fablica,lo que viola la Ley contrataci\u00f3n p\u00fablica.<\/p>\n<\/p>\n<p>El presidente de la CNTD ve esa situaci\u00f3n muy peligrosa para todo el que se monte en un avi\u00f3n, porque los controladores son los ojos de los pilotos, por ser los que disponen por d\u00f3nde va salir, a qu\u00e9 velocidad debe despegar y qu\u00e9 hora debe despegar un avi\u00f3n.<\/p>\n<\/p>\n<p>\u00abEsto est\u00e1 creando nerviosismo, incertidumbre e inseguridad en los controladores antes la posibilidad de ser echado de sus puestos de trabajo por el director del IDAC. Esto podr\u00eda llevarlos a perder el enfoque y control\u00bb, indic\u00f3  Ramos.<\/p>\n<\/p>\n<p>El dirigente sindical subray\u00f3 que la situaci\u00f3n de incertidumbre en el centro de control y en los 9 aeropuertos es de tal magnitud que los controladores no se pueden concentrar en sus trabajos.<\/p>\n<\/p>\n<p>Denunci\u00f3 que lo que se busca es poner en los puestos a personas sin ning\u00fan conocimiento y experiencia como controladores a\u00e9reos.<\/p>\n<\/p>\n<p>\u00abEl director del IDAC busca privatizar los servicios de los controladores a\u00e9reos y para eso se propuso destruir la Asociaci\u00f3n Dominicana de Controladores de Tr\u00e1nsito A\u00e9reos, que tiene 29 a\u00f1os de fundada\u00bb, apunt\u00f3 Ramos.<\/p>\n<\/p>\n<p>\u00abCuando Alejandro Herrera inicia el proceso de modificar la Ley sobre Aviaci\u00f3n Civil, busca allanar el camino para privatizar los servicios, y quitarse la responsabilidad que les hacen los t\u00e9cnicos y empleados\u00bb, subray\u00f3.<\/p>\n<h6> 2013-10-29 14:30:35 <\/h6>\n<p><!--\n<link rel=\"stylesheet\" href=\"css\/bootstrap.min.css\">\n\n\n<ul class=\"pagination\">\n\t    \n\t\n\n<li >\n\t<a href='?page_no=14495'>Previous<\/a>\n\t<\/li>\n\n\n       \n    \n\n<li><a href='?page_no=1'>1<\/a><\/li>\n\n\n\n<li><a href='?page_no=2'>2<\/a><\/li>\n\n\n\n<li><a>...<\/a><\/li>\n\n\n\n<li><a href='?page_no=14494'>14494<\/a><\/li>\n\n\n\n<li><a href='?page_no=14495'>14495<\/a><\/li>\n\n\n\n<li class='active'><a>14496<\/a><\/li>\n\n\n\n<li><a href='?page_no=14497'>14497<\/a><\/li>\n\n\n\n<li><a href='?page_no=14498'>14498<\/a><\/li>\n\n\n\n<li><a>...<\/a><\/li>\n\n\n\n<li><a href='?page_no=30472'>30472<\/a><\/li>\n\n\n\n<li><a href='?page_no=30473'>30473<\/a><\/li>\n\n    \n\t\n\n<li >\n\t<a href='?page_no=14497'>Next<\/a>\n\t<\/li>\n\n\n    \n\n<li><a href='?page_no=30473'>Last &rsaquo;&rsaquo;<\/a><\/li>\n\n<\/ul>\n\n\n--><br \/>\n<\/body><\/p>\n","protected":false},"excerpt":{"rendered":"<p>Santo Domingo RD 29 octubre.- Ante las denuncias de que quieren privatizar el control a\u00e9reo, los controladores son amenazados con ser cancelados, situaci\u00f3n que podr\u00eda llevar a una cat\u00e1strofe a\u00e9rea en el pa\u00eds, advirti\u00f3 este martes la Confederaci\u00f3n Nacional de Trabajadores Dominicanos (CNTD). Jacobo Ramos, advirti\u00f3 que esas amenazas, incertidumbre y zozobra a la que [&hellip;]<\/p>\n","protected":false},"author":3,"featured_media":0,"comment_status":"open","ping_status":"open","sticky":false,"template":"","format":"standard","meta":{"footnotes":""},"categories":[18],"tags":[],"class_list":["post-98993","post","type-post","status-publish","format-standard","hentry","category-economia"],"_links":{"self":[{"href":"https:\/\/diariodominicano.com\/index.php?rest_route=\/wp\/v2\/posts\/98993","targetHints":{"allow":["GET"]}}],"collection":[{"href":"https:\/\/diariodominicano.com\/index.php?rest_route=\/wp\/v2\/posts"}],"about":[{"href":"https:\/\/diariodominicano.com\/index.php?rest_route=\/wp\/v2\/types\/post"}],"author":[{"embeddable":true,"href":"https:\/\/diariodominicano.com\/index.php?rest_route=\/wp\/v2\/users\/3"}],"replies":[{"embeddable":true,"href":"https:\/\/diariodominicano.com\/index.php?rest_route=%2Fwp%2Fv2%2Fcomments&post=98993"}],"version-history":[{"count":0,"href":"https:\/\/diariodominicano.com\/index.php?rest_route=\/wp\/v2\/posts\/98993\/revisions"}],"wp:attachment":[{"href":"https:\/\/diariodominicano.com\/index.php?rest_route=%2Fwp%2Fv2%2Fmedia&parent=98993"}],"wp:term":[{"taxonomy":"category","embeddable":true,"href":"https:\/\/diariodominicano.com\/index.php?rest_route=%2Fwp%2Fv2%2Fcategories&post=98993"},{"taxonomy":"post_tag","embeddable":true,"href":"https:\/\/diariodominicano.com\/index.php?rest_route=%2Fwp%2Fv2%2Ftags&post=98993"}],"curies":[{"name":"wp","href":"https:\/\/api.w.org\/{rel}","templated":true}]}}