{"id":98992,"date":"2013-10-29T14:36:06","date_gmt":"2013-10-29T14:36:06","guid":{"rendered":"http:\/\/diariodominicano.ddns.net\/?p=98992"},"modified":"2013-10-29T14:36:06","modified_gmt":"2013-10-29T14:36:06","slug":"agroempresarios-rd-ven-haiti-no-colabora","status":"publish","type":"post","link":"https:\/\/diariodominicano.com\/?p=98992","title":{"rendered":"Agroempresarios RD ven Hait\u00ed no colabora"},"content":{"rendered":"<p><body><\/p>\n<p><img decoding=\"async\" src=\"img3\/osmar 29.php.html\" \/>  <\/p>\n<p>Santo Domingo RD 29 octubre.- El presidente ejecutivo de la Junta Agroempresarial Dominicana (JAD), Osmar Ben\u00edtez, se quej\u00f3 ayer por la falta de colaboraci\u00f3n que, a su juicio, ha exhibido el Gobierno haitiano en el proceso de carnetizaci\u00f3n de los ciudadanos de ese pa\u00eds que vienen  a trabajar a la Rep\u00fablica Dominicana. <\/p>\n<\/p>\n<p>Dijo que la Canciller\u00eda de Hait\u00ed no quiere bajar el costo del pasaporte de US$80 a US$40 para los haitianos que trabajan en la Rep\u00fablica Dominicana hace tiempo. <\/p>\n<\/p>\n<p>En declaraciones ofrecidas al peri\u00f3dico El Caribe, Ben\u00edtez se\u00f1al\u00f3 que la Canciller\u00eda dominicana tampoco quiere reducir de US$90 a US$45 el costo de la visa.<\/p>\n<\/p>\n<p>Ben\u00edtez se\u00f1al\u00f3 que solo Migraci\u00f3n baj\u00f3 de RD$15,000 a RD$8,000 la emisi\u00f3n del carn\u00e9 a trabajadores extranjeros temporeros y los an\u00e1lisis m\u00e9dicos de RD$4,300 a RD$2,300. <\/p>\n<\/p>\n<p>Dijo esperar que las dem\u00e1s instituciones del Gobierno adopten igual actitud.<\/p>\n<\/p>\n<p>Expres\u00f3 que ya hay unos 470 haitianos con carn\u00e9s y en los pr\u00f3ximos d\u00edas se concluir\u00e1 el trabajo con el ingenio Barahona, que va a regularizar y carnetizar a cerca de 500. <\/p>\n<\/p>\n<p>Hoy se realizar\u00e1 en la sede de la JAD una reuni\u00f3n entre Migraci\u00f3n y 4 empresas grandes en inter\u00e9s de resolver la carnetizaci\u00f3n de unos mil trabajadores extranjeros.<\/p>\n<\/p>\n<p>Dijo que las empresas tienen que asumir el costo de la regularizaci\u00f3n.<\/p>\n<p>El presidente ejecutivo de la JAD manifest\u00f3 que ahora viene la segunda etapa de la regularizaci\u00f3n de los trabajadores haitianos, en la que hay que sacarles el pasaporte, la visa, el contrato de trabajo, el examen m\u00e9dico y el pago del carn\u00e9. <\/p>\n<\/p>\n<p>Indic\u00f3 que los agroempresarios, incluyendo a los due\u00f1os de fincas, tienen que cumplir con esa labor para hacerlo con la ley, para lo cual la JAD trabaja muy de cerca con Migraci\u00f3n.<\/p>\n<\/p>\n<h6> 2013-10-29 14:36:06 <\/h6>\n<p><!--\n<link rel=\"stylesheet\" href=\"css\/bootstrap.min.css\">\n\n\n<ul class=\"pagination\">\n\t    \n\t\n\n<li >\n\t<a href='?page_no=14494'>Previous<\/a>\n\t<\/li>\n\n\n       \n    \n\n<li><a href='?page_no=1'>1<\/a><\/li>\n\n\n\n<li><a href='?page_no=2'>2<\/a><\/li>\n\n\n\n<li><a>...<\/a><\/li>\n\n\n\n<li><a href='?page_no=14493'>14493<\/a><\/li>\n\n\n\n<li><a href='?page_no=14494'>14494<\/a><\/li>\n\n\n\n<li class='active'><a>14495<\/a><\/li>\n\n\n\n<li><a href='?page_no=14496'>14496<\/a><\/li>\n\n\n\n<li><a href='?page_no=14497'>14497<\/a><\/li>\n\n\n\n<li><a>...<\/a><\/li>\n\n\n\n<li><a href='?page_no=30472'>30472<\/a><\/li>\n\n\n\n<li><a href='?page_no=30473'>30473<\/a><\/li>\n\n    \n\t\n\n<li >\n\t<a href='?page_no=14496'>Next<\/a>\n\t<\/li>\n\n\n    \n\n<li><a href='?page_no=30473'>Last &rsaquo;&rsaquo;<\/a><\/li>\n\n<\/ul>\n\n\n--><br \/>\n<\/body><\/p>\n","protected":false},"excerpt":{"rendered":"<p>Santo Domingo RD 29 octubre.- El presidente ejecutivo de la Junta Agroempresarial Dominicana (JAD), Osmar Ben\u00edtez, se quej\u00f3 ayer por la falta de colaboraci\u00f3n que, a su juicio, ha exhibido el Gobierno haitiano en el proceso de carnetizaci\u00f3n de los ciudadanos de ese pa\u00eds que vienen a trabajar a la Rep\u00fablica Dominicana. Dijo que la [&hellip;]<\/p>\n","protected":false},"author":3,"featured_media":0,"comment_status":"open","ping_status":"open","sticky":false,"template":"","format":"standard","meta":{"footnotes":""},"categories":[18],"tags":[],"class_list":["post-98992","post","type-post","status-publish","format-standard","hentry","category-economia"],"_links":{"self":[{"href":"https:\/\/diariodominicano.com\/index.php?rest_route=\/wp\/v2\/posts\/98992","targetHints":{"allow":["GET"]}}],"collection":[{"href":"https:\/\/diariodominicano.com\/index.php?rest_route=\/wp\/v2\/posts"}],"about":[{"href":"https:\/\/diariodominicano.com\/index.php?rest_route=\/wp\/v2\/types\/post"}],"author":[{"embeddable":true,"href":"https:\/\/diariodominicano.com\/index.php?rest_route=\/wp\/v2\/users\/3"}],"replies":[{"embeddable":true,"href":"https:\/\/diariodominicano.com\/index.php?rest_route=%2Fwp%2Fv2%2Fcomments&post=98992"}],"version-history":[{"count":0,"href":"https:\/\/diariodominicano.com\/index.php?rest_route=\/wp\/v2\/posts\/98992\/revisions"}],"wp:attachment":[{"href":"https:\/\/diariodominicano.com\/index.php?rest_route=%2Fwp%2Fv2%2Fmedia&parent=98992"}],"wp:term":[{"taxonomy":"category","embeddable":true,"href":"https:\/\/diariodominicano.com\/index.php?rest_route=%2Fwp%2Fv2%2Fcategories&post=98992"},{"taxonomy":"post_tag","embeddable":true,"href":"https:\/\/diariodominicano.com\/index.php?rest_route=%2Fwp%2Fv2%2Ftags&post=98992"}],"curies":[{"name":"wp","href":"https:\/\/api.w.org\/{rel}","templated":true}]}}