{"id":98991,"date":"2013-10-29T14:40:19","date_gmt":"2013-10-29T14:40:19","guid":{"rendered":"http:\/\/diariodominicano.ddns.net\/?p=98991"},"modified":"2013-10-29T14:40:19","modified_gmt":"2013-10-29T14:40:19","slug":"el-conep-aboga-por-cesantia-eficiente-ymas-atractiva","status":"publish","type":"post","link":"https:\/\/diariodominicano.com\/?p=98991","title":{"rendered":"El Conep aboga por cesant\u00eda \u00abeficiente ym\u00e1s atractiva\u00bb"},"content":{"rendered":"<p><body><\/p>\n<p><img decoding=\"async\" src=\"img3\/conep 29.php.html\" \/>  <\/p>\n<p>Santo Domingo RD 29 octubre.- El Consejo Nacional de la Empresa Privada (Conep) no busca eliminar la cesant\u00eda, sino hacerla \u00abm\u00e1s eficiente y m\u00e1s atractiva\u00bb en la  discusi\u00f3n para modificar el C\u00f3digo Laboral, asegur\u00f3 Manuel Diez Cabral, presidente de esa entidad.<\/p>\n<\/p>\n<p>\u00abLo que estamos diciendo no es que la eliminemos, es que nos sentemos dentro del estos procesos de modificaci\u00f3n del C\u00f3digo Laboral a ver como la podemos hacer m\u00e1s eficiente y m\u00e1s atractiva para que se genere m\u00e1s empleo formal\u00bb, enfatiz\u00f3.<\/p>\n<\/p>\n<p>Agreg\u00f3 que la discussion del tema de la cesant\u00eda laboral es una condici\u00f3n para la entrada en vigencia de la ley de Seguridad Social.<\/p>\n<\/p>\n<p>De su lado, Rafael Paz Familia, director ejecutivo del Conep, manifest\u00f3 que el 80% de los empleados p\u00fablicos y privado no cuenta con las siete protecciones que ofrece el C\u00f3digo de Trabajo, que van desde seguridad e higiene hasta la seguridad social.<\/p>\n<\/p>\n<p>\u00abDe lo que estamos hablando es de crear un c\u00f3digo que ampl\u00ede los derechos para todos los trabajadores de la Rep\u00fablica Dominicana, fundamentalmente para las peque\u00f1as y la microempresas\u00bb, manifest\u00f3.<\/p>\n<\/p>\n<p>Diez Cabral fue entrevistado en el programa \u00abEnfoque Matinal\u00bb, que se transmite por NCDN, canal 37.<\/p>\n<\/p>\n<\/p>\n<\/p>\n<p>Ya entraron en el chantaje&#8230;si no modifican la cesantia, poniendo el satanico seguro por desempleo, no entra la Ley de seguridad social en vigencia&#8230;asi son estos explotadores empresarios&#8230;EL PUEBLO QUE SE LEVANTA Y A LA CALLE A DEFENDER LA CESANTIA ES EL ULTIMO GOLPE DE PARTE DE ESTA LOGIA MORADA CORRUPTA Y LOS EMPRESARIOS EXPLOTADORES CONTRA EL PUEBLO TRABAJADOR&#8230;.NO AL CAMBIO DE PAGO DE LA CESANTIA&#8230;. <\/p>\n<\/p>\n<\/p>\n<\/p>\n<p>..<\/p>\n<p>Enviado el 29 de Octubre 2013  |  #140273<\/p>\n<p>Franklin ny<\/p>\n<p>Esto millonarios quiere asta lo de uno k no tiene nada a parte de pagar miserias explotar no pagar hora extra quieren robarse la liquidaci\u00f3n k no se quejen cuando comienze a secuestrarle los hijos carajo ya no tienen suficiente<\/p>\n<h6> 2013-10-29 14:40:19 <\/h6>\n<p><!--\n<link rel=\"stylesheet\" href=\"css\/bootstrap.min.css\">\n\n\n<ul class=\"pagination\">\n\t    \n\t\n\n<li >\n\t<a href='?page_no=14493'>Previous<\/a>\n\t<\/li>\n\n\n       \n    \n\n<li><a href='?page_no=1'>1<\/a><\/li>\n\n\n\n<li><a href='?page_no=2'>2<\/a><\/li>\n\n\n\n<li><a>...<\/a><\/li>\n\n\n\n<li><a href='?page_no=14492'>14492<\/a><\/li>\n\n\n\n<li><a href='?page_no=14493'>14493<\/a><\/li>\n\n\n\n<li class='active'><a>14494<\/a><\/li>\n\n\n\n<li><a href='?page_no=14495'>14495<\/a><\/li>\n\n\n\n<li><a href='?page_no=14496'>14496<\/a><\/li>\n\n\n\n<li><a>...<\/a><\/li>\n\n\n\n<li><a href='?page_no=30472'>30472<\/a><\/li>\n\n\n\n<li><a href='?page_no=30473'>30473<\/a><\/li>\n\n    \n\t\n\n<li >\n\t<a href='?page_no=14495'>Next<\/a>\n\t<\/li>\n\n\n    \n\n<li><a href='?page_no=30473'>Last &rsaquo;&rsaquo;<\/a><\/li>\n\n<\/ul>\n\n\n--><br \/>\n<\/body><\/p>\n","protected":false},"excerpt":{"rendered":"<p>Santo Domingo RD 29 octubre.- El Consejo Nacional de la Empresa Privada (Conep) no busca eliminar la cesant\u00eda, sino hacerla \u00abm\u00e1s eficiente y m\u00e1s atractiva\u00bb en la discusi\u00f3n para modificar el C\u00f3digo Laboral, asegur\u00f3 Manuel Diez Cabral, presidente de esa entidad. \u00abLo que estamos diciendo no es que la eliminemos, es que nos sentemos dentro [&hellip;]<\/p>\n","protected":false},"author":3,"featured_media":0,"comment_status":"open","ping_status":"open","sticky":false,"template":"","format":"standard","meta":{"footnotes":""},"categories":[18],"tags":[],"class_list":["post-98991","post","type-post","status-publish","format-standard","hentry","category-economia"],"_links":{"self":[{"href":"https:\/\/diariodominicano.com\/index.php?rest_route=\/wp\/v2\/posts\/98991","targetHints":{"allow":["GET"]}}],"collection":[{"href":"https:\/\/diariodominicano.com\/index.php?rest_route=\/wp\/v2\/posts"}],"about":[{"href":"https:\/\/diariodominicano.com\/index.php?rest_route=\/wp\/v2\/types\/post"}],"author":[{"embeddable":true,"href":"https:\/\/diariodominicano.com\/index.php?rest_route=\/wp\/v2\/users\/3"}],"replies":[{"embeddable":true,"href":"https:\/\/diariodominicano.com\/index.php?rest_route=%2Fwp%2Fv2%2Fcomments&post=98991"}],"version-history":[{"count":0,"href":"https:\/\/diariodominicano.com\/index.php?rest_route=\/wp\/v2\/posts\/98991\/revisions"}],"wp:attachment":[{"href":"https:\/\/diariodominicano.com\/index.php?rest_route=%2Fwp%2Fv2%2Fmedia&parent=98991"}],"wp:term":[{"taxonomy":"category","embeddable":true,"href":"https:\/\/diariodominicano.com\/index.php?rest_route=%2Fwp%2Fv2%2Fcategories&post=98991"},{"taxonomy":"post_tag","embeddable":true,"href":"https:\/\/diariodominicano.com\/index.php?rest_route=%2Fwp%2Fv2%2Ftags&post=98991"}],"curies":[{"name":"wp","href":"https:\/\/api.w.org\/{rel}","templated":true}]}}