{"id":98990,"date":"2013-10-29T18:30:11","date_gmt":"2013-10-29T18:30:11","guid":{"rendered":"http:\/\/diariodominicano.ddns.net\/?p=98990"},"modified":"2013-10-29T18:30:11","modified_gmt":"2013-10-29T18:30:11","slug":"canadienses-consumiran-name-de-bayaguana","status":"publish","type":"post","link":"https:\/\/diariodominicano.com\/?p=98990","title":{"rendered":"Canadienses consumir\u00e1n \u00f1ame de Bayaguana"},"content":{"rendered":"<p><body><\/p>\n<p><img decoding=\"async\" src=\"img3\/feda.jpg\" \/>  <\/p>\n<p><span class=\"text1noticias\">Bayaguana, Monte Plata, RD, 29 de Octubre.-El director del Fondo Especial para el Desarrollo Agropecuario (FEDA), Antonio L\u00f3pez inform\u00f3 que sali\u00f3 ayer lunes el primer furg\u00f3n de \u00f1ame desde este municipio hacia Canad\u00e1.<\/span><\/p>\n<\/p>\n<p><span class=\"text1noticias\">Durante una visita de supervisi\u00f3n al Centro de Agronegocios Esmeralda, el funcionario manifest\u00f3  que el Gobierno hace  grandes esfuerzos para mejorar la producci\u00f3n y las condiciones de vida de los trabajadores, que hist\u00f3ricamente hab\u00edan sido olvidados, fortaleciendo la estructura econ\u00f3mica de los peque\u00f1os y medianos productores.<\/span><\/p>\n<\/p>\n<p><span class=\"text1noticias\">Dijo que el objetivo del presidente Danilo Medina, es que los habitantes de la provincia de Monte Plata, la tercera m\u00e1s pobre del pa\u00eds, cambien su estilo de vida, y  pasen de pobreza  a un nivel econ\u00f3mico diferente, con capacidad de compra en el mercado nacional.<\/span><\/p>\n<\/p>\n<p><span class=\"text1noticias\">\u00abSi la poblaci\u00f3n no tiene capacidad de compra, no podr\u00e1 haber los cambios de desarrollo que el pa\u00eds necesita\u00bb, resalt\u00f3 L\u00f3pez.<\/span><\/p>\n<\/p>\n<p><span class=\"text1noticias\">Indic\u00f3  que gracias al apoyo dado por el Gobierno, a trav\u00e9s del FEDA a esta provincia, no solo se ha podido mejorar la producci\u00f3n de \u00f1ame, sino tambi\u00e9n,  de cacao,  jengibre, ca\u00f1a de az\u00facar y miel.<\/span><\/p>\n<\/p>\n<p><span class=\"text1noticias\">Del mismo modo, L\u00f3pez comunic\u00f3 que para febrero del pr\u00f3ximo a\u00f1o esta asociaci\u00f3n iniciar\u00e1 a exportar jengibre y ca\u00f1a de az\u00facar hacia mercado canadiense.  <\/span><\/p>\n<\/p>\n<p><span class=\"text1noticias\">De su lado, Domingo Lebr\u00f3n, gerente del Centro de Agronegocios Esmeralda, anunci\u00f3 que en esta oportunidad env\u00edan un contenedor de 41 libras, alrededor de 18 toneladas de \u00f1ame hacia Canad\u00e1.<\/span><\/p>\n<\/p>\n<p><span class=\"text1noticias\">Explic\u00f3 que el \u00f1ame es un  producto que se cultiva de manera silvestre en la zona, \u00abhemos logrado un acuerdo para proveer \u00f1ame en sus diferentes variedades tales como: El Jamaiquino, El Mina, El Diamante, entre otras variedades que cultivamos en la provincia\u00bb.<\/span><\/p>\n<\/p>\n<p><span class=\"text1noticias\">Manifest\u00f3 que gracias al apoyo de FEDA y del Estado Dominicano, han articulado la condici\u00f3n en que viven los productores, ayudado a 258 familias, lo que ha generado m\u00e1s de 3 mil empleos en este municipio.<\/span><\/p>\n<\/p>\n<p><span class=\"text1noticias\">Indic\u00f3 que en la primera y segunda fase del  proyecto,  invirtieron 40 millones de pesos, gracias al financiamiento econ\u00f3mico brindado por el  FEDA.(HG)<\/span>.<\/p>\n<\/p>\n<h6> 2013-10-29 18:30:11 <\/h6>\n<p><!--\n<link rel=\"stylesheet\" href=\"css\/bootstrap.min.css\">\n\n\n<ul class=\"pagination\">\n\t    \n\t\n\n<li >\n\t<a href='?page_no=14492'>Previous<\/a>\n\t<\/li>\n\n\n       \n    \n\n<li><a href='?page_no=1'>1<\/a><\/li>\n\n\n\n<li><a href='?page_no=2'>2<\/a><\/li>\n\n\n\n<li><a>...<\/a><\/li>\n\n\n\n<li><a href='?page_no=14491'>14491<\/a><\/li>\n\n\n\n<li><a href='?page_no=14492'>14492<\/a><\/li>\n\n\n\n<li class='active'><a>14493<\/a><\/li>\n\n\n\n<li><a href='?page_no=14494'>14494<\/a><\/li>\n\n\n\n<li><a href='?page_no=14495'>14495<\/a><\/li>\n\n\n\n<li><a>...<\/a><\/li>\n\n\n\n<li><a href='?page_no=30472'>30472<\/a><\/li>\n\n\n\n<li><a href='?page_no=30473'>30473<\/a><\/li>\n\n    \n\t\n\n<li >\n\t<a href='?page_no=14494'>Next<\/a>\n\t<\/li>\n\n\n    \n\n<li><a href='?page_no=30473'>Last &rsaquo;&rsaquo;<\/a><\/li>\n\n<\/ul>\n\n\n--><br \/>\n<\/body><\/p>\n","protected":false},"excerpt":{"rendered":"<p>Bayaguana, Monte Plata, RD, 29 de Octubre.-El director del Fondo Especial para el Desarrollo Agropecuario (FEDA), Antonio L\u00f3pez inform\u00f3 que sali\u00f3 ayer lunes el primer furg\u00f3n de \u00f1ame desde este municipio hacia Canad\u00e1. Durante una visita de supervisi\u00f3n al Centro de Agronegocios Esmeralda, el funcionario manifest\u00f3 que el Gobierno hace grandes esfuerzos para mejorar la [&hellip;]<\/p>\n","protected":false},"author":3,"featured_media":0,"comment_status":"open","ping_status":"open","sticky":false,"template":"","format":"standard","meta":{"footnotes":""},"categories":[18],"tags":[],"class_list":["post-98990","post","type-post","status-publish","format-standard","hentry","category-economia"],"_links":{"self":[{"href":"https:\/\/diariodominicano.com\/index.php?rest_route=\/wp\/v2\/posts\/98990","targetHints":{"allow":["GET"]}}],"collection":[{"href":"https:\/\/diariodominicano.com\/index.php?rest_route=\/wp\/v2\/posts"}],"about":[{"href":"https:\/\/diariodominicano.com\/index.php?rest_route=\/wp\/v2\/types\/post"}],"author":[{"embeddable":true,"href":"https:\/\/diariodominicano.com\/index.php?rest_route=\/wp\/v2\/users\/3"}],"replies":[{"embeddable":true,"href":"https:\/\/diariodominicano.com\/index.php?rest_route=%2Fwp%2Fv2%2Fcomments&post=98990"}],"version-history":[{"count":0,"href":"https:\/\/diariodominicano.com\/index.php?rest_route=\/wp\/v2\/posts\/98990\/revisions"}],"wp:attachment":[{"href":"https:\/\/diariodominicano.com\/index.php?rest_route=%2Fwp%2Fv2%2Fmedia&parent=98990"}],"wp:term":[{"taxonomy":"category","embeddable":true,"href":"https:\/\/diariodominicano.com\/index.php?rest_route=%2Fwp%2Fv2%2Fcategories&post=98990"},{"taxonomy":"post_tag","embeddable":true,"href":"https:\/\/diariodominicano.com\/index.php?rest_route=%2Fwp%2Fv2%2Ftags&post=98990"}],"curies":[{"name":"wp","href":"https:\/\/api.w.org\/{rel}","templated":true}]}}