{"id":98989,"date":"2013-10-29T18:40:48","date_gmt":"2013-10-29T18:40:48","guid":{"rendered":"http:\/\/diariodominicano.ddns.net\/?p=98989"},"modified":"2013-10-29T18:40:48","modified_gmt":"2013-10-29T18:40:48","slug":"denuncian-no-se-conocen-ganadores-licitacion-convocada-hace-seis-meses","status":"publish","type":"post","link":"https:\/\/diariodominicano.com\/?p=98989","title":{"rendered":"Denuncian no se conocen ganadores licitaci\u00f3n convocada hace seis meses"},"content":{"rendered":"<p><body><\/p>\n<p><span class=\"text1noticias\">Santo Domingo, RD, 29 de Octubre.-La Asociaci\u00f3n Dominicana de Contratistas de Obras del Estatales (ADOCOE) denunci\u00f3 que el Comit\u00e9 de Compras y Contrataciones del Ministerio de Educaci\u00f3n (MINERD)  no ha dado a conocer a los ganadores de una licitaci\u00f3n p\u00fablica que convoc\u00f3 hace m\u00e1s de seis meses para la rehabilitaci\u00fan de 863 aulas en 91 centros educativos, ubicados en diferentes regionales   educativas del pa\u00eds.<\/span><\/p>\n<\/p>\n<p><span class=\"text1noticias\">El ingeniero Miguel Liberato pidi\u00f3 al presidente de la Rep\u00fablica, licenciado Danilo Medina, ordenar una exhaustiva investigaci\u00f3n para determinar las causas que han motivado una gran tardanza en la conclusi\u00f3n del procedimiento ME-CCC-LPN-2013-04-GD.<\/span><\/p>\n<\/p>\n<p><span class=\"text1noticias\">Tambi\u00e9n solicit\u00f3 a la Direcci\u00f3n General de Contrataciones P\u00fablicas (DGCP) hacer  las aclaraciones correspondientes debido a que la rehabilitaci\u00f3n de las 863 aulas fue anunciada y tratada como una  licitaci\u00f3n, pero que en realidad se combin\u00f3 con un procedimiento  de Comparaci\u00f3n de Precios.<\/span><\/p>\n<\/p>\n<p><span class=\"text1noticias\">Seg\u00fan declaraciones del presidente de la ADOCOE  la licitaci\u00f3n a que hace rfeferencia  fue convocada el 24 de abril del presente a\u00f1o  y se desconocen las razones por las cuales todav\u00eda no se han anunciado  los adjudicatarios.<\/span><\/p>\n<\/p>\n<p><span class=\"text1noticias\">De acuerdo a las informaciones dadas por el ingeniero Liberato, en el cronograma original de la licitaci\u00f3n se hab\u00eda fijado el anunci\u00f3 de las adjudicaciones para el 23 de julio del corriente a\u00f1o y que a finales de agosto se estar\u00edan firmando los contratos.<\/span><\/p>\n<\/p>\n<p><span class=\"text1noticias\">Se\u00f1ala que las reparaciones de las 863 aulas, fueron agrupadas en 53 lotes y que el procedimiento no pudo complicarse debido a que el MINERD suministr\u00f3 las partidas de los presupuestos y los oferentes se limitaron a proponer sus precios<\/span>.<\/p>\n<\/p>\n<\/p>\n<\/p>\n<h6> 2013-10-29 18:40:48 <\/h6>\n<p><!--\n<link rel=\"stylesheet\" href=\"css\/bootstrap.min.css\">\n\n\n<ul class=\"pagination\">\n\t    \n\t\n\n<li >\n\t<a href='?page_no=14491'>Previous<\/a>\n\t<\/li>\n\n\n       \n    \n\n<li><a href='?page_no=1'>1<\/a><\/li>\n\n\n\n<li><a href='?page_no=2'>2<\/a><\/li>\n\n\n\n<li><a>...<\/a><\/li>\n\n\n\n<li><a href='?page_no=14490'>14490<\/a><\/li>\n\n\n\n<li><a href='?page_no=14491'>14491<\/a><\/li>\n\n\n\n<li class='active'><a>14492<\/a><\/li>\n\n\n\n<li><a href='?page_no=14493'>14493<\/a><\/li>\n\n\n\n<li><a href='?page_no=14494'>14494<\/a><\/li>\n\n\n\n<li><a>...<\/a><\/li>\n\n\n\n<li><a href='?page_no=30472'>30472<\/a><\/li>\n\n\n\n<li><a href='?page_no=30473'>30473<\/a><\/li>\n\n    \n\t\n\n<li >\n\t<a href='?page_no=14493'>Next<\/a>\n\t<\/li>\n\n\n    \n\n<li><a href='?page_no=30473'>Last &rsaquo;&rsaquo;<\/a><\/li>\n\n<\/ul>\n\n\n--><br \/>\n<\/body><\/p>\n","protected":false},"excerpt":{"rendered":"<p>Santo Domingo, RD, 29 de Octubre.-La Asociaci\u00f3n Dominicana de Contratistas de Obras del Estatales (ADOCOE) denunci\u00f3 que el Comit\u00e9 de Compras y Contrataciones del Ministerio de Educaci\u00f3n (MINERD) no ha dado a conocer a los ganadores de una licitaci\u00f3n p\u00fablica que convoc\u00f3 hace m\u00e1s de seis meses para la rehabilitaci\u00fan de 863 aulas en 91 [&hellip;]<\/p>\n","protected":false},"author":3,"featured_media":0,"comment_status":"open","ping_status":"open","sticky":false,"template":"","format":"standard","meta":{"footnotes":""},"categories":[18],"tags":[],"class_list":["post-98989","post","type-post","status-publish","format-standard","hentry","category-economia"],"_links":{"self":[{"href":"https:\/\/diariodominicano.com\/index.php?rest_route=\/wp\/v2\/posts\/98989","targetHints":{"allow":["GET"]}}],"collection":[{"href":"https:\/\/diariodominicano.com\/index.php?rest_route=\/wp\/v2\/posts"}],"about":[{"href":"https:\/\/diariodominicano.com\/index.php?rest_route=\/wp\/v2\/types\/post"}],"author":[{"embeddable":true,"href":"https:\/\/diariodominicano.com\/index.php?rest_route=\/wp\/v2\/users\/3"}],"replies":[{"embeddable":true,"href":"https:\/\/diariodominicano.com\/index.php?rest_route=%2Fwp%2Fv2%2Fcomments&post=98989"}],"version-history":[{"count":0,"href":"https:\/\/diariodominicano.com\/index.php?rest_route=\/wp\/v2\/posts\/98989\/revisions"}],"wp:attachment":[{"href":"https:\/\/diariodominicano.com\/index.php?rest_route=%2Fwp%2Fv2%2Fmedia&parent=98989"}],"wp:term":[{"taxonomy":"category","embeddable":true,"href":"https:\/\/diariodominicano.com\/index.php?rest_route=%2Fwp%2Fv2%2Fcategories&post=98989"},{"taxonomy":"post_tag","embeddable":true,"href":"https:\/\/diariodominicano.com\/index.php?rest_route=%2Fwp%2Fv2%2Ftags&post=98989"}],"curies":[{"name":"wp","href":"https:\/\/api.w.org\/{rel}","templated":true}]}}