{"id":98988,"date":"2013-10-29T18:53:30","date_gmt":"2013-10-29T18:53:30","guid":{"rendered":"http:\/\/diariodominicano.ddns.net\/?p=98988"},"modified":"2013-10-29T18:53:30","modified_gmt":"2013-10-29T18:53:30","slug":"coniaf-y-anpa-acuerdan-capacitar-profesionales-del-sector-agropecuario-del-pais","status":"publish","type":"post","link":"https:\/\/diariodominicano.com\/?p=98988","title":{"rendered":"CONIAF Y ANPA acuerdan capacitar profesionales del sector agropecuario del pa\u00eds"},"content":{"rendered":"<p><body><\/p>\n<p><img decoding=\"async\" src=\"img3\/convenio.jpg\" \/>  <\/p>\n<p><span class=\"text1noticias\">Santo Domingo, RD, 29 de Octubre.-El Consejo Nacional de Investigaciones Agropecuarias y Forestales (CONIAF) y la Asociaci\u00f3n Nacional de Profesionales Agropecuarios (ANPA) firmaron un convenio de colaboraci\u00f3n para desarrollar de manera conjunta un programa de capacitaci\u00f3n en los niveles de  maestr\u00edas, doctorados y otras necesidades de capacitaci\u00f3n que demande el sistema productivo nacional agropecuario.<\/span><\/p>\n<\/p>\n<p><span class=\"text1noticias\">En este programa podr\u00e1n participar los profesionales agropecuarios que as\u00ed lo soliciten, ya el CONIAF se compromete a cubrir los gastos de instructores, coordinadores y material de apoyo necesario para  facilitar el proceso  de transferencia de  tecnolog\u00edas que se generan en el Sistema Nacional de Investigaciones agropecuarias y Forestales (SINIAF). <\/span><\/p>\n<\/p>\n<p><span class=\"text1noticias\">Mientras que la ANPA se comprometi\u00f3 en propiciar la ejecuci\u00f3n de actividades, proyectos y programas de car\u00e1cter t\u00e9cnico, gremiales y educativos, orientados al desarrollo de los profesionales agropecuarios para colaborar con el desarrollo nacional.  <\/span><\/p>\n<\/p>\n<p><span class=\"text1noticias\">El acuerdo fue firmado por los  ingenieros Juan Modesto Ch\u00e1vez Vargas, director ejecutivo del  CONIAF y Andr\u00e9s G\u00f3mez, presidente de la ANPA, en un acto realizado en la oficina principal del gremio.<\/span><\/p>\n<\/p>\n<p><span class=\"text1noticias\">Manifestaron que este acuerdo es una Acci\u00f3n de Gesti\u00f3n Conjunta entre la ANPA y el CONIAF,  con la intenci\u00f3n de que los profesionales agropecuarios puedan actualizar y obtener nuevos conocimientos en sus diferentes  \u00e1reas, para asistir a los productores agropecuarios nacionales, as\u00ed como, desarrollar una mejor labor en sus lugares de trabajo. <\/span><\/p>\n<\/p>\n<p><span class=\"text1noticias\">Durante la firma del convenio estuvieron presentes miembros del Comit\u00e9 Ejecutivo y dirigentes del gremio, as\u00ed como el equipo t\u00e9cnico que conforma la Direcci\u00f3n Ejecutiva del CONIAF.(HG)<\/span>.<\/p>\n<h6> 2013-10-29 18:53:30 <\/h6>\n<p><!--\n<link rel=\"stylesheet\" href=\"css\/bootstrap.min.css\">\n\n\n<ul class=\"pagination\">\n\t    \n\t\n\n<li >\n\t<a href='?page_no=14490'>Previous<\/a>\n\t<\/li>\n\n\n       \n    \n\n<li><a href='?page_no=1'>1<\/a><\/li>\n\n\n\n<li><a href='?page_no=2'>2<\/a><\/li>\n\n\n\n<li><a>...<\/a><\/li>\n\n\n\n<li><a href='?page_no=14489'>14489<\/a><\/li>\n\n\n\n<li><a href='?page_no=14490'>14490<\/a><\/li>\n\n\n\n<li class='active'><a>14491<\/a><\/li>\n\n\n\n<li><a href='?page_no=14492'>14492<\/a><\/li>\n\n\n\n<li><a href='?page_no=14493'>14493<\/a><\/li>\n\n\n\n<li><a>...<\/a><\/li>\n\n\n\n<li><a href='?page_no=30472'>30472<\/a><\/li>\n\n\n\n<li><a href='?page_no=30473'>30473<\/a><\/li>\n\n    \n\t\n\n<li >\n\t<a href='?page_no=14492'>Next<\/a>\n\t<\/li>\n\n\n    \n\n<li><a href='?page_no=30473'>Last &rsaquo;&rsaquo;<\/a><\/li>\n\n<\/ul>\n\n\n--><br \/>\n<\/body><\/p>\n","protected":false},"excerpt":{"rendered":"<p>Santo Domingo, RD, 29 de Octubre.-El Consejo Nacional de Investigaciones Agropecuarias y Forestales (CONIAF) y la Asociaci\u00f3n Nacional de Profesionales Agropecuarios (ANPA) firmaron un convenio de colaboraci\u00f3n para desarrollar de manera conjunta un programa de capacitaci\u00f3n en los niveles de maestr\u00edas, doctorados y otras necesidades de capacitaci\u00f3n que demande el sistema productivo nacional agropecuario. En [&hellip;]<\/p>\n","protected":false},"author":3,"featured_media":0,"comment_status":"open","ping_status":"open","sticky":false,"template":"","format":"standard","meta":{"footnotes":""},"categories":[18],"tags":[],"class_list":["post-98988","post","type-post","status-publish","format-standard","hentry","category-economia"],"_links":{"self":[{"href":"https:\/\/diariodominicano.com\/index.php?rest_route=\/wp\/v2\/posts\/98988","targetHints":{"allow":["GET"]}}],"collection":[{"href":"https:\/\/diariodominicano.com\/index.php?rest_route=\/wp\/v2\/posts"}],"about":[{"href":"https:\/\/diariodominicano.com\/index.php?rest_route=\/wp\/v2\/types\/post"}],"author":[{"embeddable":true,"href":"https:\/\/diariodominicano.com\/index.php?rest_route=\/wp\/v2\/users\/3"}],"replies":[{"embeddable":true,"href":"https:\/\/diariodominicano.com\/index.php?rest_route=%2Fwp%2Fv2%2Fcomments&post=98988"}],"version-history":[{"count":0,"href":"https:\/\/diariodominicano.com\/index.php?rest_route=\/wp\/v2\/posts\/98988\/revisions"}],"wp:attachment":[{"href":"https:\/\/diariodominicano.com\/index.php?rest_route=%2Fwp%2Fv2%2Fmedia&parent=98988"}],"wp:term":[{"taxonomy":"category","embeddable":true,"href":"https:\/\/diariodominicano.com\/index.php?rest_route=%2Fwp%2Fv2%2Fcategories&post=98988"},{"taxonomy":"post_tag","embeddable":true,"href":"https:\/\/diariodominicano.com\/index.php?rest_route=%2Fwp%2Fv2%2Ftags&post=98988"}],"curies":[{"name":"wp","href":"https:\/\/api.w.org\/{rel}","templated":true}]}}