{"id":98985,"date":"2013-10-29T20:26:55","date_gmt":"2013-10-29T20:26:55","guid":{"rendered":"http:\/\/diariodominicano.ddns.net\/?p=98985"},"modified":"2013-10-29T20:26:55","modified_gmt":"2013-10-29T20:26:55","slug":"rd-recibe-premio-regional-de-la-fao-por-pesca-responsable","status":"publish","type":"post","link":"https:\/\/diariodominicano.com\/?p=98985","title":{"rendered":"RD recibe premio regional de la FAO  por pesca responsable"},"content":{"rendered":"<p><body><\/p>\n<p><img decoding=\"async\" src=\"img3\/pesca.jpg\" \/>  <\/p>\n<p><span class=\"text1noticias\">Santo Domingo, RD, 29 de Octubre.- Rep\u00fablica Dominicana fue premiada por la Organizaci\u00f3n de las Naciones Unidas para la Agricultura y la Alimentaci\u00f3n (FAO) con la medalla regional Margarita Liz\u00e1rraga, por su protagonismo en el impulso de la pesca responsable en el Istmo Centroamericano.<\/span><\/p>\n<\/p>\n<p><span class=\"text1noticias\">El ministro Rodr\u00edguez agradeci\u00f3 el reconocimiento en nombre del Gobierno dominicano, y asegur\u00f3 que el mismo lo compromete a seguir trabajando en aras del mejoramiento de la pesca nacional y regional.<\/span><\/p>\n<p><span class=\"text1noticias\">Dijo que la pesca responsable es un elemento importante para la conservaci\u00f3n de los estos recursos, que son una de Las principales fuentes de prote\u00edna animal en todo el mundo.<\/span><\/p>\n<\/p>\n<p><span class=\"text1noticias\">La entrega fue hecha por Mario Gonz\u00e1lez, director general de la Organizaci\u00f3n del Sector Pesquero y Acu\u00edcola del Istmo Centroamericano (Ospesca), en un acto celebrado en el  Sal\u00f3n de Conferencias del Ministerio de Agricultura, con la asistencia del representante de la Organizaci\u00f3n de las Naciones Unidas para la Agricultura y la Alimentaci\u00f3n (FAO), en el pa\u00eds, Gero Vaagt.<\/span><\/p>\n<p><span class=\"text1noticias\"> <\/span><\/p>\n<p><span class=\"text1noticias\">El ministro Rodr\u00edguez reconoci\u00f3 el trabajo que realiza Ospesca en toda la regi\u00f3n y el apoyo de la FAO a los gobiernos nacionales para el fortalecimiento del sector pesquero.<\/span><\/p>\n<\/p>\n<p><span class=\"text1noticias\">Los organismos internacionales tambi\u00e9n reconocieron a Rep\u00fablica Dominicana por la aplicaci\u00f3n pr\u00e1ctica y tangible del C\u00f3digo de Conducta para la Pesca Responsable.<\/span><\/p>\n<\/p>\n<p><span class=\"text1noticias\">Mientras, el representante de la FAO, Gero Vaagt, record\u00f3 que los recursos pesqueros no tienen frontera, por lo que el esfuerzo individual de cada Gobierno para su protecci\u00f3n y conservaci\u00f3n se convierte en un aporte mundial.<\/span><\/p>\n<\/p>\n<p><span class=\"text1noticias\">Vaagt record\u00f3 que es la primera vez que el reconocimiento viene a esta zona del mundo, y que Rep\u00fablica Dominicana lo recibe como miembro  de pleno derecho del Sistema de Integraci\u00f3n Centroamericana (SICA).<\/span><\/p>\n<\/p>\n<p><span class=\"text1noticias\">En el acto de entrega, Mario Gonz\u00e1lez destac\u00f3 el trabajo que realiza el Ministerio de Agricultura a trav\u00e9s del Consejo Dominicano de Pesca y Acuicultura (Codopesca), y dijo que Ospesca seguir\u00e1 siendo un soporte importante en esa labor.<\/span><\/p>\n<\/p>\n<p><span class=\"text1noticias\">\u00abOspesca, con el apoyo de la FAO, seguir\u00e1 brindando asistencia t\u00e9cnica para el fortalecimiento del sector pesquero en toda la regi\u00f3n\u00bb, asegur\u00f3 el funcionario regional.<\/span><\/p>\n<\/p>\n<p><span class=\"text1noticias\">En la actividad estuvieron Carlos Segura Foster, asesor agr\u00edcola del Poder Ejecutivo, as\u00ed como los viceministros Luis Guti\u00e9rrez, Administrativo; Agnes Cishek, de Planificaci\u00f3n;  Ismael Cruz, de Desarrollo; Francisco Fr\u00edas Olivencia, director de Codopesca, entre    otros funcionarios del Ministerio de Agricultura.(HG)<\/span>. <\/p>\n<h6> 2013-10-29 20:26:55 <\/h6>\n<p><!--\n<link rel=\"stylesheet\" href=\"css\/bootstrap.min.css\">\n\n\n<ul class=\"pagination\">\n\t    \n\t\n\n<li >\n\t<a href='?page_no=14488'>Previous<\/a>\n\t<\/li>\n\n\n       \n    \n\n<li><a href='?page_no=1'>1<\/a><\/li>\n\n\n\n<li><a href='?page_no=2'>2<\/a><\/li>\n\n\n\n<li><a>...<\/a><\/li>\n\n\n\n<li><a href='?page_no=14487'>14487<\/a><\/li>\n\n\n\n<li><a href='?page_no=14488'>14488<\/a><\/li>\n\n\n\n<li class='active'><a>14489<\/a><\/li>\n\n\n\n<li><a href='?page_no=14490'>14490<\/a><\/li>\n\n\n\n<li><a href='?page_no=14491'>14491<\/a><\/li>\n\n\n\n<li><a>...<\/a><\/li>\n\n\n\n<li><a href='?page_no=30472'>30472<\/a><\/li>\n\n\n\n<li><a href='?page_no=30473'>30473<\/a><\/li>\n\n    \n\t\n\n<li >\n\t<a href='?page_no=14490'>Next<\/a>\n\t<\/li>\n\n\n    \n\n<li><a href='?page_no=30473'>Last &rsaquo;&rsaquo;<\/a><\/li>\n\n<\/ul>\n\n\n--><br \/>\n<\/body><\/p>\n","protected":false},"excerpt":{"rendered":"<p>Santo Domingo, RD, 29 de Octubre.- Rep\u00fablica Dominicana fue premiada por la Organizaci\u00f3n de las Naciones Unidas para la Agricultura y la Alimentaci\u00f3n (FAO) con la medalla regional Margarita Liz\u00e1rraga, por su protagonismo en el impulso de la pesca responsable en el Istmo Centroamericano. El ministro Rodr\u00edguez agradeci\u00f3 el reconocimiento en nombre del Gobierno dominicano, [&hellip;]<\/p>\n","protected":false},"author":3,"featured_media":0,"comment_status":"open","ping_status":"open","sticky":false,"template":"","format":"standard","meta":{"footnotes":""},"categories":[18],"tags":[],"class_list":["post-98985","post","type-post","status-publish","format-standard","hentry","category-economia"],"_links":{"self":[{"href":"https:\/\/diariodominicano.com\/index.php?rest_route=\/wp\/v2\/posts\/98985","targetHints":{"allow":["GET"]}}],"collection":[{"href":"https:\/\/diariodominicano.com\/index.php?rest_route=\/wp\/v2\/posts"}],"about":[{"href":"https:\/\/diariodominicano.com\/index.php?rest_route=\/wp\/v2\/types\/post"}],"author":[{"embeddable":true,"href":"https:\/\/diariodominicano.com\/index.php?rest_route=\/wp\/v2\/users\/3"}],"replies":[{"embeddable":true,"href":"https:\/\/diariodominicano.com\/index.php?rest_route=%2Fwp%2Fv2%2Fcomments&post=98985"}],"version-history":[{"count":0,"href":"https:\/\/diariodominicano.com\/index.php?rest_route=\/wp\/v2\/posts\/98985\/revisions"}],"wp:attachment":[{"href":"https:\/\/diariodominicano.com\/index.php?rest_route=%2Fwp%2Fv2%2Fmedia&parent=98985"}],"wp:term":[{"taxonomy":"category","embeddable":true,"href":"https:\/\/diariodominicano.com\/index.php?rest_route=%2Fwp%2Fv2%2Fcategories&post=98985"},{"taxonomy":"post_tag","embeddable":true,"href":"https:\/\/diariodominicano.com\/index.php?rest_route=%2Fwp%2Fv2%2Ftags&post=98985"}],"curies":[{"name":"wp","href":"https:\/\/api.w.org\/{rel}","templated":true}]}}