{"id":98984,"date":"2013-10-29T20:45:04","date_gmt":"2013-10-29T20:45:04","guid":{"rendered":"http:\/\/diariodominicano.ddns.net\/?p=98984"},"modified":"2013-10-29T20:45:04","modified_gmt":"2013-10-29T20:45:04","slug":"air-europa-anuncia-oferta-navidena-para-viajar-a-espana-y-francia","status":"publish","type":"post","link":"https:\/\/diariodominicano.com\/?p=98984","title":{"rendered":"Air Europa anuncia oferta navide\u00f1a para viajar a Espa\u00f1a y Francia"},"content":{"rendered":"<p><body><\/p>\n<p><img decoding=\"async\" src=\"http:\/\/localhost:8080\/economia\/img3\/Paco.jpg\" \/>  <\/p>\n<p><span class=\"text1noticias\">Santo Domingo, RD, 29 de Octubre.-La l\u00ednea a\u00e9rea Air Europa anunci\u00f3 una oferta navide\u00f1a con una sustancial reducci\u00f3n de precio de sus boletos a\u00e9reos para viajar desde Santo Domingo a Madrid y Par\u00eds.<\/span><\/p>\n<\/p>\n<p><span class=\"text1noticias\">Francisco-Paco-P\u00e9rez, Director Regional para el \u00e1rea del Caribe  de Air Europa inform\u00f3 que en estas navidades los dominicanos  podr\u00e1n vacacionar y compartir con  sus familiares que residen en Madrid, Par\u00eds y otras ciudades europeas, aprovechando los precios s\u00faper econ\u00f3micos que ofrece la l\u00ednea  a\u00e9rea del grupo Globalia.<\/span><\/p>\n<\/p>\n<p><span class=\"text1noticias\">En un encuentro con la prensa el ejecutivo de Globalia  explic\u00f3 que, para las personas que hagan su reservaci\u00f3n antes del 30 de noviembre, los vuelos a Madrid y las dem\u00e1s ciudades espa\u00f1olas servidas por Air Europa tan solo costar\u00e1n  299 d\u00f3lares ida y vuelta m\u00e1s impuestos.<\/span><\/p>\n<\/p>\n<p><span class=\"text1noticias\">Mientras que para la ciudad de Paris el costo ser\u00e1 de 199 d\u00f3lares ida y vuelta m\u00e1s impuestos. Este especial aplica para viajar en diciembre con regreso en enero.<\/span><\/p>\n<\/p>\n<p><span class=\"text1noticias\">En el encuentro, realizado en el Sal\u00f3n Verde del  Restaurant Nipau de esta ciudad de Santo Domingo, estuvieron presentes ejecutivos y periodistas de los diversos medios de comunicaci\u00f3n. Se sortearon cuatro boletos a\u00e9reos entre los periodistas presentes. Tambi\u00e9n Asistieron karina Estevez, Gerente de Ventas; Mary Nieves Gonzalez, Gerente de Mercadeo; y Manuel Harvey, Gerente de Escala Aeropuerto de Air Europa.<\/span><\/p>\n<\/p>\n<h6> 2013-10-29 20:45:04 <\/h6>\n<p><!--\n<link rel=\"stylesheet\" href=\"css\/bootstrap.min.css\">\n\n\n<ul class=\"pagination\">\n\t    \n\t\n\n<li >\n\t<a href='?page_no=14487'>Previous<\/a>\n\t<\/li>\n\n\n       \n    \n\n<li><a href='?page_no=1'>1<\/a><\/li>\n\n\n\n<li><a href='?page_no=2'>2<\/a><\/li>\n\n\n\n<li><a>...<\/a><\/li>\n\n\n\n<li><a href='?page_no=14486'>14486<\/a><\/li>\n\n\n\n<li><a href='?page_no=14487'>14487<\/a><\/li>\n\n\n\n<li class='active'><a>14488<\/a><\/li>\n\n\n\n<li><a href='?page_no=14489'>14489<\/a><\/li>\n\n\n\n<li><a href='?page_no=14490'>14490<\/a><\/li>\n\n\n\n<li><a>...<\/a><\/li>\n\n\n\n<li><a href='?page_no=30472'>30472<\/a><\/li>\n\n\n\n<li><a href='?page_no=30473'>30473<\/a><\/li>\n\n    \n\t\n\n<li >\n\t<a href='?page_no=14489'>Next<\/a>\n\t<\/li>\n\n\n    \n\n<li><a href='?page_no=30473'>Last &rsaquo;&rsaquo;<\/a><\/li>\n\n<\/ul>\n\n\n--><br \/>\n<\/body><\/p>\n","protected":false},"excerpt":{"rendered":"<p>Santo Domingo, RD, 29 de Octubre.-La l\u00ednea a\u00e9rea Air Europa anunci\u00f3 una oferta navide\u00f1a con una sustancial reducci\u00f3n de precio de sus boletos a\u00e9reos para viajar desde Santo Domingo a Madrid y Par\u00eds. Francisco-Paco-P\u00e9rez, Director Regional para el \u00e1rea del Caribe de Air Europa inform\u00f3 que en estas navidades los dominicanos podr\u00e1n vacacionar y compartir [&hellip;]<\/p>\n","protected":false},"author":3,"featured_media":0,"comment_status":"open","ping_status":"open","sticky":false,"template":"","format":"standard","meta":{"footnotes":""},"categories":[18],"tags":[],"class_list":["post-98984","post","type-post","status-publish","format-standard","hentry","category-economia"],"_links":{"self":[{"href":"https:\/\/diariodominicano.com\/index.php?rest_route=\/wp\/v2\/posts\/98984","targetHints":{"allow":["GET"]}}],"collection":[{"href":"https:\/\/diariodominicano.com\/index.php?rest_route=\/wp\/v2\/posts"}],"about":[{"href":"https:\/\/diariodominicano.com\/index.php?rest_route=\/wp\/v2\/types\/post"}],"author":[{"embeddable":true,"href":"https:\/\/diariodominicano.com\/index.php?rest_route=\/wp\/v2\/users\/3"}],"replies":[{"embeddable":true,"href":"https:\/\/diariodominicano.com\/index.php?rest_route=%2Fwp%2Fv2%2Fcomments&post=98984"}],"version-history":[{"count":0,"href":"https:\/\/diariodominicano.com\/index.php?rest_route=\/wp\/v2\/posts\/98984\/revisions"}],"wp:attachment":[{"href":"https:\/\/diariodominicano.com\/index.php?rest_route=%2Fwp%2Fv2%2Fmedia&parent=98984"}],"wp:term":[{"taxonomy":"category","embeddable":true,"href":"https:\/\/diariodominicano.com\/index.php?rest_route=%2Fwp%2Fv2%2Fcategories&post=98984"},{"taxonomy":"post_tag","embeddable":true,"href":"https:\/\/diariodominicano.com\/index.php?rest_route=%2Fwp%2Fv2%2Ftags&post=98984"}],"curies":[{"name":"wp","href":"https:\/\/api.w.org\/{rel}","templated":true}]}}