{"id":98982,"date":"2013-10-29T22:28:20","date_gmt":"2013-10-29T22:28:20","guid":{"rendered":"http:\/\/diariodominicano.ddns.net\/?p=98982"},"modified":"2013-10-29T22:28:20","modified_gmt":"2013-10-29T22:28:20","slug":"suscriben-acuerdo-para-la-fabricacion-de-muebles-ecologicos","status":"publish","type":"post","link":"https:\/\/diariodominicano.com\/?p=98982","title":{"rendered":"&#13;Suscriben acuerdo  para la fabricaci\u00f3n de muebles ecol\u00f3gicos"},"content":{"rendered":"<p><body><\/p>\n<p><img decoding=\"async\" src=\"img3\/firma.jpg\" \/>  <\/p>\n<p><span class=\"text1noticias\">Jarabacoa, La Vega, RD, 29 de Octubre.-La Asociaci\u00f3n Nacional de Industriales de Muebles y Colchones (ASONAIMCO) y   el Cl\u00faster Tur\u00edstico de Jarabacoa acordaron una alianza estrat\u00e9gica para el dise\u00f1o y producci\u00f3n de una l\u00ednea de muebles y afines con el uso de materias primas propias de la regi\u00f3n, empleando como  mano de obra a moradores de la zona.<\/span><\/p>\n<\/p>\n<p><span class=\"text1noticias\">El convenio firmado por Cristian Nolasco y Am\u00f3s Mart\u00ednez del Villar, respectivos presidentes de ASONAIMCO y del Cl\u00faster Tur\u00edstico de Jarabacoa, ambas instituciones se comprometen a  dise\u00f1ar un Programa Te\u00f3rico y Pr\u00e1ctico relacionado con el rol de la industria del mueble y el impacto del turismo rural comunitario en ese municipio de la provincia La Vega.<\/span><\/p>\n<\/p>\n<p><span class=\"text1noticias\">El acuerdo suscrito en el marco de la Vig\u00e9simo segunda Feria Nacional del Mueble, que se celebra hasta el pr\u00f3ximo domingo tres de noviembre, en la Ciudad Ganadera,  tambi\u00e9n establece la realizaci\u00f3n cada a\u00f1o de una feria que presente los avances de los nuevos dise\u00f1os de muebles destinados a la comercializaci\u00f3n.<\/span><\/p>\n<\/p>\n<p><span class=\"text1noticias\">Durante el acto con la presencia de sus principales directivos, ASONAIMCO y el Cl\u00faster Tur\u00edstico de Jarabacoa acordaron realizar talleres, conversatorios y muestras de muebles dise\u00f1ados con caracter\u00edsticas propias de Jarabacoa, orientados a la ecolog\u00eda y la protecci\u00f3n del medio ambiente. <\/span><\/p>\n<\/p>\n<p><span class=\"text1noticias\">De este modo las instituciones  se proponen fomentar buenas  pr\u00e1cticas en la siembra de especies maderables para la fabricaci\u00f3n de muebles en consonancia con las condiciones ecol\u00f3gicas de la regi\u00f3n.<\/span><\/p>\n<\/p>\n<p><span class=\"text1noticias\">El acuerdo interinstitucional  hace hincapi\u00e9 en el desarrollo de proyectos de colaboraci\u00f3n en temas que tiendan a conocer, valorar, disfrutar y conservar los patrimonios naturales y culturales del municipio de Jarabacoa.<\/span><\/p>\n<\/p>\n<p><span class=\"text1noticias\">En otro punto, las entidades suscribientes acuerdan realizar actividades conjuntas para complementar la formaci\u00f3n de recursos humanos sobre la cultura dominicana, que incluye gastronom\u00eda, tradiciones, historia  y monumentalismo.(HG)<\/span>.<\/p>\n<h6> 2013-10-29 22:28:20 <\/h6>\n<p><!--\n<link rel=\"stylesheet\" href=\"css\/bootstrap.min.css\">\n\n\n<ul class=\"pagination\">\n\t    \n\t\n\n<li >\n\t<a href='?page_no=14485'>Previous<\/a>\n\t<\/li>\n\n\n       \n    \n\n<li><a href='?page_no=1'>1<\/a><\/li>\n\n\n\n<li><a href='?page_no=2'>2<\/a><\/li>\n\n\n\n<li><a>...<\/a><\/li>\n\n\n\n<li><a href='?page_no=14484'>14484<\/a><\/li>\n\n\n\n<li><a href='?page_no=14485'>14485<\/a><\/li>\n\n\n\n<li class='active'><a>14486<\/a><\/li>\n\n\n\n<li><a href='?page_no=14487'>14487<\/a><\/li>\n\n\n\n<li><a href='?page_no=14488'>14488<\/a><\/li>\n\n\n\n<li><a>...<\/a><\/li>\n\n\n\n<li><a href='?page_no=30472'>30472<\/a><\/li>\n\n\n\n<li><a href='?page_no=30473'>30473<\/a><\/li>\n\n    \n\t\n\n<li >\n\t<a href='?page_no=14487'>Next<\/a>\n\t<\/li>\n\n\n    \n\n<li><a href='?page_no=30473'>Last &rsaquo;&rsaquo;<\/a><\/li>\n\n<\/ul>\n\n\n--><br \/>\n<\/body><\/p>\n","protected":false},"excerpt":{"rendered":"<p>Jarabacoa, La Vega, RD, 29 de Octubre.-La Asociaci\u00f3n Nacional de Industriales de Muebles y Colchones (ASONAIMCO) y el Cl\u00faster Tur\u00edstico de Jarabacoa acordaron una alianza estrat\u00e9gica para el dise\u00f1o y producci\u00f3n de una l\u00ednea de muebles y afines con el uso de materias primas propias de la regi\u00f3n, empleando como mano de obra a moradores [&hellip;]<\/p>\n","protected":false},"author":3,"featured_media":0,"comment_status":"open","ping_status":"open","sticky":false,"template":"","format":"standard","meta":{"footnotes":""},"categories":[18],"tags":[],"class_list":["post-98982","post","type-post","status-publish","format-standard","hentry","category-economia"],"_links":{"self":[{"href":"https:\/\/diariodominicano.com\/index.php?rest_route=\/wp\/v2\/posts\/98982","targetHints":{"allow":["GET"]}}],"collection":[{"href":"https:\/\/diariodominicano.com\/index.php?rest_route=\/wp\/v2\/posts"}],"about":[{"href":"https:\/\/diariodominicano.com\/index.php?rest_route=\/wp\/v2\/types\/post"}],"author":[{"embeddable":true,"href":"https:\/\/diariodominicano.com\/index.php?rest_route=\/wp\/v2\/users\/3"}],"replies":[{"embeddable":true,"href":"https:\/\/diariodominicano.com\/index.php?rest_route=%2Fwp%2Fv2%2Fcomments&post=98982"}],"version-history":[{"count":0,"href":"https:\/\/diariodominicano.com\/index.php?rest_route=\/wp\/v2\/posts\/98982\/revisions"}],"wp:attachment":[{"href":"https:\/\/diariodominicano.com\/index.php?rest_route=%2Fwp%2Fv2%2Fmedia&parent=98982"}],"wp:term":[{"taxonomy":"category","embeddable":true,"href":"https:\/\/diariodominicano.com\/index.php?rest_route=%2Fwp%2Fv2%2Fcategories&post=98982"},{"taxonomy":"post_tag","embeddable":true,"href":"https:\/\/diariodominicano.com\/index.php?rest_route=%2Fwp%2Fv2%2Ftags&post=98982"}],"curies":[{"name":"wp","href":"https:\/\/api.w.org\/{rel}","templated":true}]}}