{"id":98978,"date":"2013-10-30T14:49:52","date_gmt":"2013-10-30T14:49:52","guid":{"rendered":"http:\/\/diariodominicano.ddns.net\/?p=98978"},"modified":"2013-10-30T14:49:52","modified_gmt":"2013-10-30T14:49:52","slug":"anuncian-apertura-de-la-xxi-feria-expo-constitucion-2013","status":"publish","type":"post","link":"https:\/\/diariodominicano.com\/?p=98978","title":{"rendered":"Anuncian apertura de la  XXI  feria Expo Constituci\u00f3n 2013"},"content":{"rendered":"<p><body><\/p>\n<p><img decoding=\"async\" src=\"img3\/sancri 30.jpg\" \/>  <\/p>\n<p>San Crist\u00f3bal RD 30 octubre&#8211; La C\u00e1mara de Comercio y Producci\u00f3n de San Crist\u00f3bal anunci\u00f3 la presentaci\u00f3n de la feria multisectorial m\u00e1s grande realizada en toda la regi\u00f3n sur del pa\u00eds tras 21 a\u00f1os de realizaci\u00f3n ininterrumpida Expo-Constituci\u00f3n 2013, este a\u00f1o con el tema \u00abApoyando a las Pymes\u00bb.<\/p>\n<\/p>\n<p>La presentaci\u00f3n fue realizada por Lesseps de Le\u00f3n, presidente de la C\u00e1mara de la Comercio y Producci\u00f3n de San Crist\u00f3bal, quien se\u00f1al\u00f3 que en esta ocasi\u00f3n Expo Constituci\u00f3n pretende resaltar la importancia del desarrollo del comercio de peque\u00f1as y medianas empresas y su impacto en la mejora integral de la provincia y de toda la naci\u00f3n.<\/p>\n<\/p>\n<p>Este a\u00f1o la  feria contar\u00e1 con la presencia del presidente Danilo Medina, a quienes han dedicado la feria por sus aportes al desarrollo de las micro, peque\u00f1as y medianas empresas.<\/p>\n<\/p>\n<p>\u00abEl tema \u00abApoyando a las Pymes\u00bb,  nos lleva  destacar el  \u00e1rduo trabajo que llevan a cabo esas empresas que son el sustento de la mayor\u00eda de familias en las comunidades, pueblos, provincias y regiones en todo lo largo y ancho del pa\u00eds. El soporte a las PYMES en todo el territorio nacional, particularmente en San Crist\u00f3bal tiene la potencialidad de convertir justamente a estas empresas en catalizadoras, que nos acerquen a niveles superiores de desarrollo\u00bb, dijo  De Le\u00f3n.<\/p>\n<\/p>\n<p>En la actividad, que es la m\u00e1s grande  realizada en todo el litoral sur del pa\u00eds, se espera la asistencia de 100 mil personas durante los  siete d\u00edas de exposici\u00f3n al p\u00fablico.<\/p>\n<\/p>\n<p>La actividad, pautada a realizarse del 31 de octubre al 6 de noviembre en las instalaciones del Auditorio Mayor del Instituto Polit\u00e9cnico Loyola, se enmarca dentro de las festividades conmemorativas del 169 aniversario de la Constituci\u00f3n Dominicana.<\/p>\n<h6> 2013-10-30 14:49:52 <\/h6>\n<p><!--\n<link rel=\"stylesheet\" href=\"css\/bootstrap.min.css\">\n\n\n<ul class=\"pagination\">\n\t    \n\t\n\n<li >\n\t<a href='?page_no=14481'>Previous<\/a>\n\t<\/li>\n\n\n       \n    \n\n<li><a href='?page_no=1'>1<\/a><\/li>\n\n\n\n<li><a href='?page_no=2'>2<\/a><\/li>\n\n\n\n<li><a>...<\/a><\/li>\n\n\n\n<li><a href='?page_no=14480'>14480<\/a><\/li>\n\n\n\n<li><a href='?page_no=14481'>14481<\/a><\/li>\n\n\n\n<li class='active'><a>14482<\/a><\/li>\n\n\n\n<li><a href='?page_no=14483'>14483<\/a><\/li>\n\n\n\n<li><a href='?page_no=14484'>14484<\/a><\/li>\n\n\n\n<li><a>...<\/a><\/li>\n\n\n\n<li><a href='?page_no=30472'>30472<\/a><\/li>\n\n\n\n<li><a href='?page_no=30473'>30473<\/a><\/li>\n\n    \n\t\n\n<li >\n\t<a href='?page_no=14483'>Next<\/a>\n\t<\/li>\n\n\n    \n\n<li><a href='?page_no=30473'>Last &rsaquo;&rsaquo;<\/a><\/li>\n\n<\/ul>\n\n\n--><br \/>\n<\/body><\/p>\n","protected":false},"excerpt":{"rendered":"<p>San Crist\u00f3bal RD 30 octubre&#8211; La C\u00e1mara de Comercio y Producci\u00f3n de San Crist\u00f3bal anunci\u00f3 la presentaci\u00f3n de la feria multisectorial m\u00e1s grande realizada en toda la regi\u00f3n sur del pa\u00eds tras 21 a\u00f1os de realizaci\u00f3n ininterrumpida Expo-Constituci\u00f3n 2013, este a\u00f1o con el tema \u00abApoyando a las Pymes\u00bb. La presentaci\u00f3n fue realizada por Lesseps de [&hellip;]<\/p>\n","protected":false},"author":3,"featured_media":0,"comment_status":"open","ping_status":"open","sticky":false,"template":"","format":"standard","meta":{"footnotes":""},"categories":[18],"tags":[],"class_list":["post-98978","post","type-post","status-publish","format-standard","hentry","category-economia"],"_links":{"self":[{"href":"https:\/\/diariodominicano.com\/index.php?rest_route=\/wp\/v2\/posts\/98978","targetHints":{"allow":["GET"]}}],"collection":[{"href":"https:\/\/diariodominicano.com\/index.php?rest_route=\/wp\/v2\/posts"}],"about":[{"href":"https:\/\/diariodominicano.com\/index.php?rest_route=\/wp\/v2\/types\/post"}],"author":[{"embeddable":true,"href":"https:\/\/diariodominicano.com\/index.php?rest_route=\/wp\/v2\/users\/3"}],"replies":[{"embeddable":true,"href":"https:\/\/diariodominicano.com\/index.php?rest_route=%2Fwp%2Fv2%2Fcomments&post=98978"}],"version-history":[{"count":0,"href":"https:\/\/diariodominicano.com\/index.php?rest_route=\/wp\/v2\/posts\/98978\/revisions"}],"wp:attachment":[{"href":"https:\/\/diariodominicano.com\/index.php?rest_route=%2Fwp%2Fv2%2Fmedia&parent=98978"}],"wp:term":[{"taxonomy":"category","embeddable":true,"href":"https:\/\/diariodominicano.com\/index.php?rest_route=%2Fwp%2Fv2%2Fcategories&post=98978"},{"taxonomy":"post_tag","embeddable":true,"href":"https:\/\/diariodominicano.com\/index.php?rest_route=%2Fwp%2Fv2%2Ftags&post=98978"}],"curies":[{"name":"wp","href":"https:\/\/api.w.org\/{rel}","templated":true}]}}