{"id":98977,"date":"2013-10-30T15:30:36","date_gmt":"2013-10-30T15:30:36","guid":{"rendered":"http:\/\/diariodominicano.ddns.net\/?p=98977"},"modified":"2013-10-30T15:30:36","modified_gmt":"2013-10-30T15:30:36","slug":"asonahores-agradece-politica-del-presidente-danilo-medina","status":"publish","type":"post","link":"https:\/\/diariodominicano.com\/?p=98977","title":{"rendered":"ASONAHORES agradece pol\u00edtica del presidente Danilo Medina"},"content":{"rendered":"<p><body><\/p>\n<p><img decoding=\"async\" src=\"img3\/asonahors 30.jpg\" \/>  <\/p>\n<p>Santo Domingo RD 30 octubre.- El presidente de la Asociaci\u00f3n Nacional de Hoteles y Restaurantes, Luis Emilio Rodr\u00edguez Amiama visit\u00f3 al Presidente Danilo Medina para expresarle su agradecimiento por el impacto de las iniciativas tur\u00edsticas en el primer a\u00f1o de Gobierno.<\/p>\n<\/p>\n<p>En su conversaci\u00f3n de 20 minutos con el primer mandatario, hablaron sobre los avances del turismo en el pa\u00eds. El empresario  aprovech\u00f3 la oportunidad para agradecer la puesta en marcha de esos proyectos.<\/p>\n<\/p>\n<p>Rodr\u00edguez Amiama mencion\u00f3 entre esas iniciativas en beneficio del turismo, la construcci\u00f3n de la carretera Autov\u00eda El Coral y otras obras de infraestructuras viales.<\/p>\n<\/p>\n<p>Para el presidente de ASONAHORES, todo el Este, no solo el sector turismo, se beneficiar\u00e1  con la pr\u00f3xima inauguraci\u00f3n de la continuidad de la autov\u00eda El Coral, sino tambi\u00e9n los sectores industrial, ganadero y comercial, seg\u00fan declar\u00f3<\/p>\n<p>luego de la reuni\u00f3n con el presidente Medina en el Palacio Nacional.<\/p>\n<\/p>\n<p>Explic\u00f3 que la extensi\u00f3n de esa carretera comprende el tramo que va hacia Miches, Nisib\u00f3n, La Romana y las v\u00edas de San Pedro de Macor\u00eds.<\/p>\n<\/p>\n<p>Asimismo, ASONAHORES expres\u00f3 su agradecimiento al jefe de Estado por la modificaci\u00f3n de la ley 158-01, de Incentivo Tur\u00edstico,  la cual fue enviada por el Poder Ejecutivo al Congreso Nacional.<\/p>\n<\/p>\n<p>Resalt\u00f3 <\/p>\n<p>Rodr\u00edguez Amiama, resalt\u00f3 el aporte que ha hecho el Ministerio de Obras P\u00fablicas, al cambiar los retenes en las carreteras por razones de seguridad y servicios viales.<\/p>\n<\/p>\n<p>Destac\u00f3 la importancia de disminuir los riesgos en el \u00e1rea del turismo, y cit\u00f3 el ejemplo de pa\u00edses emisores tradicionales como Espa\u00f1a, Francia e Inglaterra, que hab\u00edan producido bajas en los vol\u00famenes de pasajeros, pero \u00abgracias a las sabias decisiones del Ministerio de Turismo se ha podido variar ese riesgo y mejorar la ocupaci\u00f3n hotelera\u00bb.<\/p>\n<\/p>\n<p>\u00abCreo que es justo reconocer lo que se ha hecho en el primer a\u00f1o de gobierno del Presidente Medina y la labor de todo su equipo\u00bb, asegur\u00f3 Rodr\u00edguez Amiama.<\/p>\n<\/p>\n<p>En el encuentro estuvieron presentes el ministro de Turismo, Francisco Javier Garc\u00eda; los vicepresidentes de ASONAHORES, Arturo Villanueva y Paola Rainieri; el vicepresidente del Consejo Nacional de la Empresa Privada, Rafael Blanco Canto, y el se\u00f1or Manuel Cocco.<\/p>\n<h6> 2013-10-30 15:30:36 <\/h6>\n<p><!--\n<link rel=\"stylesheet\" href=\"css\/bootstrap.min.css\">\n\n\n<ul class=\"pagination\">\n\t    \n\t\n\n<li >\n\t<a href='?page_no=14480'>Previous<\/a>\n\t<\/li>\n\n\n       \n    \n\n<li><a href='?page_no=1'>1<\/a><\/li>\n\n\n\n<li><a href='?page_no=2'>2<\/a><\/li>\n\n\n\n<li><a>...<\/a><\/li>\n\n\n\n<li><a href='?page_no=14479'>14479<\/a><\/li>\n\n\n\n<li><a href='?page_no=14480'>14480<\/a><\/li>\n\n\n\n<li class='active'><a>14481<\/a><\/li>\n\n\n\n<li><a href='?page_no=14482'>14482<\/a><\/li>\n\n\n\n<li><a href='?page_no=14483'>14483<\/a><\/li>\n\n\n\n<li><a>...<\/a><\/li>\n\n\n\n<li><a href='?page_no=30472'>30472<\/a><\/li>\n\n\n\n<li><a href='?page_no=30473'>30473<\/a><\/li>\n\n    \n\t\n\n<li >\n\t<a href='?page_no=14482'>Next<\/a>\n\t<\/li>\n\n\n    \n\n<li><a href='?page_no=30473'>Last &rsaquo;&rsaquo;<\/a><\/li>\n\n<\/ul>\n\n\n--><br \/>\n<\/body><\/p>\n","protected":false},"excerpt":{"rendered":"<p>Santo Domingo RD 30 octubre.- El presidente de la Asociaci\u00f3n Nacional de Hoteles y Restaurantes, Luis Emilio Rodr\u00edguez Amiama visit\u00f3 al Presidente Danilo Medina para expresarle su agradecimiento por el impacto de las iniciativas tur\u00edsticas en el primer a\u00f1o de Gobierno. En su conversaci\u00f3n de 20 minutos con el primer mandatario, hablaron sobre los avances [&hellip;]<\/p>\n","protected":false},"author":3,"featured_media":0,"comment_status":"open","ping_status":"open","sticky":false,"template":"","format":"standard","meta":{"footnotes":""},"categories":[18],"tags":[],"class_list":["post-98977","post","type-post","status-publish","format-standard","hentry","category-economia"],"_links":{"self":[{"href":"https:\/\/diariodominicano.com\/index.php?rest_route=\/wp\/v2\/posts\/98977","targetHints":{"allow":["GET"]}}],"collection":[{"href":"https:\/\/diariodominicano.com\/index.php?rest_route=\/wp\/v2\/posts"}],"about":[{"href":"https:\/\/diariodominicano.com\/index.php?rest_route=\/wp\/v2\/types\/post"}],"author":[{"embeddable":true,"href":"https:\/\/diariodominicano.com\/index.php?rest_route=\/wp\/v2\/users\/3"}],"replies":[{"embeddable":true,"href":"https:\/\/diariodominicano.com\/index.php?rest_route=%2Fwp%2Fv2%2Fcomments&post=98977"}],"version-history":[{"count":0,"href":"https:\/\/diariodominicano.com\/index.php?rest_route=\/wp\/v2\/posts\/98977\/revisions"}],"wp:attachment":[{"href":"https:\/\/diariodominicano.com\/index.php?rest_route=%2Fwp%2Fv2%2Fmedia&parent=98977"}],"wp:term":[{"taxonomy":"category","embeddable":true,"href":"https:\/\/diariodominicano.com\/index.php?rest_route=%2Fwp%2Fv2%2Fcategories&post=98977"},{"taxonomy":"post_tag","embeddable":true,"href":"https:\/\/diariodominicano.com\/index.php?rest_route=%2Fwp%2Fv2%2Ftags&post=98977"}],"curies":[{"name":"wp","href":"https:\/\/api.w.org\/{rel}","templated":true}]}}