{"id":98976,"date":"2013-10-30T18:41:21","date_gmt":"2013-10-30T18:41:21","guid":{"rendered":"http:\/\/diariodominicano.ddns.net\/?p=98976"},"modified":"2013-10-30T18:41:21","modified_gmt":"2013-10-30T18:41:21","slug":"presidente-medina-recibe-a-subsecretario-comercio-estados-unidos-hablan-sobre-energia","status":"publish","type":"post","link":"https:\/\/diariodominicano.com\/?p=98976","title":{"rendered":"Presidente Medina recibe a Subsecretario Comercio Estados Unidos; hablan sobre energ\u00eda"},"content":{"rendered":"<p><body><\/p>\n<p><img decoding=\"async\" src=\"img3\/subsecretario.jpg\" \/>  <\/p>\n<p><span class=\"text1noticias\">Santo Domingo, RD, 30 de octubre.-El presidente Danilo Medina  y gobierno de los Estados Unidos contemplan la posibilidad de transformar el sector el\u00e9ctrico y la importancia para el pa\u00eds del uso del gas natural para el desarrollo sostenible.<\/span><\/p>\n<\/p>\n<p><span class=\"text1noticias\">El mandatario recibi\u00f3 en su despacho del Palacio Nacional a una comisi\u00f3n de  alto nivel del Gobierno de Estados Unidos, encabezada por el Subsecretario de Estado de Comercio, Francisco S\u00e1nchez.<\/span><\/p>\n<\/p>\n<p><span class=\"text1noticias\">Luego, en rueda de prensa realizada en el Sal\u00f3n Orlando Mart\u00ednez, el subsecretario de Estado de Comercio, Francisco S\u00e1nchez explic\u00f3 que se trat\u00f3 de una reuni\u00f3n productiva en la que se convers\u00f3 sobre un proyecto que contempla la producci\u00f3n de energ\u00eda a trav\u00e9s del gas natural, en la zona norte del pa\u00eds y del cual los dominicanos comenzar\u00e1n a beneficiarse a partir del 2015.<\/span><\/p>\n<\/p>\n<p><span class=\"text1noticias\">La iniciativa es desarrollada por la empresa Wellford  Energy\/Summit Power.<\/span><\/p>\n<\/p>\n<p><span class=\"text1noticias\">\u00abSe trata de un proyecto con la empresa americana Summit Power y quer\u00eda decirle al se\u00f1or Presidente, y se lo dije, no solamente que lo apoyamos, sino algo muy importante que tiene que ver con el \u00e9xito de este proyecto, y es que haya acceso al gas natural y que haya acceso para el 2015; y yo pude asegurarle al se\u00f1or Presidente que va a haber acceso al gas natural, empezando en el 2015\u00bb, dijo.<\/span><\/p>\n<\/p>\n<p><span class=\"text1noticias\">Explic\u00f3 que tocaron otros aspectos importantes para llevar a cabo este proyecto al considerar que no hay obst\u00e1culos para llevar a cabo esa iniciativa \u00aby el Gobierno de los Estados Unidos apoya totalmente que se pueda realizar para beneficio de los dominicanos\u00bb.<\/span><\/p>\n<\/p>\n<p><span class=\"text1noticias\">Junto al subsecretario de Estado de de Comercio norteamericano, estuvieron el vicepresidente de la Corpotaci\u00f3n Dominicana de Empresas El\u00e9ctricas Estatales (CDEEE), Rub\u00e9n Bichara; el encargado de Negocios de la Embajada de Estados Unidos en el pa\u00eds, Daniel L. Footey el asistente del Subsecretario, Carleton Sheppard.<\/span><\/p>\n<\/p>\n<p><span class=\"text1noticias\">Tambi\u00e9n la agregada comercial de la Embajada de Estados Unidos en el pa\u00eds Isabella Cascarano, la representante de la Wellford Energy\/Summit Power, Catherine Calhoun y el consejero Denton LLP, Juan Carlos Iturregui.(HG)<\/span>.<\/p>\n<h6> 2013-10-30 18:41:21 <\/h6>\n<p><!--\n<link rel=\"stylesheet\" href=\"css\/bootstrap.min.css\">\n\n\n<ul class=\"pagination\">\n\t    \n\t\n\n<li >\n\t<a href='?page_no=14479'>Previous<\/a>\n\t<\/li>\n\n\n       \n    \n\n<li><a href='?page_no=1'>1<\/a><\/li>\n\n\n\n<li><a href='?page_no=2'>2<\/a><\/li>\n\n\n\n<li><a>...<\/a><\/li>\n\n\n\n<li><a href='?page_no=14478'>14478<\/a><\/li>\n\n\n\n<li><a href='?page_no=14479'>14479<\/a><\/li>\n\n\n\n<li class='active'><a>14480<\/a><\/li>\n\n\n\n<li><a href='?page_no=14481'>14481<\/a><\/li>\n\n\n\n<li><a href='?page_no=14482'>14482<\/a><\/li>\n\n\n\n<li><a>...<\/a><\/li>\n\n\n\n<li><a href='?page_no=30472'>30472<\/a><\/li>\n\n\n\n<li><a href='?page_no=30473'>30473<\/a><\/li>\n\n    \n\t\n\n<li >\n\t<a href='?page_no=14481'>Next<\/a>\n\t<\/li>\n\n\n    \n\n<li><a href='?page_no=30473'>Last &rsaquo;&rsaquo;<\/a><\/li>\n\n<\/ul>\n\n\n--><br \/>\n<\/body><\/p>\n","protected":false},"excerpt":{"rendered":"<p>Santo Domingo, RD, 30 de octubre.-El presidente Danilo Medina y gobierno de los Estados Unidos contemplan la posibilidad de transformar el sector el\u00e9ctrico y la importancia para el pa\u00eds del uso del gas natural para el desarrollo sostenible. El mandatario recibi\u00f3 en su despacho del Palacio Nacional a una comisi\u00f3n de alto nivel del Gobierno [&hellip;]<\/p>\n","protected":false},"author":3,"featured_media":0,"comment_status":"open","ping_status":"open","sticky":false,"template":"","format":"standard","meta":{"footnotes":""},"categories":[18],"tags":[],"class_list":["post-98976","post","type-post","status-publish","format-standard","hentry","category-economia"],"_links":{"self":[{"href":"https:\/\/diariodominicano.com\/index.php?rest_route=\/wp\/v2\/posts\/98976","targetHints":{"allow":["GET"]}}],"collection":[{"href":"https:\/\/diariodominicano.com\/index.php?rest_route=\/wp\/v2\/posts"}],"about":[{"href":"https:\/\/diariodominicano.com\/index.php?rest_route=\/wp\/v2\/types\/post"}],"author":[{"embeddable":true,"href":"https:\/\/diariodominicano.com\/index.php?rest_route=\/wp\/v2\/users\/3"}],"replies":[{"embeddable":true,"href":"https:\/\/diariodominicano.com\/index.php?rest_route=%2Fwp%2Fv2%2Fcomments&post=98976"}],"version-history":[{"count":0,"href":"https:\/\/diariodominicano.com\/index.php?rest_route=\/wp\/v2\/posts\/98976\/revisions"}],"wp:attachment":[{"href":"https:\/\/diariodominicano.com\/index.php?rest_route=%2Fwp%2Fv2%2Fmedia&parent=98976"}],"wp:term":[{"taxonomy":"category","embeddable":true,"href":"https:\/\/diariodominicano.com\/index.php?rest_route=%2Fwp%2Fv2%2Fcategories&post=98976"},{"taxonomy":"post_tag","embeddable":true,"href":"https:\/\/diariodominicano.com\/index.php?rest_route=%2Fwp%2Fv2%2Ftags&post=98976"}],"curies":[{"name":"wp","href":"https:\/\/api.w.org\/{rel}","templated":true}]}}