{"id":98974,"date":"2013-10-30T19:09:34","date_gmt":"2013-10-30T19:09:34","guid":{"rendered":"http:\/\/diariodominicano.ddns.net\/?p=98974"},"modified":"2013-10-30T19:09:34","modified_gmt":"2013-10-30T19:09:34","slug":"mic-realiza-lanzamiento-oficial-de-la-ventanilla-unica-de-formalizacion-para-las-pymes","status":"publish","type":"post","link":"https:\/\/diariodominicano.com\/?p=98974","title":{"rendered":"MIC realiza lanzamiento oficial de la Ventanilla \u00danica de Formalizaci\u00f3n para las PYMES"},"content":{"rendered":"<p><body><\/p>\n<p><img decoding=\"async\" src=\"img3\/Ministro.jpg\" \/>  <\/p>\n<p><span class=\"text1noticias\">Santo Domingo, RD,  30 de octubre.-El Ministerio de Industria y Comercio (MIC), a trav\u00e9s de su Viceministerio de Fomento a las peque\u00f1as y medianas empresas (PYMES) lanz\u00f3 el servicio de Ventanilla \u00danica de Formalizaci\u00f3n en el Auditorio del Museo de Arte Moderno. Esta prestaci\u00f3n tiene como objetivo que la regularizaci\u00f3n de las empresas en el pa\u00eds sea m\u00e1s r\u00e1pida y efectiva en beneficio de los peque\u00f1os y medianos empresarios. <\/span><\/p>\n<\/p>\n<p><span class=\"text1noticias\">La puesta en funcionamiento del servicio cont\u00f3 con el respaldo de varias entidades como la Federaci\u00f3n de C\u00e1maras de Comercio de la Rep\u00fablica Dominicana, la Oficina Nacional de Propiedad Industrial, la Direcci\u00f3n General de Impuestos Internos (DGII) y la C\u00e1mara de Comercio y Producci\u00f3n de Santo Domingo.<\/span><\/p>\n<\/p>\n<p><span class=\"text1noticias\">A la actividad asistieron Jos\u00e9 del Castillo Savi\u00f1\u00f3n, Ministro de Industria y Comercio (MIC), Ignacio M\u00e9ndez, Viceministro de PYMES, representantes de las entidades colaboradoras, as\u00ed como peque\u00f1os y medianos empresarios.<\/span><\/p>\n<\/p>\n<p><span class=\"text1noticias\">Durante la presentaci\u00f3n, Jos\u00e9 del Castillo Savi\u00f1\u00f3n asegur\u00f3 que este servicio est\u00e1 enfocado en aquellas personas que deseen iniciar un negocio o regularizar su situaci\u00f3n empresarial. \u00abNuestro objetivo es promover la creaci\u00f3n y formalizaci\u00f3n de las peque\u00f1as, micros y medianas empresas en Rep\u00fablica Dominicana, tomando en cuenta que este sector representa el 96% de las empresas en el pa\u00eds y aportan un 27% al Producto Interno Bruto (PIB)\u00bb, afirm\u00f3. <\/span><\/p>\n<\/p>\n<p><span class=\"text1noticias\">\u00abAnteriormente, el proceso de formalizaci\u00f3n involucraba siete (7) traslados, tres (3) formularios, cuatro (4) pagos en diferentes dependencias, visita a cuatro (4) unidades administrativas diferentes y como m\u00ednimo, veinte (20) d\u00edas laborables para obtener la respuesta final. Ahora, a trav\u00e9s de www.formalizate.gob.do, el proceso de constituci\u00f3n de empresa se hace en s\u00f3lo siete (7) d\u00edas laborables, un s\u00f3lo traslado a la C\u00e1mara de Comercio\u00bb.<\/span><\/p>\n<\/p>\n<p><span class=\"text1noticias\">De su lado, Ignacio M\u00e9ndez, Viceministro de Fomento de las Pymes destac\u00f3 que \u00abcomo hay un claro v\u00ednculo entre el empleo informal y la pobreza, el gran reto es mejorar la capacidad productiva y de gesti\u00f3n de las empresas informales y mejorar  los rendimientos de las actividades  de las personas y t\u00e9cnicos que est\u00e1n en la informalidad, impulsando los programas que actualmente tenemos dirigidos a ellos, procurando que las ventajas de estar formalizados sean mayores, o m\u00e1s atractivas, que aquellas que les mantienen en la informalidad\u00bb. <\/span><\/p>\n<\/p>\n<p><span class=\"text1noticias\">Asimismo, anunci\u00f3 que \u00aben las pr\u00f3ximas semanas estaremos remitiendo  el primer borrador del \u00abPrograma de Formalizaci\u00f3n de Empresas\u00bb que compartiremos con todas las instituciones involucradas para su enriquecimiento y puesta en operaci\u00f3n lo antes posible\u00bb.<\/span><\/p>\n<\/p>\n<p><span class=\"text1noticias\">Los interesados en acceder al servicio de Ventanilla \u00danica pueden hacerlo a la direcci\u00f3n www.formalizate.gob.do y realizar acciones como certificado de nombre comercial, recibo del impuesto del 1% de pago de impuesto, registro mercantil y registro nacional de contribuyente.<\/span><\/p>\n<\/p>\n<p><span class=\"text1noticias\">El Viceministerio de Fomento a las PYMES es el \u00f3rgano regulador del Ministerio de Industria y Comercio (MIC). Tiene como misi\u00f3n motorizar las micro, peque\u00f1as y medianas empresas, a trav\u00e9s de la Estrategia Integral de Apoyo a las PYMES, as\u00ed como a promover y dinamizar la econom\u00eda dominicana.(HG).<\/span> <\/p>\n<h6> 2013-10-30 19:09:34 <\/h6>\n<p><!--\n<link rel=\"stylesheet\" href=\"css\/bootstrap.min.css\">\n\n\n<ul class=\"pagination\">\n\t    \n\t\n\n<li >\n\t<a href='?page_no=14478'>Previous<\/a>\n\t<\/li>\n\n\n       \n    \n\n<li><a href='?page_no=1'>1<\/a><\/li>\n\n\n\n<li><a href='?page_no=2'>2<\/a><\/li>\n\n\n\n<li><a>...<\/a><\/li>\n\n\n\n<li><a href='?page_no=14477'>14477<\/a><\/li>\n\n\n\n<li><a href='?page_no=14478'>14478<\/a><\/li>\n\n\n\n<li class='active'><a>14479<\/a><\/li>\n\n\n\n<li><a href='?page_no=14480'>14480<\/a><\/li>\n\n\n\n<li><a href='?page_no=14481'>14481<\/a><\/li>\n\n\n\n<li><a>...<\/a><\/li>\n\n\n\n<li><a href='?page_no=30472'>30472<\/a><\/li>\n\n\n\n<li><a href='?page_no=30473'>30473<\/a><\/li>\n\n    \n\t\n\n<li >\n\t<a href='?page_no=14480'>Next<\/a>\n\t<\/li>\n\n\n    \n\n<li><a href='?page_no=30473'>Last &rsaquo;&rsaquo;<\/a><\/li>\n\n<\/ul>\n\n\n--><br \/>\n<\/body><\/p>\n","protected":false},"excerpt":{"rendered":"<p>Santo Domingo, RD, 30 de octubre.-El Ministerio de Industria y Comercio (MIC), a trav\u00e9s de su Viceministerio de Fomento a las peque\u00f1as y medianas empresas (PYMES) lanz\u00f3 el servicio de Ventanilla \u00danica de Formalizaci\u00f3n en el Auditorio del Museo de Arte Moderno. Esta prestaci\u00f3n tiene como objetivo que la regularizaci\u00f3n de las empresas en el [&hellip;]<\/p>\n","protected":false},"author":3,"featured_media":0,"comment_status":"open","ping_status":"open","sticky":false,"template":"","format":"standard","meta":{"footnotes":""},"categories":[18],"tags":[],"class_list":["post-98974","post","type-post","status-publish","format-standard","hentry","category-economia"],"_links":{"self":[{"href":"https:\/\/diariodominicano.com\/index.php?rest_route=\/wp\/v2\/posts\/98974","targetHints":{"allow":["GET"]}}],"collection":[{"href":"https:\/\/diariodominicano.com\/index.php?rest_route=\/wp\/v2\/posts"}],"about":[{"href":"https:\/\/diariodominicano.com\/index.php?rest_route=\/wp\/v2\/types\/post"}],"author":[{"embeddable":true,"href":"https:\/\/diariodominicano.com\/index.php?rest_route=\/wp\/v2\/users\/3"}],"replies":[{"embeddable":true,"href":"https:\/\/diariodominicano.com\/index.php?rest_route=%2Fwp%2Fv2%2Fcomments&post=98974"}],"version-history":[{"count":0,"href":"https:\/\/diariodominicano.com\/index.php?rest_route=\/wp\/v2\/posts\/98974\/revisions"}],"wp:attachment":[{"href":"https:\/\/diariodominicano.com\/index.php?rest_route=%2Fwp%2Fv2%2Fmedia&parent=98974"}],"wp:term":[{"taxonomy":"category","embeddable":true,"href":"https:\/\/diariodominicano.com\/index.php?rest_route=%2Fwp%2Fv2%2Fcategories&post=98974"},{"taxonomy":"post_tag","embeddable":true,"href":"https:\/\/diariodominicano.com\/index.php?rest_route=%2Fwp%2Fv2%2Ftags&post=98974"}],"curies":[{"name":"wp","href":"https:\/\/api.w.org\/{rel}","templated":true}]}}