{"id":98973,"date":"2013-10-30T19:19:57","date_gmt":"2013-10-30T19:19:57","guid":{"rendered":"http:\/\/diariodominicano.ddns.net\/?p=98973"},"modified":"2013-10-30T19:19:57","modified_gmt":"2013-10-30T19:19:57","slug":"condena-asignacion-de-rd1000-00-millones-al-ministerio-de-economia-planificacion-y-desarrollo","status":"publish","type":"post","link":"https:\/\/diariodominicano.com\/?p=98973","title":{"rendered":"Condena asignaci\u00f3n de RD$1,000.00  millones al Ministerio de Econom\u00eda, Planificaci\u00f3n y Desarrollo"},"content":{"rendered":"<p><body><\/p>\n<p><img decoding=\"async\" src=\"http:\/\/localhost:8080\/economia\/img3\/MARINO.jpg\" \/>  <\/p>\n<p><span class=\"text1noticias\">Santo Domingo, RD, 30 de Octubre.-El  Comit\u00e9 Francisco del Rosario S\u00e1nchez, entidad perteneciente a la sociedad  civil, protest\u00f3 este mi\u00e9rcoles porque al  Ministerio de Econom\u00eda, Planificaci\u00f3n y Desarrollo, que dirige el precandidato presidencial del Partido de la Liberaci\u00f3n Dominicana (PLD), ingeniero Tem\u00edstocles Mont\u00e1s, se le asignaran RD$1,000.00 millones  en el presupuesto del pr\u00f3ximo a\u00f1o 2014.<\/span><\/p>\n<\/p>\n<p><span class=\"text1noticias\">El licenciado  Marino Elsevyf Pineda, presidente de la entidad, manifest\u00f3 que la asignaci\u00f3n de la referida suma de dinero es un \u00abcontrasentido\u00bb, en raz\u00f3n de que el presupuesto de la Naci\u00f3n, es un instrumento de desarrollo,  ya que a ese Ministerio, no le compete construir obras, sino que la funci\u00f3n esencial es planificar, evaluar y actuar conforme a las normas prudenciales en la ejecuci\u00f3n presupuestaria del Estado y la econom\u00eda dominicana.<\/span><\/p>\n<\/p>\n<p><span class=\"text1noticias\">A trav\u00e9s de un documento de prensa, entiende que esa suma le corresponder\u00eda a los distintos Distritos Municipales del pa\u00eds, y abog\u00f3 porque esos recursos, les sean asignados al Poder Judicial, al Ministerio de Salud P\u00fablica, al Ministerio de la Mujer y a los Comedores Econ\u00f3micos del Estado, ya que \u00abcomer es primero\u00bb.<\/span><\/p>\n<p><span class=\"text1noticias\">Elsevyf Pineda indic\u00f3 que se hace \u00aburgente\u00bb que el presidente Danilo Medina, act\u00fae en consecuencia, tal y como espera toda la sociedad dominicana,  pues cree que poner esos millones en manos de un precandidato presidencial \u00absin funciones de constructor\u00bb, es preocupante.<\/span><\/p>\n<\/p>\n<p><span class=\"text1noticias\">En ese sentido, dijo \u00abque no es posible, que desde el Ministerio de Econom\u00eda, Planificaci\u00f3n y Desarrollo, se vayan a construir  escuelas, casas, se vayan a echar pisos de cemento en casa de personas pobres y se vayan a electrificar a comunidades rurales, donde no haya energ\u00eda el\u00e9ctrica\u00bb, como si extrapolaran las funciones de otros estamentos del Estado en manos de Mont\u00e1s, quien tiene el estigma de ser el responsable de la mala planificaci\u00f3n el\u00e9ctrica en los \u00faltimos 15 a\u00f1os y el responsable de la luz m\u00e1s cara del planeta Tierra, por sus contratos con los generadores el\u00e9ctricos\u00bb, explic\u00f3.<\/span><\/p>\n<\/p>\n<p><span class=\"text1noticias\">Elsevyf Pineda se\u00f1al\u00f3 que la reciente denuncia hecha por el licenciado Pedro Richardson,  director ejecutivo de la Federaci\u00f3n de Distritos Municipales, en el sentido de que en el pr\u00f3ximo Presupuesto,  el   indicado organismo figura con una asignaci\u00f3n de mil millones de pesos, para  supuestamente, construir peque\u00f1as obras en todos los Distritos Municipales del pa\u00eds, es \u00abalarmante\u00bb y altamente cuestionado.<\/span><\/p>\n<\/p>\n<p><span class=\"text1noticias\">El  presidente del  Comit\u00e9 Francisco del Rosario S\u00e1nchez, agreg\u00f3 que ese no es el papel, ni la funci\u00f3n  de   Tem\u00edstocles Mont\u00e1s, am\u00e9n de que no est\u00e1 dentro de la Ley de   organizaci\u00f3n interna, por lo tanto, \u00abnosotros como entidad perteneciente a la sociedad civil, protestamos en\u00e9rgicamente, porque no estamos de acuerdo con la mencionada asignaci\u00f3n presupuestaria\u00bb, enfatiz\u00f3.<\/span><\/p>\n<\/p>\n<p><span class=\"text1noticias\">Precis\u00f3 que esto contrasta con lo que sali\u00f3 publicado recientemente en la prensa  nacional, donde el Ayuntamiento del Distrito Nacional, le  est\u00e1 solicitando al Banco de Reservas, la suma de 85 millones de pesos, para poder dar la Regal\u00eda Pascuala sus empleados, en el pr\u00f3ximo mes de diciembre y las penurias de los hospitales, as\u00ed como lo urgente de la comida para los m\u00e1s necesitados.<\/span><\/p>\n<\/p>\n<p><span class=\"text1noticias\">Contempla llevar  el caso al Tribunal Constitucional<\/span><\/p>\n<\/p>\n<p><span class=\"text1noticias\">Elsevyf Pineda manifest\u00f3 que contempla llevar ese caso al Tribunal Constitucional, por el hecho de que la asignaci\u00f3n de RD$1,000.00 millones  a un candidato presidencial va en contra de la garant\u00eda de los ciudadanos, y porque  eso  \u00abno concuerda\u00bb con su  funci\u00f3n como Ministerio  de Econom\u00eda, Planificaci\u00f3n y Desarrollo.<\/span><\/p>\n<\/p>\n<p><span class=\"text1noticias\">Asimismo, agreg\u00f3 que con  ello se viola el art\u00edculo 69 de la Constituci\u00f3n, de la Tutela Judicial Efectiva y el Debido Proceso de Ley, en el Presupuesto General de la Naci\u00f3n.<\/span><\/p>\n<\/p>\n<p><span class=\"text1noticias\">El destacado jurista solicit\u00f3 al presidente de la Rep\u00fablica, licenciado Danilo Medina, actuar en consecuencia,  ya que gran parte de la sociedad dominicana, est\u00e1 cuestionando la asignaci\u00f3n de esos recursos al susodicho ministerio.(HG)<\/span>.<\/p>\n<h6> 2013-10-30 19:19:57 <\/h6>\n<p><!--\n<link rel=\"stylesheet\" href=\"css\/bootstrap.min.css\">\n\n\n<ul class=\"pagination\">\n\t    \n\t\n\n<li >\n\t<a href='?page_no=14477'>Previous<\/a>\n\t<\/li>\n\n\n       \n    \n\n<li><a href='?page_no=1'>1<\/a><\/li>\n\n\n\n<li><a href='?page_no=2'>2<\/a><\/li>\n\n\n\n<li><a>...<\/a><\/li>\n\n\n\n<li><a href='?page_no=14476'>14476<\/a><\/li>\n\n\n\n<li><a href='?page_no=14477'>14477<\/a><\/li>\n\n\n\n<li class='active'><a>14478<\/a><\/li>\n\n\n\n<li><a href='?page_no=14479'>14479<\/a><\/li>\n\n\n\n<li><a href='?page_no=14480'>14480<\/a><\/li>\n\n\n\n<li><a>...<\/a><\/li>\n\n\n\n<li><a href='?page_no=30472'>30472<\/a><\/li>\n\n\n\n<li><a href='?page_no=30473'>30473<\/a><\/li>\n\n    \n\t\n\n<li >\n\t<a href='?page_no=14479'>Next<\/a>\n\t<\/li>\n\n\n    \n\n<li><a href='?page_no=30473'>Last &rsaquo;&rsaquo;<\/a><\/li>\n\n<\/ul>\n\n\n--><br \/>\n<\/body><\/p>\n","protected":false},"excerpt":{"rendered":"<p>Santo Domingo, RD, 30 de Octubre.-El Comit\u00e9 Francisco del Rosario S\u00e1nchez, entidad perteneciente a la sociedad civil, protest\u00f3 este mi\u00e9rcoles porque al Ministerio de Econom\u00eda, Planificaci\u00f3n y Desarrollo, que dirige el precandidato presidencial del Partido de la Liberaci\u00f3n Dominicana (PLD), ingeniero Tem\u00edstocles Mont\u00e1s, se le asignaran RD$1,000.00 millones en el presupuesto del pr\u00f3ximo a\u00f1o 2014. [&hellip;]<\/p>\n","protected":false},"author":3,"featured_media":0,"comment_status":"open","ping_status":"open","sticky":false,"template":"","format":"standard","meta":{"footnotes":""},"categories":[18],"tags":[],"class_list":["post-98973","post","type-post","status-publish","format-standard","hentry","category-economia"],"_links":{"self":[{"href":"https:\/\/diariodominicano.com\/index.php?rest_route=\/wp\/v2\/posts\/98973","targetHints":{"allow":["GET"]}}],"collection":[{"href":"https:\/\/diariodominicano.com\/index.php?rest_route=\/wp\/v2\/posts"}],"about":[{"href":"https:\/\/diariodominicano.com\/index.php?rest_route=\/wp\/v2\/types\/post"}],"author":[{"embeddable":true,"href":"https:\/\/diariodominicano.com\/index.php?rest_route=\/wp\/v2\/users\/3"}],"replies":[{"embeddable":true,"href":"https:\/\/diariodominicano.com\/index.php?rest_route=%2Fwp%2Fv2%2Fcomments&post=98973"}],"version-history":[{"count":0,"href":"https:\/\/diariodominicano.com\/index.php?rest_route=\/wp\/v2\/posts\/98973\/revisions"}],"wp:attachment":[{"href":"https:\/\/diariodominicano.com\/index.php?rest_route=%2Fwp%2Fv2%2Fmedia&parent=98973"}],"wp:term":[{"taxonomy":"category","embeddable":true,"href":"https:\/\/diariodominicano.com\/index.php?rest_route=%2Fwp%2Fv2%2Fcategories&post=98973"},{"taxonomy":"post_tag","embeddable":true,"href":"https:\/\/diariodominicano.com\/index.php?rest_route=%2Fwp%2Fv2%2Ftags&post=98973"}],"curies":[{"name":"wp","href":"https:\/\/api.w.org\/{rel}","templated":true}]}}