{"id":98971,"date":"2013-10-30T19:59:38","date_gmt":"2013-10-30T19:59:38","guid":{"rendered":"http:\/\/diariodominicano.ddns.net\/?p=98971"},"modified":"2013-10-30T19:59:38","modified_gmt":"2013-10-30T19:59:38","slug":"ministro-de-agricultura-propone-pacto-publico-privado-para-aprovechar-las-oportunidades-del-dr-cafta","status":"publish","type":"post","link":"https:\/\/diariodominicano.com\/?p=98971","title":{"rendered":"&#13;Ministro de Agricultura propone pacto p\u00fablico-privado para aprovechar las oportunidades del DR-Cafta"},"content":{"rendered":"<p><body><\/p>\n<p><img decoding=\"async\" src=\"img3\/agricultura.jpg\" \/>  <\/p>\n<p><span class=\"text1noticias\">Santo Domingo, RD, 30 de Octubre.-El ministro de Agricultura, Luis Ram\u00f3n Rodr\u00edguez consider\u00f3 que el sector productivo privado debe convertirse en un aliado estrat\u00e9gico del Estado, a fin de aprovechar al m\u00e1ximo las oportunidades que brindan al pa\u00eds el tratado de libre comercio DR-Cafta.<\/span><\/p>\n<\/p>\n<p><span class=\"text1noticias\">En ese sentido, Rodr\u00edguez propuso la creaci\u00f3n de un gran pacto p\u00fablico-privado para dise\u00f1ar las pol\u00edticas y programas necesarios para emprender, en el menor tiempo posible, el camino hacia la diversificaci\u00f3n productiva del sector agropecuario, como \u00fanica ruta de alcanzar la competitividad y el bienestar de los pobres rurales  del pa\u00eds.<\/span><\/p>\n<\/p>\n<p><span class=\"text1noticias\">El funcionario hizo la propuesta al dictar una conferencia magistral en la C\u00e1mara Americana de Comercio (Amcham), sobre el DR-Cafta como plataforma para el desarrollo del sector agropecuario de la Rep\u00fablica Dominicana.<\/span><\/p>\n<\/p>\n<p><span class=\"text1noticias\">En la actividad, el Ministro de Agricultura estuvo acompa\u00f1ado por los viceministros  Luis Yang\u00fcela, de Producci\u00f3n; Agnes Cishek, de Planificaci\u00f3n; Ismael Cruz, de Desarrollo Rural, y Luis Guti\u00e9rrez, Administrativo, as\u00ed como tambi\u00e9n el asesor agr\u00edcola del Poder Ejecutivo, Carlos Segura Foster, entre otros funcionarios.<\/span><\/p>\n<\/p>\n<p><span class=\"text1noticias\">En el almuerzo de octubre de la c\u00e1mara, participaron el ministro de Industria y Comercio, Jos\u00e9 del Castillo Savi\u00f1\u00f3n; el presidente de la instituci\u00f3n, M\u00e1ximo Vidal; el empresario Julio Brache y el agregado agr\u00edcola de Estados Unidos, Morgan Perk\u00edns entre otros hombres de empresas y l\u00edderes del sector agropecuario. <\/span><\/p>\n<\/p>\n<p><span class=\"text1noticias\">Rodr\u00edguez consider\u00f3 que la mayor\u00eda de las organizaciones de productores del pa\u00eds tendr\u00e1 que someterse a un profundo proceso de fortalecimiento para que puedan participar de manera activa en las negociaciones que deber\u00e1n producirse para materializar los cambios en el sector.<\/span><\/p>\n<\/p>\n<p><span class=\"text1noticias\">Dijo que corresponde al Estado  promover la diversificaci\u00f3n productiva y el financiamiento; invertir en infraestructura; mejorar la competitividad; fortalecer los sistemas sanitarios y epidemiol\u00f3gicos; los sistemas de informaci\u00f3n y articulaci\u00f3n de los mercados, y mejorar la log\u00edstica de exportaci\u00f3n.<\/span><\/p>\n<\/p>\n<p><span class=\"text1noticias\">Rodr\u00edguez hizo un recuento hist\u00f3rico de las causas estructurales que por mucho tiempo mantuvieron constre\u00f1ido el desarrollo del sector agropecuario dominicano, y cit\u00f3 las importantes reformas que se iniciaron a partir de la d\u00e9cada los a\u00f1os 90, orientadas a elevar la competitividad de la econom\u00eda y a lograr una mayor participaci\u00f3n en los mercados internacionales, incluyendo las negociaciones con Estados Unidos y Centroam\u00e9rica sobre el acuerdo de libre comercio conocido como DR-Cafta.<\/span><\/p>\n<\/p>\n<p><span class=\"text1noticias\">Adem\u00e1s de la estimulaci\u00f3n, expansi\u00f3n y diversificaci\u00f3n del comercio que el pa\u00eds logr\u00f3 a partir de la entrada en vigencia del DR-Cafta, en el 2007, Rodr\u00edguez dijo que este acuerdo provee acceso a nuevos  mercados  de Estados Unidos, principal socio comercial de Rep\u00fablica Dominicana.<\/span><\/p>\n<\/p>\n<p><span class=\"text1noticias\">Otras ventajas para el pa\u00eds derivadas del DR-Cafta citadas por el funcionario incluyen la facilitaci\u00f3n aduanera; protecci\u00f3n de patentes, marcas y secretos comerciales; liberalizaci\u00f3n de servicios, e introducci\u00f3n de transparencia  en la direcci\u00f3n del gobierno y la corrupci\u00f3n.<\/span><\/p>\n<\/p>\n<p><span class=\"text1noticias\">Adem\u00e1s, crea el tercer mercado m\u00e1s grande de exportaci\u00f3n para Estados Unidos en Latinoam\u00e9rica y el quinceavo en el mundo, lo que representa para el pa\u00eds acceso libre de aranceles del 97 por ciento de todas las l\u00edneas arancelarias a un mercado de m\u00e1s de 300 millones de personas.<\/span><\/p>\n<\/p>\n<p><span class=\"text1noticias\">\u00abPara el sector agropecuario dominicano el DR-Cafta representa la reducci\u00f3n a cero de los aranceles a todas las materias primas; una reducci\u00f3n de los precios de insumos, equipos y maquinarias, as\u00ed como la inclusi\u00f3n de contingentes arancelarios y el establecimiento de Salvaguardias Agr\u00edcolas Especiales para algunos productos sensibles\u00bb, asegur\u00f3 Rodr\u00edguez.<\/span><\/p>\n<\/p>\n<p><span class=\"text1noticias\">Alianza estrat\u00e9gica<\/span><\/p>\n<\/p>\n<p><span class=\"text1noticias\">Sobre su propuesta a los sectores productivos privados para formalizar un gran pacto p\u00fablico-privado, Rodr\u00edguez plante\u00f3 la necesidad de aprovechar las oportunidades del DR-Cafta mediante el uso de innovaciones tecnol\u00f3gicas; atenci\u00f3n al entorno nacional e internacional, y el uso de esfuerzos conjuntos para desarrollar las estrategias m\u00e1s efectivas en las cadenas productivas y su articulaci\u00f3n con los mercados.<\/span><\/p>\n<\/p>\n<p><span class=\"text1noticias\">En ese sentido, dijo que el gobierno del presidente Danilo Medina  ejecuta un programa de financiamiento donde participan el Banco Agr\u00edcola, el FEDA y el Banco Nacional de la Vivienda y Fomento.<\/span><\/p>\n<\/p>\n<p><span class=\"text1noticias\">Cit\u00f3, adem\u00e1s, el fomento a la agroplasticultura o producci\u00f3n bajo ambiente controlado; la promoci\u00f3n de las buenas pr\u00e1cticas agr\u00edcolas y de manufactura, y de la nueva Ley de Modernizaci\u00f3n de Inocuidad de los Alimentos (FSMA) de los Estados Unidos.<\/span><\/p>\n<\/p>\n<p><span class=\"text1noticias\">Tambi\u00e9n, la ejecuci\u00f3n del Programa Piloto sobre Vigilancia y Monitoreo de Residuos de Plaguicidas; Manejo Integrado de la Mosca de la Fruta Caribe\u00f1a, as\u00ed como control y erradicaci\u00f3n de las principales enfermedades de notificaci\u00f3n obligatoria, entre otros.<\/span><\/p>\n<\/p>\n<p><span class=\"text1noticias\">Aclar\u00f3 que los sectores deben acudir al pacto dejando atr\u00e1s las antiguas quejas; vislumbrando las oportunidades del DR-Cafta, y emprendiendo las acciones necesarias para potencializar las capacidades del pa\u00eds, que lo han llevado a ser la econom\u00eda de mayor crecimiento de Am\u00e9rica Latina en los \u00faltimos 20 a\u00f1os; la s\u00e9tima de la regi\u00f3n y la segunda de Centro Am\u00e9rica y el Caribe.(HG)<\/span>.<\/p>\n<h6> 2013-10-30 19:59:38 <\/h6>\n<p><!--\n<link rel=\"stylesheet\" href=\"css\/bootstrap.min.css\">\n\n\n<ul class=\"pagination\">\n\t    \n\t\n\n<li >\n\t<a href='?page_no=14475'>Previous<\/a>\n\t<\/li>\n\n\n       \n    \n\n<li><a href='?page_no=1'>1<\/a><\/li>\n\n\n\n<li><a href='?page_no=2'>2<\/a><\/li>\n\n\n\n<li><a>...<\/a><\/li>\n\n\n\n<li><a href='?page_no=14474'>14474<\/a><\/li>\n\n\n\n<li><a href='?page_no=14475'>14475<\/a><\/li>\n\n\n\n<li class='active'><a>14476<\/a><\/li>\n\n\n\n<li><a href='?page_no=14477'>14477<\/a><\/li>\n\n\n\n<li><a href='?page_no=14478'>14478<\/a><\/li>\n\n\n\n<li><a>...<\/a><\/li>\n\n\n\n<li><a href='?page_no=30472'>30472<\/a><\/li>\n\n\n\n<li><a href='?page_no=30473'>30473<\/a><\/li>\n\n    \n\t\n\n<li >\n\t<a href='?page_no=14477'>Next<\/a>\n\t<\/li>\n\n\n    \n\n<li><a href='?page_no=30473'>Last &rsaquo;&rsaquo;<\/a><\/li>\n\n<\/ul>\n\n\n--><br \/>\n<\/body><\/p>\n","protected":false},"excerpt":{"rendered":"<p>Santo Domingo, RD, 30 de Octubre.-El ministro de Agricultura, Luis Ram\u00f3n Rodr\u00edguez consider\u00f3 que el sector productivo privado debe convertirse en un aliado estrat\u00e9gico del Estado, a fin de aprovechar al m\u00e1ximo las oportunidades que brindan al pa\u00eds el tratado de libre comercio DR-Cafta. En ese sentido, Rodr\u00edguez propuso la creaci\u00f3n de un gran pacto [&hellip;]<\/p>\n","protected":false},"author":3,"featured_media":0,"comment_status":"open","ping_status":"open","sticky":false,"template":"","format":"standard","meta":{"footnotes":""},"categories":[18],"tags":[],"class_list":["post-98971","post","type-post","status-publish","format-standard","hentry","category-economia"],"_links":{"self":[{"href":"https:\/\/diariodominicano.com\/index.php?rest_route=\/wp\/v2\/posts\/98971","targetHints":{"allow":["GET"]}}],"collection":[{"href":"https:\/\/diariodominicano.com\/index.php?rest_route=\/wp\/v2\/posts"}],"about":[{"href":"https:\/\/diariodominicano.com\/index.php?rest_route=\/wp\/v2\/types\/post"}],"author":[{"embeddable":true,"href":"https:\/\/diariodominicano.com\/index.php?rest_route=\/wp\/v2\/users\/3"}],"replies":[{"embeddable":true,"href":"https:\/\/diariodominicano.com\/index.php?rest_route=%2Fwp%2Fv2%2Fcomments&post=98971"}],"version-history":[{"count":0,"href":"https:\/\/diariodominicano.com\/index.php?rest_route=\/wp\/v2\/posts\/98971\/revisions"}],"wp:attachment":[{"href":"https:\/\/diariodominicano.com\/index.php?rest_route=%2Fwp%2Fv2%2Fmedia&parent=98971"}],"wp:term":[{"taxonomy":"category","embeddable":true,"href":"https:\/\/diariodominicano.com\/index.php?rest_route=%2Fwp%2Fv2%2Fcategories&post=98971"},{"taxonomy":"post_tag","embeddable":true,"href":"https:\/\/diariodominicano.com\/index.php?rest_route=%2Fwp%2Fv2%2Ftags&post=98971"}],"curies":[{"name":"wp","href":"https:\/\/api.w.org\/{rel}","templated":true}]}}