{"id":98968,"date":"2013-10-30T21:43:12","date_gmt":"2013-10-30T21:43:12","guid":{"rendered":"http:\/\/diariodominicano.ddns.net\/?p=98968"},"modified":"2013-10-30T21:43:12","modified_gmt":"2013-10-30T21:43:12","slug":"copardom-apuesta-por-reducir-los-riesgos-laborales-en-empresas","status":"publish","type":"post","link":"https:\/\/diariodominicano.com\/?p=98968","title":{"rendered":"COPARDOM apuesta por reducir los riesgos laborales en empresas"},"content":{"rendered":"<p><body><\/p>\n<p><img decoding=\"async\" src=\"img3\/Copardom.jpg\" \/>  <\/p>\n<p><span class=\"text1noticias\">Santo Domingo, RD, 30 de Octubre.-Expertos de Estados Unidos, Colombia, Costa Rica, Panam\u00e1 y Rep\u00fablica Dominicana expusieron, durante un congreso de dos d\u00edas, las m\u00e1s avanzadas estrategias de mitigaci\u00f3n de riesgos laborales, como parte del aumento de competitividad de las empresas en un ambiente sano para los trabajadores.<\/span><\/p>\n<\/p>\n<p><span class=\"text1noticias\">La Confederaci\u00f3n Patronal de la Rep\u00fablica Dominicana (COPARDOM), realiz\u00f3 en el Sal\u00f3n Anacaona del hotel Jaragua su XI Congreso sobre Gesti\u00f3n de Riesgos Laborales en las Empresas del Siglo 21, una actividad basada en el prop\u00f3sito de promover la salud ocupacional y, paralelamente, incentivar la eficiencia y la productividad en el sector privado dominicano.<\/span><\/p>\n<\/p>\n<p><span class=\"text1noticias\">El congreso cont\u00f3 con la participaci\u00f3n de la Ministra de Trabajo, doctora Maritza Hern\u00e1ndez y el presidente de COPARDOM, Jaime Gonz\u00e1lez. <\/span><\/p>\n<\/p>\n<p><span class=\"text1noticias\">Con esta actividad, celebrada durante por 11 a\u00f1os, COPARDOM busca hacer aportes continuos para preservar, conservar y mejorar la salud de los trabajadores, el nivel de bienestar f\u00edsico, mental y social, pues de esa manera sube el nivel de productividad, dijo el presidente de la entidad.(HG)<\/span>.<\/p>\n<h6> 2013-10-30 21:43:12 <\/h6>\n<p><!--\n<link rel=\"stylesheet\" href=\"css\/bootstrap.min.css\">\n\n\n<ul class=\"pagination\">\n\t    \n\t\n\n<li >\n\t<a href='?page_no=14472'>Previous<\/a>\n\t<\/li>\n\n\n       \n    \n\n<li><a href='?page_no=1'>1<\/a><\/li>\n\n\n\n<li><a href='?page_no=2'>2<\/a><\/li>\n\n\n\n<li><a>...<\/a><\/li>\n\n\n\n<li><a href='?page_no=14471'>14471<\/a><\/li>\n\n\n\n<li><a href='?page_no=14472'>14472<\/a><\/li>\n\n\n\n<li class='active'><a>14473<\/a><\/li>\n\n\n\n<li><a href='?page_no=14474'>14474<\/a><\/li>\n\n\n\n<li><a href='?page_no=14475'>14475<\/a><\/li>\n\n\n\n<li><a>...<\/a><\/li>\n\n\n\n<li><a href='?page_no=30472'>30472<\/a><\/li>\n\n\n\n<li><a href='?page_no=30473'>30473<\/a><\/li>\n\n    \n\t\n\n<li >\n\t<a href='?page_no=14474'>Next<\/a>\n\t<\/li>\n\n\n    \n\n<li><a href='?page_no=30473'>Last &rsaquo;&rsaquo;<\/a><\/li>\n\n<\/ul>\n\n\n--><br \/>\n<\/body><\/p>\n","protected":false},"excerpt":{"rendered":"<p>Santo Domingo, RD, 30 de Octubre.-Expertos de Estados Unidos, Colombia, Costa Rica, Panam\u00e1 y Rep\u00fablica Dominicana expusieron, durante un congreso de dos d\u00edas, las m\u00e1s avanzadas estrategias de mitigaci\u00f3n de riesgos laborales, como parte del aumento de competitividad de las empresas en un ambiente sano para los trabajadores. La Confederaci\u00f3n Patronal de la Rep\u00fablica Dominicana [&hellip;]<\/p>\n","protected":false},"author":3,"featured_media":0,"comment_status":"open","ping_status":"open","sticky":false,"template":"","format":"standard","meta":{"footnotes":""},"categories":[18],"tags":[],"class_list":["post-98968","post","type-post","status-publish","format-standard","hentry","category-economia"],"_links":{"self":[{"href":"https:\/\/diariodominicano.com\/index.php?rest_route=\/wp\/v2\/posts\/98968","targetHints":{"allow":["GET"]}}],"collection":[{"href":"https:\/\/diariodominicano.com\/index.php?rest_route=\/wp\/v2\/posts"}],"about":[{"href":"https:\/\/diariodominicano.com\/index.php?rest_route=\/wp\/v2\/types\/post"}],"author":[{"embeddable":true,"href":"https:\/\/diariodominicano.com\/index.php?rest_route=\/wp\/v2\/users\/3"}],"replies":[{"embeddable":true,"href":"https:\/\/diariodominicano.com\/index.php?rest_route=%2Fwp%2Fv2%2Fcomments&post=98968"}],"version-history":[{"count":0,"href":"https:\/\/diariodominicano.com\/index.php?rest_route=\/wp\/v2\/posts\/98968\/revisions"}],"wp:attachment":[{"href":"https:\/\/diariodominicano.com\/index.php?rest_route=%2Fwp%2Fv2%2Fmedia&parent=98968"}],"wp:term":[{"taxonomy":"category","embeddable":true,"href":"https:\/\/diariodominicano.com\/index.php?rest_route=%2Fwp%2Fv2%2Fcategories&post=98968"},{"taxonomy":"post_tag","embeddable":true,"href":"https:\/\/diariodominicano.com\/index.php?rest_route=%2Fwp%2Fv2%2Ftags&post=98968"}],"curies":[{"name":"wp","href":"https:\/\/api.w.org\/{rel}","templated":true}]}}