{"id":98967,"date":"2013-10-30T23:03:34","date_gmt":"2013-10-30T23:03:34","guid":{"rendered":"http:\/\/diariodominicano.ddns.net\/?p=98967"},"modified":"2013-10-30T23:03:34","modified_gmt":"2013-10-30T23:03:34","slug":"precios-de-electricidad-dominicana-es-similar-a-los-de-la-region-segun-experto","status":"publish","type":"post","link":"https:\/\/diariodominicano.com\/?p=98967","title":{"rendered":"Precios de electricidad dominicana es similar a los de la regi\u00f3n, seg\u00fan experto"},"content":{"rendered":"<p><body><\/p>\n<p><img decoding=\"async\" src=\"http:\/\/localhost:8080\/economia\/img3\/adie.jpg\" \/>  <\/p>\n<p><span class=\"text1noticias\">Santo Domingo, RD, 30 de Octubre.-El coordinador de electricidad de la Organizaci\u00f3n Latinoamericana de Energ\u00eda (OLADE) afirm\u00f3 que el precio de la energ\u00eda para los consumidores residenciales de la Rep\u00fablica Dominicana es similar a los de la regi\u00f3n, incluso es m\u00e1s bajo que en pa\u00edses como Puerto Rico, Uruguay, Nicaragua, El Salvador y Brasil.<\/span><\/p>\n<\/p>\n<p><span class=\"text1noticias\">Gabriel Salazar resalt\u00f3 que el pa\u00eds tiene retos que profundizan los problemas del sector el\u00e9ctrico como el robo de la energ\u00eda y la energ\u00eda facturada pero no cobrada, que llevan a perdidas en conjunto de 40%. Dijo que esto conduce a un d\u00e9ficit en el sector y que amerita cambios estructurales en el mismo que se reflejen  en la tarifa el\u00e9ctrica.<\/span><\/p>\n<\/p>\n<p><span class=\"text1noticias\">Salazar ofreci\u00f3 estos detalles durante su exposici\u00f3n \u00abTarifas el\u00e9ctricas en Am\u00e9rica Latina y el Caribe: an\u00e1lisis conceptual y comparativo\u00bb, en el IV Foro ADIE.<\/span><\/p>\n<\/p>\n<p><span class=\"text1noticias\">Durante el evento, el presidente de la Asociaci\u00f3n Dominicana de la Industria El\u00e9ctrica (ADIE), Otto Gonz\u00e1lez neg\u00f3 que las ganancias de los generadores sean altas, ya que sus porcentajes de ganancias son de un 10% y en algunas empresas es menos.<\/span><\/p>\n<p><span class=\"text1noticias\">\u00abEl alegato de que las ganancias de los generadores son exageradas es simplemente una distorsi\u00f3n de la verdad, que se ha divulgado y repetido por a\u00f1os con prop\u00f3sitos particulares desviados del bien com\u00fan\u00bb, expuso durante su discurso inaugural del IV Foro ADIE.<\/span><\/p>\n<\/p>\n<p><span class=\"text1noticias\">Dijo que \u00abes hora de una mayor seriedad en el discurso\u00bb, asimismo afirm\u00f3 que en primer lugar los costos actuales de generaci\u00f3n en Rep\u00fablica Dominicana corresponden a las tecnolog\u00edas y combustibles usados, as\u00ed como a costos de capital y financiamiento aplicables a la regi\u00f3n.<\/span><\/p>\n<\/p>\n<p><span class=\"text1noticias\">Gonz\u00e1lez destac\u00f3 que los generadores electicos apoyan la construcci\u00f3n de plantas a carb\u00f3n de parte del Gobierno dominicano que aportar\u00edan 600 megavatios.<\/span><\/p>\n<\/p>\n<p><span class=\"text1noticias\">Destac\u00f3 que los rumores de que grupos interesados buscan entorpecer el proceso de licitaci\u00f3n de estas planta, no viene de los generadores el\u00e9ctricos, ya que apoyan al Estado con esta decisi\u00f3n.<\/span><\/p>\n<\/p>\n<p><span class=\"text1noticias\">Resalt\u00f3 que con estas plantas se abaratar\u00e1n los costos de generaci\u00f3n, lo cual esta contemplado en la ley de Electricidad y que tambi\u00e9n la Corporaci\u00f3n Dominicana de Empresas El\u00e9ctricas Estatales (CDEEE)  ha estado conversando con diferentes empresas generadoras la posibilidad de que estas aumenten su inversi\u00f3n en otros proyectos.<\/span><\/p>\n<\/p>\n<p><span class=\"text1noticias\">El IV Foro ADIE cont\u00f3 adem\u00e1s con los expositores internacionales V\u00edctor Hugo Ventura, jefe de la Unidad de Energ\u00eda de la Comisi\u00f3n Econ\u00f3mica para Am\u00e9rica Latina y el Caribe (CEPAL),  Sonia Miranda Vega, directora de Planificaci\u00f3n de Autoridad de Energ\u00eda El\u00e9ctrica (AEE) de  Puerto Rico y Sebasti\u00e1n Mocarquer, director de Systep de Chile, empresa consultora altamente especializada en mercados de energ\u00eda.<\/span><\/p>\n<\/p>\n<p><span class=\"text1noticias\">Tambi\u00e9n participaci\u00f3n de los principales ejecutivos y directivos del sector p\u00fablico y privado de electricidad nacional, entre estos Jos\u00e9 Ram\u00f3n Acosta, director de regulaci\u00f3n de la Superintendencia de Electricidad (SIE),  Roberto Herrera, gerente general de CESPM, Armando Rodr\u00edguez, gerente general Seaboard, Marco de la Rosa, presidente de AES Dominicana, entre otros.<\/span><\/p>\n<\/p>\n<p><span class=\"text1noticias\">Cont\u00f3 con la asistencia de los principales dirigentes del sector a nivel p\u00fablico, como vicepresidente ejecutivo de la Corporaci\u00f3n Dominicana de Empresas El\u00e9ctricas Estatales (CDEEE), Rub\u00e9n Jim\u00e9nez Bichara; El administrador de la Empresa de Transmisi\u00f3n El\u00e9ctrica Dominicana, (ETED), ingeniero Juli\u00e1n Santana, ; \u00c1ngel Cano del consejo de la Superintendencia de Electricidad; Enrique Ram\u00edrez, presidente de la Comisi\u00f3n Nacional de Energ\u00eda (CNE).(HG)<\/span>. <\/p>\n<\/p>\n<h6> 2013-10-30 23:03:34 <\/h6>\n<p><!--\n<link rel=\"stylesheet\" href=\"css\/bootstrap.min.css\">\n\n\n<ul class=\"pagination\">\n\t    \n\t\n\n<li >\n\t<a href='?page_no=14471'>Previous<\/a>\n\t<\/li>\n\n\n       \n    \n\n<li><a href='?page_no=1'>1<\/a><\/li>\n\n\n\n<li><a href='?page_no=2'>2<\/a><\/li>\n\n\n\n<li><a>...<\/a><\/li>\n\n\n\n<li><a href='?page_no=14470'>14470<\/a><\/li>\n\n\n\n<li><a href='?page_no=14471'>14471<\/a><\/li>\n\n\n\n<li class='active'><a>14472<\/a><\/li>\n\n\n\n<li><a href='?page_no=14473'>14473<\/a><\/li>\n\n\n\n<li><a href='?page_no=14474'>14474<\/a><\/li>\n\n\n\n<li><a>...<\/a><\/li>\n\n\n\n<li><a href='?page_no=30472'>30472<\/a><\/li>\n\n\n\n<li><a href='?page_no=30473'>30473<\/a><\/li>\n\n    \n\t\n\n<li >\n\t<a href='?page_no=14473'>Next<\/a>\n\t<\/li>\n\n\n    \n\n<li><a href='?page_no=30473'>Last &rsaquo;&rsaquo;<\/a><\/li>\n\n<\/ul>\n\n\n--><br \/>\n<\/body><\/p>\n","protected":false},"excerpt":{"rendered":"<p>Santo Domingo, RD, 30 de Octubre.-El coordinador de electricidad de la Organizaci\u00f3n Latinoamericana de Energ\u00eda (OLADE) afirm\u00f3 que el precio de la energ\u00eda para los consumidores residenciales de la Rep\u00fablica Dominicana es similar a los de la regi\u00f3n, incluso es m\u00e1s bajo que en pa\u00edses como Puerto Rico, Uruguay, Nicaragua, El Salvador y Brasil. Gabriel [&hellip;]<\/p>\n","protected":false},"author":3,"featured_media":0,"comment_status":"open","ping_status":"open","sticky":false,"template":"","format":"standard","meta":{"footnotes":""},"categories":[18],"tags":[],"class_list":["post-98967","post","type-post","status-publish","format-standard","hentry","category-economia"],"_links":{"self":[{"href":"https:\/\/diariodominicano.com\/index.php?rest_route=\/wp\/v2\/posts\/98967","targetHints":{"allow":["GET"]}}],"collection":[{"href":"https:\/\/diariodominicano.com\/index.php?rest_route=\/wp\/v2\/posts"}],"about":[{"href":"https:\/\/diariodominicano.com\/index.php?rest_route=\/wp\/v2\/types\/post"}],"author":[{"embeddable":true,"href":"https:\/\/diariodominicano.com\/index.php?rest_route=\/wp\/v2\/users\/3"}],"replies":[{"embeddable":true,"href":"https:\/\/diariodominicano.com\/index.php?rest_route=%2Fwp%2Fv2%2Fcomments&post=98967"}],"version-history":[{"count":0,"href":"https:\/\/diariodominicano.com\/index.php?rest_route=\/wp\/v2\/posts\/98967\/revisions"}],"wp:attachment":[{"href":"https:\/\/diariodominicano.com\/index.php?rest_route=%2Fwp%2Fv2%2Fmedia&parent=98967"}],"wp:term":[{"taxonomy":"category","embeddable":true,"href":"https:\/\/diariodominicano.com\/index.php?rest_route=%2Fwp%2Fv2%2Fcategories&post=98967"},{"taxonomy":"post_tag","embeddable":true,"href":"https:\/\/diariodominicano.com\/index.php?rest_route=%2Fwp%2Fv2%2Ftags&post=98967"}],"curies":[{"name":"wp","href":"https:\/\/api.w.org\/{rel}","templated":true}]}}