{"id":98966,"date":"2013-10-31T18:55:29","date_gmt":"2013-10-31T18:55:29","guid":{"rendered":"http:\/\/diariodominicano.ddns.net\/?p=98966"},"modified":"2013-10-31T18:55:29","modified_gmt":"2013-10-31T18:55:29","slug":"directora-de-bs-enfrenta-desalojo-buhoneros-avenida-duarte","status":"publish","type":"post","link":"https:\/\/diariodominicano.com\/?p=98966","title":{"rendered":"Directora de BS enfrenta desalojo buhoneros avenida Duarte"},"content":{"rendered":"<p><body><\/p>\n<p><img decoding=\"async\" src=\"img3\/JIMENEZ.jpg\" \/>  <\/p>\n<p><span class=\"text1noticias\">Santo Domingo, RD, 31 de Octubre.-La directora general de Banca Solidaria, Maira Jim\u00e9nez sali\u00f3 este jueves en defensa de los buhoneros de la avenida Duarte y todo el entorno, calificando de un abuso y un atropello el intento de desalojos de all\u00ed.<\/span><\/p>\n<\/p>\n<p><span class=\"text1noticias\">La funcionaria, en nota de prensa enviada a los medios de comunicaci\u00f3n, dijo que se trata de padres de familias y de j\u00f3venes, hombres y mujeres, que se dedican al trabajo honesto y honrado para ganarse el sustento diario.<\/span><\/p>\n<\/p>\n<p><span class=\"text1noticias\">Revel\u00f3 que cientos de esos vendedores son clientes de Banca Solidaria, \u00abel banco de los pobres del presidente Danilo Medina\u00bb, entidad que les ha prestado dinero para ellos desarrollar y crecer como microempresarios.<\/span><\/p>\n<\/p>\n<p><span class=\"text1noticias\">\u00abSon personas que dependen de esos ingresos para poder subsistir, y quitarles esos negocios es empujarlos a ir a las calles a delinquir y hacer lo mal hecho\u00bb, manifest\u00f3 Jim\u00e9nez.<\/span><\/p>\n<\/p>\n<p><span class=\"text1noticias\">Destac\u00f3 que muchos hombres y mujeres que hacen de buhoneros en esa zona, tambi\u00e9n usan lo poco que all\u00ed se ganan para cubrir y pagar los estudios secundarios y universitarios de sus hijos.<\/span><\/p>\n<\/p>\n<p><span class=\"text1noticias\">Manifest\u00f3 que la acci\u00f3n en contra de esos vendedores va en contra del esp\u00edritu y las intenciones del presidente Danilo Medina, de crear empleos y de fortalecer a los micros y peque\u00f1os empresarios y comerciantes.<\/span><\/p>\n<\/p>\n<p><span class=\"text1noticias\">\u00abEstas son personas que tenemos que proteger, gente pobre, gente buena, que lo \u00fanico que buscan es ganarse de manera honesta un dinerito para sus necesidades b\u00e1sicas\u00bb, manifest\u00f3 Maira Jim\u00e9nez.<\/span><\/p>\n<\/p>\n<p><span class=\"text1noticias\">Salud\u00f3 los planes que tiene el Ayuntamiento del Distrito Nacional para readecuar en un futuro a los buhoneros en lugares espec\u00edficos, poniendo en armon\u00eda sus necesidades y  el respeto a los espacios f\u00edsicos, a favor del desplazamiento de personas y veh\u00edculos.(HG)<\/span>.<\/p>\n<h6> 2013-10-31 18:55:29 <\/h6>\n<p><!--\n<link rel=\"stylesheet\" href=\"css\/bootstrap.min.css\">\n\n\n<ul class=\"pagination\">\n\t    \n\t\n\n<li >\n\t<a href='?page_no=14470'>Previous<\/a>\n\t<\/li>\n\n\n       \n    \n\n<li><a href='?page_no=1'>1<\/a><\/li>\n\n\n\n<li><a href='?page_no=2'>2<\/a><\/li>\n\n\n\n<li><a>...<\/a><\/li>\n\n\n\n<li><a href='?page_no=14469'>14469<\/a><\/li>\n\n\n\n<li><a href='?page_no=14470'>14470<\/a><\/li>\n\n\n\n<li class='active'><a>14471<\/a><\/li>\n\n\n\n<li><a href='?page_no=14472'>14472<\/a><\/li>\n\n\n\n<li><a href='?page_no=14473'>14473<\/a><\/li>\n\n\n\n<li><a>...<\/a><\/li>\n\n\n\n<li><a href='?page_no=30472'>30472<\/a><\/li>\n\n\n\n<li><a href='?page_no=30473'>30473<\/a><\/li>\n\n    \n\t\n\n<li >\n\t<a href='?page_no=14472'>Next<\/a>\n\t<\/li>\n\n\n    \n\n<li><a href='?page_no=30473'>Last &rsaquo;&rsaquo;<\/a><\/li>\n\n<\/ul>\n\n\n--><br \/>\n<\/body><\/p>\n","protected":false},"excerpt":{"rendered":"<p>Santo Domingo, RD, 31 de Octubre.-La directora general de Banca Solidaria, Maira Jim\u00e9nez sali\u00f3 este jueves en defensa de los buhoneros de la avenida Duarte y todo el entorno, calificando de un abuso y un atropello el intento de desalojos de all\u00ed. La funcionaria, en nota de prensa enviada a los medios de comunicaci\u00f3n, dijo [&hellip;]<\/p>\n","protected":false},"author":3,"featured_media":0,"comment_status":"open","ping_status":"open","sticky":false,"template":"","format":"standard","meta":{"footnotes":""},"categories":[18],"tags":[],"class_list":["post-98966","post","type-post","status-publish","format-standard","hentry","category-economia"],"_links":{"self":[{"href":"https:\/\/diariodominicano.com\/index.php?rest_route=\/wp\/v2\/posts\/98966","targetHints":{"allow":["GET"]}}],"collection":[{"href":"https:\/\/diariodominicano.com\/index.php?rest_route=\/wp\/v2\/posts"}],"about":[{"href":"https:\/\/diariodominicano.com\/index.php?rest_route=\/wp\/v2\/types\/post"}],"author":[{"embeddable":true,"href":"https:\/\/diariodominicano.com\/index.php?rest_route=\/wp\/v2\/users\/3"}],"replies":[{"embeddable":true,"href":"https:\/\/diariodominicano.com\/index.php?rest_route=%2Fwp%2Fv2%2Fcomments&post=98966"}],"version-history":[{"count":0,"href":"https:\/\/diariodominicano.com\/index.php?rest_route=\/wp\/v2\/posts\/98966\/revisions"}],"wp:attachment":[{"href":"https:\/\/diariodominicano.com\/index.php?rest_route=%2Fwp%2Fv2%2Fmedia&parent=98966"}],"wp:term":[{"taxonomy":"category","embeddable":true,"href":"https:\/\/diariodominicano.com\/index.php?rest_route=%2Fwp%2Fv2%2Fcategories&post=98966"},{"taxonomy":"post_tag","embeddable":true,"href":"https:\/\/diariodominicano.com\/index.php?rest_route=%2Fwp%2Fv2%2Ftags&post=98966"}],"curies":[{"name":"wp","href":"https:\/\/api.w.org\/{rel}","templated":true}]}}