{"id":98963,"date":"2013-10-31T19:21:26","date_gmt":"2013-10-31T19:21:26","guid":{"rendered":"http:\/\/diariodominicano.ddns.net\/?p=98963"},"modified":"2013-10-31T19:21:26","modified_gmt":"2013-10-31T19:21:26","slug":"crees-y-expertos-internacionales-analizan-aspectos-laborales-en-rd","status":"publish","type":"post","link":"https:\/\/diariodominicano.com\/?p=98963","title":{"rendered":"CREES y Expertos internacionales analizan aspectos laborales en RD"},"content":{"rendered":"<p><body><\/p>\n<p><img decoding=\"async\" src=\"http:\/\/localhost:8080\/economia\/img3\/SELMAN.jpg\" \/>  <\/p>\n<p><span class=\"text1noticias\">Santo Domingo, RD, 31 de Octubre.-El Centro Regional de Estrategias Econ\u00f3micas Sostenibles-CREES se\u00f1al\u00f3hoy que el pa\u00eds debe avocarse a un programa de reformas estructurales para facilitar las inversiones y reducir el costo de vivir y hacer negocios en la Rep\u00fablica Dominicana.  <\/span><\/p>\n<\/p>\n<p><span class=\"text1noticias\">En este contexto, CREES propuso el an\u00e1lisis y adecuaci\u00f3n de la legislaci\u00f3n laboral vigente para la generaci\u00f3n de m\u00e1s y mejores puestos de trabajo en la econom\u00eda dominicana, junto con otros cambios en sectores claves.<\/span><\/p>\n<\/p>\n<p><span class=\"text1noticias\">As\u00ed lo manifestaron los economistas Ernesto Selman y Miguel Collado Di Franco, quienes expusieron sobre la realidad del mercado laboral en la Rep\u00fablica Dominicana y los retos que enfrenta nuestra econom\u00eda con respecto al tema laboral, durante la Conferencia Internacional Legislaci\u00f3n Laboral, Empleo y Productividad.  <\/span><\/p>\n<\/p>\n<p><span class=\"text1noticias\">En el encuentro se inform\u00f3 que desde el a\u00f1o 2000 el empleo informal se ha incrementado casi al doble del empleo formal en la Rep\u00fablica Dominicana y, seg\u00fan la encuesta del mercado laboral del Banco Central, el 56% del empleo se ubica en la econom\u00eda informal.  Adem\u00e1s, se indic\u00f3 que el desempleo est\u00e1 en un 15% y el empleo formal se ha expandido,principalmente, por el sector p\u00fablico.<\/span><\/p>\n<\/p>\n<p><span class=\"text1noticias\">\u00abLos costos laborales no-salariales son muy elevados, lo que estar\u00eda incidiendo en el nivel de desempleo y los altos niveles de informalidad en la econom\u00eda.  Como parte del conjunto de reformas estructurales proponemos que se  incluya una adecuaci\u00f3n del c\u00f3digo laboral a una nueva realidad internacional bajo tratados de libre comercio que no exist\u00edan al momento de entrar en vigencia el c\u00f3digo actual\u00bb, expresaron los especialistas de CREES.<\/span><\/p>\n<\/p>\n<p><span class=\"text1noticias\">En dicha conferencia disertaron como invitados internacionales los se\u00f1ores Jos\u00e9 Pi\u00f1era, quien fuera Ministro de Trabajo y Previsi\u00f3n Social de Chile (1978-1981); tambi\u00e9n fue Ministro de Miner\u00eda de ese mismo pa\u00eds (1981-1984), as\u00ed como tambi\u00e9n Jos\u00e9 Armando Caro Figueroa, quien fuera Ministro de Trabajo y Seguridad Social (1985-87 y 1993-97) de la Argentina; adem\u00e1s, fue asesor del sindicato m\u00e1s importante de Espa\u00f1a ?UGT (1976-1983) y asesor del gobierno de Felipe Gonz\u00e1lez (1983-84).  El Sr. Caro Figueroa lleg\u00f3 a ser Vice-Jefe de Gabinete y candidato a la  Vicepresidencia de Argentina, quienes expusieron acerca de las experiencias en sus respectivos pa\u00edses, entre otros. <\/span><\/p>\n<\/p>\n<p><span class=\"text1noticias\">Esta conferencia internacional es el inicio de un proyecto m\u00e1s amplio de propuesta de reforma laboral en la Rep\u00fablica Dominicana.(HG)<\/span>.  <\/p>\n<h6> 2013-10-31 19:21:26 <\/h6>\n<p><!--\n<link rel=\"stylesheet\" href=\"css\/bootstrap.min.css\">\n\n\n<ul class=\"pagination\">\n\t    \n\t\n\n<li >\n\t<a href='?page_no=14468'>Previous<\/a>\n\t<\/li>\n\n\n       \n    \n\n<li><a href='?page_no=1'>1<\/a><\/li>\n\n\n\n<li><a href='?page_no=2'>2<\/a><\/li>\n\n\n\n<li><a>...<\/a><\/li>\n\n\n\n<li><a href='?page_no=14467'>14467<\/a><\/li>\n\n\n\n<li><a href='?page_no=14468'>14468<\/a><\/li>\n\n\n\n<li class='active'><a>14469<\/a><\/li>\n\n\n\n<li><a href='?page_no=14470'>14470<\/a><\/li>\n\n\n\n<li><a href='?page_no=14471'>14471<\/a><\/li>\n\n\n\n<li><a>...<\/a><\/li>\n\n\n\n<li><a href='?page_no=30472'>30472<\/a><\/li>\n\n\n\n<li><a href='?page_no=30473'>30473<\/a><\/li>\n\n    \n\t\n\n<li >\n\t<a href='?page_no=14470'>Next<\/a>\n\t<\/li>\n\n\n    \n\n<li><a href='?page_no=30473'>Last &rsaquo;&rsaquo;<\/a><\/li>\n\n<\/ul>\n\n\n--><br \/>\n<\/body><\/p>\n","protected":false},"excerpt":{"rendered":"<p>Santo Domingo, RD, 31 de Octubre.-El Centro Regional de Estrategias Econ\u00f3micas Sostenibles-CREES se\u00f1al\u00f3hoy que el pa\u00eds debe avocarse a un programa de reformas estructurales para facilitar las inversiones y reducir el costo de vivir y hacer negocios en la Rep\u00fablica Dominicana. En este contexto, CREES propuso el an\u00e1lisis y adecuaci\u00f3n de la legislaci\u00f3n laboral vigente [&hellip;]<\/p>\n","protected":false},"author":3,"featured_media":0,"comment_status":"open","ping_status":"open","sticky":false,"template":"","format":"standard","meta":{"footnotes":""},"categories":[18],"tags":[],"class_list":["post-98963","post","type-post","status-publish","format-standard","hentry","category-economia"],"_links":{"self":[{"href":"https:\/\/diariodominicano.com\/index.php?rest_route=\/wp\/v2\/posts\/98963","targetHints":{"allow":["GET"]}}],"collection":[{"href":"https:\/\/diariodominicano.com\/index.php?rest_route=\/wp\/v2\/posts"}],"about":[{"href":"https:\/\/diariodominicano.com\/index.php?rest_route=\/wp\/v2\/types\/post"}],"author":[{"embeddable":true,"href":"https:\/\/diariodominicano.com\/index.php?rest_route=\/wp\/v2\/users\/3"}],"replies":[{"embeddable":true,"href":"https:\/\/diariodominicano.com\/index.php?rest_route=%2Fwp%2Fv2%2Fcomments&post=98963"}],"version-history":[{"count":0,"href":"https:\/\/diariodominicano.com\/index.php?rest_route=\/wp\/v2\/posts\/98963\/revisions"}],"wp:attachment":[{"href":"https:\/\/diariodominicano.com\/index.php?rest_route=%2Fwp%2Fv2%2Fmedia&parent=98963"}],"wp:term":[{"taxonomy":"category","embeddable":true,"href":"https:\/\/diariodominicano.com\/index.php?rest_route=%2Fwp%2Fv2%2Fcategories&post=98963"},{"taxonomy":"post_tag","embeddable":true,"href":"https:\/\/diariodominicano.com\/index.php?rest_route=%2Fwp%2Fv2%2Ftags&post=98963"}],"curies":[{"name":"wp","href":"https:\/\/api.w.org\/{rel}","templated":true}]}}