{"id":98962,"date":"2013-10-31T19:30:22","date_gmt":"2013-10-31T19:30:22","guid":{"rendered":"http:\/\/diariodominicano.ddns.net\/?p=98962"},"modified":"2013-10-31T19:30:22","modified_gmt":"2013-10-31T19:30:22","slug":"analizan-desarrollo-regional-de-programas-sanitarios-agropecuarios-y-cambio-climatico","status":"publish","type":"post","link":"https:\/\/diariodominicano.com\/?p=98962","title":{"rendered":"Analizan desarrollo regional de programas sanitarios agropecuarios y cambio clim\u00e1tico"},"content":{"rendered":"<p><body><\/p>\n<p><img decoding=\"async\" src=\"img3\/sanitarios.jpg\" \/>  <\/p>\n<p><span class=\"text1noticias\">Santo Domingo, RD, 31 de Octubre.-El ministro de Agricultura, Luis Ram\u00f3n Rodr\u00edguez encabez\u00f3 un encuentro realizado por pa\u00edses de Centroam\u00e9rica y Rep\u00fablica Dominicana para conocer el desarrollo de los programas sanitarios agropecuarios y el efecto del cambio clim\u00e1tico en la agricultura de la regi\u00f3n.<\/span><\/p>\n<\/p>\n<p><span class=\"text1noticias\">El ministro Rodr\u00edguez dio la bienvenida a delegaciones de ocho pa\u00edses centroamericanos y M\u00e9xico, que se re\u00fanen en el pa\u00eds como parte del 60 aniversario de la Organizaci\u00f3n Internacional Regional de Sanidad Agropecuaria (OIRSA), as\u00ed como la quincuag\u00e9sima tercera (LIII) reuni\u00f3n extraordinaria del Comit\u00e9 Internacional Regional de sanidad Agropecuaria (CIRSA).<\/span><\/p>\n<\/p>\n<p><span class=\"text1noticias\">El funcionario destac\u00f3 el trabajo ejecutado por la regi\u00f3n a favor de la sanidad  agropecuaria y valor\u00f3 los esfuerzos realizado por OIRSA en sus 60 a\u00f1os a favor del desarrollo agr\u00edcola y pecuario de la regi\u00f3n.<\/span><\/p>\n<\/p>\n<p><span class=\"text1noticias\">Las delegaciones internacionales presentes en el encuentro incluye a la ministra de Agricultura de Costa Rica, Gloria Abraham Peralta, y los viceministros de Belice, Jos\u00e9 Eduardo Alpuche; Guatemala, Jos\u00e9 Sebastian Marcucci, as\u00ed como los representantes de M\u00e9xico, Joaqu\u00edn Delgadillo; El Salvador, V\u00edctor Torres; Honduras, Jos\u00e9 Luis Moncada, y de Panam\u00e1, Alberto Arjona.<\/span><\/p>\n<\/p>\n<p><span class=\"text1noticias\">Mientras, al ministro Rodr\u00edguez le acompa\u00f1aron los viceministros Agnes Cishek, de Planificaci\u00f3n, y Leandro Mercedes, de Extensi\u00f3n.<\/span><\/p>\n<\/p>\n<p><span class=\"text1noticias\">Durante toda la ma\u00f1ana, las delegaciones trabajaron en una apretada agenda en la que evaluaron el desarrollo y ejecuci\u00f3n de cada uno de los programas que se ejecutan en la regi\u00f3n para la erradicaci\u00f3n y control de las enfermedades que afectan a la agricultura, y conocieron las principales amenazas que tienen los pa\u00edses debido al surgimiento de nuevas plagas.<\/span><\/p>\n<\/p>\n<p><span class=\"text1noticias\">En la tarde, las delegaciones internacionales y del pa\u00eds participaron en un panel-forum con especialistas de varios pa\u00edses, donde conocieron los principales avances que existen en contra de enfermedades como la roya que afecta a la agricultura de la zona.<\/span><\/p>\n<\/p>\n<p><span class=\"text1noticias\">En el encuentro cient\u00edfico, celebrado en un hotel de esta capital, participaron el Doctor Hugo Fragoso, de M\u00e9xico; el Ingeniero Jaime C\u00e1rdenas, de Colombia, as\u00ed como  Lynette Batista, Msc. de Rep\u00fablica Dominicana.<\/span><\/p>\n<\/p>\n<p><span class=\"text1noticias\">Entre los principales temas abordados estuvo el cambio clim\u00e1tico y sus efectos sobre enfermedades y plagas, as\u00ed como su incidencia en la seguridad alimentaria de los pa\u00edses.<\/span><\/p>\n<\/p>\n<p><span class=\"text1noticias\">Adem\u00e1s, trataron el tema sobre el comercio internacional y sus efectos en la diseminaci\u00f3n de plagas y enfermedades,  y discutieron sobre los desaf\u00edos de la sanidad agropecuaria para el a\u00f1o 2025.<\/span><\/p>\n<\/p>\n<p><span class=\"text1noticias\">El ministro Luis Ram\u00f3n Rodr\u00edguez manifest\u00f3 que cada d\u00eda en el mundo se escenifican cambios trascendentales que tienen que ver con plagas y enfermedades que afectan a todos, lo que conlleva \u00aba que todos unidos tratemos esos temas de tanta importancia\u00bb.<\/span><\/p>\n<\/p>\n<p><span class=\"text1noticias\">Como resultado de la cumbre, consider\u00f3 que compete a cada pa\u00eds cuidar su frontera agr\u00edcola y pecuaria sobre la base fito y zoosanitaria, para garantizar la sostenibilidad de la actividad agropecuaria y el bienestar de los productores.<\/span><\/p>\n<\/p>\n<p><span class=\"text1noticias\">\u00abEs muy importante el fortalecimiento de los v\u00ednculos y del trabajo com\u00fan que podamos hacer, porque las plagas y las enfermedades no conocen frontera, andan sin pasaporte, y afectan por igual a toda la regi\u00f3n\u00bb, expres\u00f3 Rodr\u00edguez, tras calificar de excelente la jornada.(HG)<\/span>.<\/p>\n<h6> 2013-10-31 19:30:22 <\/h6>\n<p><!--\n<link rel=\"stylesheet\" href=\"css\/bootstrap.min.css\">\n\n\n<ul class=\"pagination\">\n\t    \n\t\n\n<li >\n\t<a href='?page_no=14467'>Previous<\/a>\n\t<\/li>\n\n\n       \n    \n\n<li><a href='?page_no=1'>1<\/a><\/li>\n\n\n\n<li><a href='?page_no=2'>2<\/a><\/li>\n\n\n\n<li><a>...<\/a><\/li>\n\n\n\n<li><a href='?page_no=14466'>14466<\/a><\/li>\n\n\n\n<li><a href='?page_no=14467'>14467<\/a><\/li>\n\n\n\n<li class='active'><a>14468<\/a><\/li>\n\n\n\n<li><a href='?page_no=14469'>14469<\/a><\/li>\n\n\n\n<li><a href='?page_no=14470'>14470<\/a><\/li>\n\n\n\n<li><a>...<\/a><\/li>\n\n\n\n<li><a href='?page_no=30472'>30472<\/a><\/li>\n\n\n\n<li><a href='?page_no=30473'>30473<\/a><\/li>\n\n    \n\t\n\n<li >\n\t<a href='?page_no=14469'>Next<\/a>\n\t<\/li>\n\n\n    \n\n<li><a href='?page_no=30473'>Last &rsaquo;&rsaquo;<\/a><\/li>\n\n<\/ul>\n\n\n--><br \/>\n<\/body><\/p>\n","protected":false},"excerpt":{"rendered":"<p>Santo Domingo, RD, 31 de Octubre.-El ministro de Agricultura, Luis Ram\u00f3n Rodr\u00edguez encabez\u00f3 un encuentro realizado por pa\u00edses de Centroam\u00e9rica y Rep\u00fablica Dominicana para conocer el desarrollo de los programas sanitarios agropecuarios y el efecto del cambio clim\u00e1tico en la agricultura de la regi\u00f3n. El ministro Rodr\u00edguez dio la bienvenida a delegaciones de ocho pa\u00edses [&hellip;]<\/p>\n","protected":false},"author":3,"featured_media":0,"comment_status":"open","ping_status":"open","sticky":false,"template":"","format":"standard","meta":{"footnotes":""},"categories":[18],"tags":[],"class_list":["post-98962","post","type-post","status-publish","format-standard","hentry","category-economia"],"_links":{"self":[{"href":"https:\/\/diariodominicano.com\/index.php?rest_route=\/wp\/v2\/posts\/98962","targetHints":{"allow":["GET"]}}],"collection":[{"href":"https:\/\/diariodominicano.com\/index.php?rest_route=\/wp\/v2\/posts"}],"about":[{"href":"https:\/\/diariodominicano.com\/index.php?rest_route=\/wp\/v2\/types\/post"}],"author":[{"embeddable":true,"href":"https:\/\/diariodominicano.com\/index.php?rest_route=\/wp\/v2\/users\/3"}],"replies":[{"embeddable":true,"href":"https:\/\/diariodominicano.com\/index.php?rest_route=%2Fwp%2Fv2%2Fcomments&post=98962"}],"version-history":[{"count":0,"href":"https:\/\/diariodominicano.com\/index.php?rest_route=\/wp\/v2\/posts\/98962\/revisions"}],"wp:attachment":[{"href":"https:\/\/diariodominicano.com\/index.php?rest_route=%2Fwp%2Fv2%2Fmedia&parent=98962"}],"wp:term":[{"taxonomy":"category","embeddable":true,"href":"https:\/\/diariodominicano.com\/index.php?rest_route=%2Fwp%2Fv2%2Fcategories&post=98962"},{"taxonomy":"post_tag","embeddable":true,"href":"https:\/\/diariodominicano.com\/index.php?rest_route=%2Fwp%2Fv2%2Ftags&post=98962"}],"curies":[{"name":"wp","href":"https:\/\/api.w.org\/{rel}","templated":true}]}}