{"id":98959,"date":"2013-10-31T20:47:03","date_gmt":"2013-10-31T20:47:03","guid":{"rendered":"http:\/\/diariodominicano.ddns.net\/?p=98959"},"modified":"2013-10-31T20:47:03","modified_gmt":"2013-10-31T20:47:03","slug":"en-dominicana-aumentan-los-precios-de-los-azucares-crema-y-refino","status":"publish","type":"post","link":"https:\/\/diariodominicano.com\/?p=98959","title":{"rendered":"&#13;En Dominicana aumentan los precios de los az\u00facares crema y refino"},"content":{"rendered":"<p><body><\/p>\n<p><span class=\"text1noticias\">Santo Domingo, RD, 31 de Octubre.-El Consejo de Defensa de los Derechos del Comercio y el Cl\u00faster de Federaciones comerciales, denunciaron un alza en los precios de los azucares crema y refino y solicitaron al gobierno autorizar al comercio la importaci\u00f3n de unas 40 mil toneladas del dulce, libre de subastas, para conjurar el d\u00e9ficit que se registra en el mercado.<\/span><\/p>\n<\/p>\n<p><span class=\"text1noticias\">El Cl\u00faster de Federaciones y el Consejo de Defensa de los derechos del comercio est\u00e1n  integrados por comerciantes mayoristas, detallistas, supermercados, representantes de  asociaciones  y federaciones comerciales. Somos hombres y mujeres de negocio.<\/span><\/p>\n<\/p>\n<p><span class=\"text1noticias\">El saco de az\u00facar refino se comercializa en estos momentos a raz\u00f3n de RD$3, 000.00 y RD$ 2,000.00 la crema lo que amenaza con disparar los precios en las pr\u00f3ximas semanas, pudiendo llegar a 35 y 30 pesos la libra respectivamente.<\/span><\/p>\n<\/p>\n<p><span class=\"text1noticias\">Los comerciantes solicitan la importaci\u00f3n libre de subasta de unas 40 mil toneladas del dulce, para palear  los altos precios y la escasez existente en el mercado.<\/span><\/p>\n<\/p>\n<p><span class=\"text1noticias\">La distribuci\u00f3n de az\u00facar refino en pa\u00eds est\u00e1 a cargo del Central Romana y aunque distribuye semanalmente a la industria y el comercio, las cantidades demandada superan la oferta, por lo que los precios se han elevado en un 60% al por mayor y m\u00e1s de un 80% al detalle.<\/span><\/p>\n<\/p>\n<p><span class=\"text1noticias\">Se espera que aunque la zafra inicia a principio del mes de diciembre la escasez y altos precios se mantendr\u00e1n hasta el mes de febrero, sobre todo porque a partir de enero el az\u00facar se le incrementara un 3% adicional por concepto del ajuste del ITBIS.(HG)<\/span>.<\/p>\n<h6> 2013-10-31 20:47:03 <\/h6>\n<p><!--\n<link rel=\"stylesheet\" href=\"css\/bootstrap.min.css\">\n\n\n<ul class=\"pagination\">\n\t    \n\t\n\n<li >\n\t<a href='?page_no=14464'>Previous<\/a>\n\t<\/li>\n\n\n       \n    \n\n<li><a href='?page_no=1'>1<\/a><\/li>\n\n\n\n<li><a href='?page_no=2'>2<\/a><\/li>\n\n\n\n<li><a>...<\/a><\/li>\n\n\n\n<li><a href='?page_no=14463'>14463<\/a><\/li>\n\n\n\n<li><a href='?page_no=14464'>14464<\/a><\/li>\n\n\n\n<li class='active'><a>14465<\/a><\/li>\n\n\n\n<li><a href='?page_no=14466'>14466<\/a><\/li>\n\n\n\n<li><a href='?page_no=14467'>14467<\/a><\/li>\n\n\n\n<li><a>...<\/a><\/li>\n\n\n\n<li><a href='?page_no=30472'>30472<\/a><\/li>\n\n\n\n<li><a href='?page_no=30473'>30473<\/a><\/li>\n\n    \n\t\n\n<li >\n\t<a href='?page_no=14466'>Next<\/a>\n\t<\/li>\n\n\n    \n\n<li><a href='?page_no=30473'>Last &rsaquo;&rsaquo;<\/a><\/li>\n\n<\/ul>\n\n\n--><br \/>\n<\/body><\/p>\n","protected":false},"excerpt":{"rendered":"<p>Santo Domingo, RD, 31 de Octubre.-El Consejo de Defensa de los Derechos del Comercio y el Cl\u00faster de Federaciones comerciales, denunciaron un alza en los precios de los azucares crema y refino y solicitaron al gobierno autorizar al comercio la importaci\u00f3n de unas 40 mil toneladas del dulce, libre de subastas, para conjurar el d\u00e9ficit [&hellip;]<\/p>\n","protected":false},"author":3,"featured_media":0,"comment_status":"open","ping_status":"open","sticky":false,"template":"","format":"standard","meta":{"footnotes":""},"categories":[18],"tags":[],"class_list":["post-98959","post","type-post","status-publish","format-standard","hentry","category-economia"],"_links":{"self":[{"href":"https:\/\/diariodominicano.com\/index.php?rest_route=\/wp\/v2\/posts\/98959","targetHints":{"allow":["GET"]}}],"collection":[{"href":"https:\/\/diariodominicano.com\/index.php?rest_route=\/wp\/v2\/posts"}],"about":[{"href":"https:\/\/diariodominicano.com\/index.php?rest_route=\/wp\/v2\/types\/post"}],"author":[{"embeddable":true,"href":"https:\/\/diariodominicano.com\/index.php?rest_route=\/wp\/v2\/users\/3"}],"replies":[{"embeddable":true,"href":"https:\/\/diariodominicano.com\/index.php?rest_route=%2Fwp%2Fv2%2Fcomments&post=98959"}],"version-history":[{"count":0,"href":"https:\/\/diariodominicano.com\/index.php?rest_route=\/wp\/v2\/posts\/98959\/revisions"}],"wp:attachment":[{"href":"https:\/\/diariodominicano.com\/index.php?rest_route=%2Fwp%2Fv2%2Fmedia&parent=98959"}],"wp:term":[{"taxonomy":"category","embeddable":true,"href":"https:\/\/diariodominicano.com\/index.php?rest_route=%2Fwp%2Fv2%2Fcategories&post=98959"},{"taxonomy":"post_tag","embeddable":true,"href":"https:\/\/diariodominicano.com\/index.php?rest_route=%2Fwp%2Fv2%2Ftags&post=98959"}],"curies":[{"name":"wp","href":"https:\/\/api.w.org\/{rel}","templated":true}]}}