{"id":98957,"date":"2013-10-31T22:02:57","date_gmt":"2013-10-31T22:02:57","guid":{"rendered":"http:\/\/diariodominicano.ddns.net\/?p=98957"},"modified":"2013-10-31T22:02:57","modified_gmt":"2013-10-31T22:02:57","slug":"municipes-de-los-bajos-de-haina-presentaron-sugerencias-para-enfrentar-la-crisis-electrica","status":"publish","type":"post","link":"https:\/\/diariodominicano.com\/?p=98957","title":{"rendered":"Mun\u00edcipes de los Bajos de Haina presentaron sugerencias para enfrentar la crisis el\u00e9ctrica"},"content":{"rendered":"<p><body><\/p>\n<p><img decoding=\"async\" src=\"img3\/edesur.jpg\" \/>  <\/p>\n<p><span class=\"text1noticias\">Santo Domingo, RD, 31 de Octubre.-Los mun\u00edcipes de los Bajos de Haina presentaron sugerencias para enfrentar la crisis el\u00e9ctrica que desde hace a\u00f1os enfrentan los comunitarios de esa demarcaci\u00f3n.<\/span><\/p>\n<\/p>\n<p><span class=\"text1noticias\">Entre las propuestas realizadas figuran:  el empoderamiento de la gesti\u00f3n de control de p\u00e9rdida y cobro,  por parte de la comunidad, mediante el establecimiento de \u00abLas Pilas Comunales\u00bb, disminuci\u00f3n de SAIDI (Promedio Horas Mensual de Interrupciones\/Cliente) que hoy d\u00eda est\u00e1 en 244 hora\/mes A 120 horas \/Mes. (En los primero 2 meses) y cero de Interrupciones de pues de este Tiempo.  Garantizar el suministro en el plazo de 60 d\u00edas h\u00e1biles de un m\u00ednimo de 20 horas de energ\u00eda a toda la comunidad de Haina, iniciar los planes pilotos en las v\u00edas comerciales  principales del municipio y  en aquellos sectores que generen menos p\u00e9rdida de energ\u00eda, mejorando el SAIDI a 60 horas \/ mes  en las zonas especificadas, que seria 22 horas diarias,  esto se har\u00eda con equipos de Auto-recloser para aislar las dem\u00e1s zona que no est\u00e9n en este en este plan piloto.<\/span><\/p>\n<\/p>\n<p><span class=\"text1noticias\">As\u00ed tambi\u00e9n, desarrollar un programa de adecuaci\u00f3n de las redes de distribuci\u00f3n en los diferentes sectores.  Como ya indicamos m\u00e1s arriba EDESUR, debe invertir el 11 % de los cobrado en mejoras de redes, que en nuestro caso ser\u00eda de (Cobrado en Haina RD$1, 207, 226,064.82 total anual) equivalente aRD$132, 794,867.13 anual, este monto que ser\u00eda  usado en forma consensuada con las fuerza viva de la comunidad, de acuerdo a lo establecido por la Ley 125-01 Art. 134, desarrollar un programa coordinado de alumbrado de los puntos m\u00e1s neur\u00e1lgico de la v\u00eda p\u00fablica, contribuyendo as\u00ed a la seguridad ciudadana en el municipio.<\/span><\/p>\n<p><span class=\"text1noticias\">Adem\u00e1s, la perturar una oficina de PROTECOM en el municipio, a fin de garantizar la protecci\u00f3n de los derechos de los usuarios en la relaci\u00f3n con USUARIO-EDESUR.<\/span><\/p>\n<\/p>\n<p><span class=\"text1noticias\">Sin embargo, Jos\u00e9 S\u00e1nchez,  quien es el Gerente comercial de Edesur en San Crist\u00f3bal, manifest\u00f3 que las p\u00e9rdidas que existen en los circuitos energ\u00e9ticos No. 01, 02 y 03 no permiten brindar un servicio eficiente. <\/span><\/p>\n<\/p>\n<p><span class=\"text1noticias\">S\u00e1nchez  dijo que las p\u00e9rdidas en Haina, actualmente  en el  sistema llegan a un 67%, esta situaci\u00f3n no permite que la empresa pueda brindar un servicio eficiente y de calidad, por ello es necesario hacer una inversi\u00f3n especial que permita superar estas dificultades.     <\/span><\/p>\n<\/p>\n<p><span class=\"text1noticias\">El funcionario record\u00f3 que  EDESUR se ha planteado incluir en su plan de trabajo para el siguiente a\u00f1o la rehabilitaci\u00f3n de estos circuitos, para lo cual se  est\u00e1 procurando sean incluido en el presupuesto nacional la suma de 100 millones d\u00f3lares, equivalentes a 400 millones de pesos.  Ya est\u00e1 propuesto por EDESUR y solo falta que sea aprobado por los diputados y senadores.  <\/span><\/p>\n<\/p>\n<p><span class=\"text1noticias\">El acto conto con la asistencia de autoridades gubernamentales y municipales de ese sector.(HG)<\/span>.<\/p>\n<h6> 2013-10-31 22:02:57 <\/h6>\n<p><!--\n<link rel=\"stylesheet\" href=\"css\/bootstrap.min.css\">\n\n\n<ul class=\"pagination\">\n\t    \n\t\n\n<li >\n\t<a href='?page_no=14462'>Previous<\/a>\n\t<\/li>\n\n\n       \n    \n\n<li><a href='?page_no=1'>1<\/a><\/li>\n\n\n\n<li><a href='?page_no=2'>2<\/a><\/li>\n\n\n\n<li><a>...<\/a><\/li>\n\n\n\n<li><a href='?page_no=14461'>14461<\/a><\/li>\n\n\n\n<li><a href='?page_no=14462'>14462<\/a><\/li>\n\n\n\n<li class='active'><a>14463<\/a><\/li>\n\n\n\n<li><a href='?page_no=14464'>14464<\/a><\/li>\n\n\n\n<li><a href='?page_no=14465'>14465<\/a><\/li>\n\n\n\n<li><a>...<\/a><\/li>\n\n\n\n<li><a href='?page_no=30472'>30472<\/a><\/li>\n\n\n\n<li><a href='?page_no=30473'>30473<\/a><\/li>\n\n    \n\t\n\n<li >\n\t<a href='?page_no=14464'>Next<\/a>\n\t<\/li>\n\n\n    \n\n<li><a href='?page_no=30473'>Last &rsaquo;&rsaquo;<\/a><\/li>\n\n<\/ul>\n\n\n--><br \/>\n<\/body><\/p>\n","protected":false},"excerpt":{"rendered":"<p>Santo Domingo, RD, 31 de Octubre.-Los mun\u00edcipes de los Bajos de Haina presentaron sugerencias para enfrentar la crisis el\u00e9ctrica que desde hace a\u00f1os enfrentan los comunitarios de esa demarcaci\u00f3n. Entre las propuestas realizadas figuran: el empoderamiento de la gesti\u00f3n de control de p\u00e9rdida y cobro, por parte de la comunidad, mediante el establecimiento de \u00abLas [&hellip;]<\/p>\n","protected":false},"author":3,"featured_media":0,"comment_status":"open","ping_status":"open","sticky":false,"template":"","format":"standard","meta":{"footnotes":""},"categories":[18],"tags":[],"class_list":["post-98957","post","type-post","status-publish","format-standard","hentry","category-economia"],"_links":{"self":[{"href":"https:\/\/diariodominicano.com\/index.php?rest_route=\/wp\/v2\/posts\/98957","targetHints":{"allow":["GET"]}}],"collection":[{"href":"https:\/\/diariodominicano.com\/index.php?rest_route=\/wp\/v2\/posts"}],"about":[{"href":"https:\/\/diariodominicano.com\/index.php?rest_route=\/wp\/v2\/types\/post"}],"author":[{"embeddable":true,"href":"https:\/\/diariodominicano.com\/index.php?rest_route=\/wp\/v2\/users\/3"}],"replies":[{"embeddable":true,"href":"https:\/\/diariodominicano.com\/index.php?rest_route=%2Fwp%2Fv2%2Fcomments&post=98957"}],"version-history":[{"count":0,"href":"https:\/\/diariodominicano.com\/index.php?rest_route=\/wp\/v2\/posts\/98957\/revisions"}],"wp:attachment":[{"href":"https:\/\/diariodominicano.com\/index.php?rest_route=%2Fwp%2Fv2%2Fmedia&parent=98957"}],"wp:term":[{"taxonomy":"category","embeddable":true,"href":"https:\/\/diariodominicano.com\/index.php?rest_route=%2Fwp%2Fv2%2Fcategories&post=98957"},{"taxonomy":"post_tag","embeddable":true,"href":"https:\/\/diariodominicano.com\/index.php?rest_route=%2Fwp%2Fv2%2Ftags&post=98957"}],"curies":[{"name":"wp","href":"https:\/\/api.w.org\/{rel}","templated":true}]}}