{"id":98954,"date":"2013-11-01T14:35:09","date_gmt":"2013-11-01T14:35:09","guid":{"rendered":"http:\/\/diariodominicano.ddns.net\/?p=98954"},"modified":"2013-11-01T14:35:09","modified_gmt":"2013-11-01T14:35:09","slug":"ministro-espanol-de-industria-y-turismo-inicia-viaje-oficial-a-rd","status":"publish","type":"post","link":"https:\/\/diariodominicano.com\/?p=98954","title":{"rendered":"Ministro espa\u00f1ol de Industria y Turismo inicia viaje oficial a RD"},"content":{"rendered":"<p><body><\/p>\n<p><img decoding=\"async\" src=\"img3\/ministro 1.jpg\" \/>  <\/p>\n<p>Santo Domingo, RD 1 noviembre .- El ministro de Industria, Energ\u00eda y Turismo de Espa\u00f1a, Jos\u00e9 Manuel Soria, inicia hoy un viaje oficial de dos d\u00edas a la Rep\u00fablica Dominicana para fortalecer las relaciones econ\u00f3micas bilaterales.<\/p>\n<\/p>\n<p>El ministro se reunir\u00e1 con el presidente dominicano, Danilo Medina, y miembros del Gobierno, as\u00ed como con una representaci\u00f3n de empresarios espa\u00f1oles con intereses en el pa\u00eds.<\/p>\n<\/p>\n<p>En este sentido, el ministro Soria repasar\u00e1 la situaci\u00f3n y la actividad en Rep\u00fablica Dominicana de las diversas empresas espa\u00f1olas que operan en el pa\u00eds en sectores como el tur\u00edstico, el inmobiliario o el financiero.<\/p>\n<\/p>\n<p>Soria se entrevistar\u00e1 hoy con Medina en el Palacio Nacional para analizar las relaciones comerciales entre ambos pa\u00edses, con especial incidencia en sectores como el turismo, la energ\u00eda o las infraestructuras.<\/p>\n<\/p>\n<p>Durante el viaje oficial de dos d\u00edas, el ministro Soria tambi\u00e9n mantendr\u00e1 un encuentro bilateral con el ministro de Turismo local, Francisco Javier Garc\u00eda, y otro con el de Industria y Comercio, Jos\u00e9 del Castillo.<\/p>\n<\/p>\n<p>Tambi\u00e9n se reunir\u00e1 con otras autoridades, como el director ejecutivo del Centro de Exportaci\u00f3n e Inversi\u00f3n de Rep\u00fablica Dominicana (CEI-RD), Jean Alain Rodr\u00edguez; el vicepresidente de la Corporaci\u00f3n Dominicana de Empresas El\u00e9ctricas Estatales (CDEEE), Rub\u00e9n Bichara, o el presidente de la C\u00e1mara Espa\u00f1ola de Comercio, Jos\u00e9 Antonio \u00c1lvarez.<\/p>\n<\/p>\n<p>Por otro lado, ma\u00f1ana Jos\u00e9 Manuel Soria asistir\u00e1 junto con el presidente de la Rep\u00fablica a la inauguraci\u00f3n del Hotel Breathless en Punta Cana, unas instalaciones propiedad del Grupo Martin\u00f3n Grumasa.<\/p>\n<\/p>\n<p>Con 1.852 millones de euros, Espa\u00f1a ocupa el tercer lugar entre los pa\u00edses inversores en la Rep\u00fablica Dominicana (un 18,4 % del total), tras Estados Unidos y Canad\u00e1, seg\u00fan datos del Departamento Internacional del Banco Central del pa\u00eds.<\/p>\n<\/p>\n<p>Un 25 % de la inversi\u00f3n espa\u00f1ola se destina al sector tur\u00edstico -las cadenas espa\u00f1olas detentan el 60 % de las habitaciones hoteleras de alta calificaci\u00f3n- aunque las compa\u00f1\u00edas espa\u00f1olas tambi\u00e9n tienen intereses en otros sectores, como el inmobiliario, el financiero o la generaci\u00f3n el\u00e9ctrica.<\/p>\n<\/p>\n<p>Espa\u00f1a es el sexto mercado emisor en importancia para Rep\u00fablica Dominicana (156.192 espa\u00f1oles visitaron el pa\u00eds en 2012), seg\u00fan datos de la Organizaci\u00f3n Mundial del Turismo facilitados por la propia Rep\u00fablica Dominicana.<\/p>\n<\/p>\n<p>Para Espa\u00f1a, se trata del primer destino receptor de turistas espa\u00f1oles que viajan al Caribe.<\/p>\n<\/p>\n<p>En 2012, las exportaciones espa\u00f1olas en la Rep\u00fablica Dominicana alcanzaron los 402 millones de euros, una cifra que duplica la de hace tres a\u00f1os, arrojando un saldo positivo en la balanza comercial con el pa\u00eds de 291 millones de euros.<\/p>\n<\/p>\n<h6> 2013-11-01 14:35:09 <\/h6>\n<p><!--\n<link rel=\"stylesheet\" href=\"css\/bootstrap.min.css\">\n\n\n<ul class=\"pagination\">\n\t    \n\t\n\n<li >\n\t<a href='?page_no=14459'>Previous<\/a>\n\t<\/li>\n\n\n       \n    \n\n<li><a href='?page_no=1'>1<\/a><\/li>\n\n\n\n<li><a href='?page_no=2'>2<\/a><\/li>\n\n\n\n<li><a>...<\/a><\/li>\n\n\n\n<li><a href='?page_no=14458'>14458<\/a><\/li>\n\n\n\n<li><a href='?page_no=14459'>14459<\/a><\/li>\n\n\n\n<li class='active'><a>14460<\/a><\/li>\n\n\n\n<li><a href='?page_no=14461'>14461<\/a><\/li>\n\n\n\n<li><a href='?page_no=14462'>14462<\/a><\/li>\n\n\n\n<li><a>...<\/a><\/li>\n\n\n\n<li><a href='?page_no=30472'>30472<\/a><\/li>\n\n\n\n<li><a href='?page_no=30473'>30473<\/a><\/li>\n\n    \n\t\n\n<li >\n\t<a href='?page_no=14461'>Next<\/a>\n\t<\/li>\n\n\n    \n\n<li><a href='?page_no=30473'>Last &rsaquo;&rsaquo;<\/a><\/li>\n\n<\/ul>\n\n\n--><br \/>\n<\/body><\/p>\n","protected":false},"excerpt":{"rendered":"<p>Santo Domingo, RD 1 noviembre .- El ministro de Industria, Energ\u00eda y Turismo de Espa\u00f1a, Jos\u00e9 Manuel Soria, inicia hoy un viaje oficial de dos d\u00edas a la Rep\u00fablica Dominicana para fortalecer las relaciones econ\u00f3micas bilaterales. El ministro se reunir\u00e1 con el presidente dominicano, Danilo Medina, y miembros del Gobierno, as\u00ed como con una representaci\u00f3n [&hellip;]<\/p>\n","protected":false},"author":3,"featured_media":0,"comment_status":"open","ping_status":"open","sticky":false,"template":"","format":"standard","meta":{"footnotes":""},"categories":[18],"tags":[],"class_list":["post-98954","post","type-post","status-publish","format-standard","hentry","category-economia"],"_links":{"self":[{"href":"https:\/\/diariodominicano.com\/index.php?rest_route=\/wp\/v2\/posts\/98954","targetHints":{"allow":["GET"]}}],"collection":[{"href":"https:\/\/diariodominicano.com\/index.php?rest_route=\/wp\/v2\/posts"}],"about":[{"href":"https:\/\/diariodominicano.com\/index.php?rest_route=\/wp\/v2\/types\/post"}],"author":[{"embeddable":true,"href":"https:\/\/diariodominicano.com\/index.php?rest_route=\/wp\/v2\/users\/3"}],"replies":[{"embeddable":true,"href":"https:\/\/diariodominicano.com\/index.php?rest_route=%2Fwp%2Fv2%2Fcomments&post=98954"}],"version-history":[{"count":0,"href":"https:\/\/diariodominicano.com\/index.php?rest_route=\/wp\/v2\/posts\/98954\/revisions"}],"wp:attachment":[{"href":"https:\/\/diariodominicano.com\/index.php?rest_route=%2Fwp%2Fv2%2Fmedia&parent=98954"}],"wp:term":[{"taxonomy":"category","embeddable":true,"href":"https:\/\/diariodominicano.com\/index.php?rest_route=%2Fwp%2Fv2%2Fcategories&post=98954"},{"taxonomy":"post_tag","embeddable":true,"href":"https:\/\/diariodominicano.com\/index.php?rest_route=%2Fwp%2Fv2%2Ftags&post=98954"}],"curies":[{"name":"wp","href":"https:\/\/api.w.org\/{rel}","templated":true}]}}