{"id":98952,"date":"2013-11-01T14:41:29","date_gmt":"2013-11-01T14:41:29","guid":{"rendered":"http:\/\/diariodominicano.ddns.net\/?p=98952"},"modified":"2013-11-01T14:41:29","modified_gmt":"2013-11-01T14:41:29","slug":"montas-afirma-reto-del-pais-es-mejorar-condicion-de-la-gente-sin-danar-medio-ambiente-2","status":"publish","type":"post","link":"https:\/\/diariodominicano.com\/?p=98952","title":{"rendered":"Mont\u00e1s afirma reto del pa\u00eds es mejorar condici\u00f3n de la gente sin da\u00f1ar medio ambiente"},"content":{"rendered":"<p><body><\/p>\n<p><img decoding=\"async\" src=\"img3\/temo 1.jpg\" \/>  <\/p>\n<p>La Vega RD 1 noviembre.-  Rep\u00fablica Dominicana tiene el reto de mejorar la condici\u00f3n de vida de la gente mediante pol\u00edticas p\u00fablicas que estimulen la educaci\u00f3n, la salud y el aprovechamiento de oportunidades productivas sin provocar da\u00f1os graves al medio ambiente, afirm\u00f3 el ministro de Econom\u00eda, Planificaci\u00f3n y Desarrollo.<\/p>\n<\/p>\n<p>Durante una conferencia titulada \u00abDesarrollo sostenible en Rep\u00fablica Dominicana: Retos y desaf\u00edos\u00bb, impartida ante cientos de profesionales y estudiantes de la Universidad Cat\u00f3lica Tecnol\u00f3gica del Cibao (UCATECI), el ingeniero Tem\u00edstocles Mont\u00e1s dijo que ante el crecimiento mundial de la poblaci\u00f3n y la necesidad de combatir la pobreza, el riesgo es que se afecte el ambiente y se profundice la producci\u00f3n de gases de efecto invernadero.<\/p>\n<\/p>\n<p>El ministro, que habl\u00f3 la noche del jueves, sostuvo que ante esa realidad, el liderazgo pol\u00edtico y social tiene que impulsar pol\u00edticas que luchen contra la pobreza, pero preservando el medio ambiente y estimulando la inclusi\u00f3n social, de acuerdo con una nota  de la Unidad de Comunicaciones del Ministerio de Econom\u00eda.<\/p>\n<\/p>\n<p>Mont\u00e1s dijo que de aqu\u00ed al a\u00f1o 2030 es factible acabar con todas las formas de pobreza extrema creando una nueva situaci\u00f3n en la que todos los hogares del mundo puedan atender sus necesidades b\u00e1sicas de ingreso, de alimento, de salud e infraestructura b\u00e1sica, dando paso \u00aba un mundo mayoritariamente de clase media\u00bb.<\/p>\n<\/p>\n<p>Manifest\u00f3 que en el caso de Rep\u00fablica Dominicana, el gobierno se ha preparado para afrontar ese reto con la Ley Org\u00e1nica de Estrategia Nacional de Desarrollo, que prev\u00e9 que para el a\u00f1o 2030 el pa\u00eds tenga avances sostenidos en la producci\u00f3n, los derechos ciudadanos y el respeto al medio ambiente.<\/p>\n<\/p>\n<p>La conferencia magistral se llev\u00f3 a cabo con motivo del 30 aniversario de la fundaci\u00f3n de UCATECI  y fue coordinada por la Rector\u00eda, la Vicerrector\u00eda Acad\u00e9mica y las facultades de Negocios y Humanidades.<\/p>\n<\/p>\n<p>La actividad, en el sal\u00f3n monse\u00f1or Juan Antonio Flores Santana, comenz\u00f3 con las notas del Himno Nacional y de UCATECI y continu\u00f3 con la invocaci\u00f3n a Dios a cargo del rector Julio Mart\u00edn Castillo, quien pronunci\u00f3 las palabras de bienvenida.<\/p>\n<\/p>\n<p>Tras agradecer a Mont\u00e1s la conferencia, el rector destac\u00f3 el talento y dedicaci\u00f3n del funcionario y el deseo que tiene de que la educaci\u00f3n en el pa\u00eds crezca y mejore su calidad. Mart\u00edn Castillo  defini\u00f3 a Mont\u00e1s como un modelo para cada estudiante.<\/p>\n<\/p>\n<p>Asimismo, el tambi\u00e9n alto dirigente del gobernante Partido de la Liberaci\u00f3n Dominicana (PLD) expres\u00f3 a la nutrida audiencia que \u00ablograr el desarrollo sostenible implica cooperaci\u00f3n internacional fundamentada en el derecho al desarrollo de todo pa\u00eds, por cuanto los l\u00edmites planetarios no son ning\u00fan motivo para cerrarle la puerta al desarrollo.<\/p>\n<\/p>\n<p>Mont\u00e1s manifest\u00f3 que los derechos humanos y la inclusi\u00f3n social, por sus implicaciones en igualdad de oportunidades, trato ante la ley, acceso a los servicios p\u00fablicos, convergencia de est\u00e1ndares de vida de los pa\u00edses para, con el tiempo, son fundamentales para cerrar la brecha entre pa\u00edses ricos y pobres.<\/p>\n<\/p>\n<p>Dijo que las pol\u00edticas p\u00fablicas que estimula la Estrategia Nacional de Desarrollo fomentan y refuerzan la educaci\u00f3n y la laboriosidad para estimular la convivencia pac\u00edfica, la honestidad, el respeto y la solidaridad, lo que a su vez contribuye a facilitar la cohesi\u00f3n social, el buen gobierno, la justicia y la honradez.<\/p>\n<\/p>\n<p>\u00abEs muy posible que para el 2030 la econom\u00eda mundial sea el doble de la de hoy. Pero si el crecimiento de los pr\u00f3ximos a\u00f1os se da en el marco del actual modelo de desarrollo, el cambio clim\u00e1tico se agudizar\u00e1, habr\u00e1 serias amenazas sobre los recursos naturales y sobre los ecosistemas esenciales para el bienestar humano y eso se puede evitar con pol\u00edticas inteligentes y gobiernos enfocados en la defensa del medio ambiente\u00bb, apunt\u00f3 Mont\u00e1s.<\/p>\n<\/p>\n<p>Agreg\u00f3 que en tal contexto seguir\u00e1 profundiz\u00e1ndose la evoluci\u00f3n tecnol\u00f3gica, en particular la de la informaci\u00f3n y la comunicaci\u00f3n, que contribuir\u00e1n a profundizar la integraci\u00f3n de la econom\u00eda mundial, por lo que se espera que ese cambio tecnol\u00f3gico sea un factor que favorezca el desarrollo sostenible.<\/p>\n<\/p>\n<p>Durante su conferencia en UCATECI, Mont\u00e1s advirti\u00f3 que el mundo se hace cada d\u00eda m\u00e1s demandante de participaci\u00f3n social, por lo que los gobernantes deben sintonizar con esta aspiraci\u00f3n global.<\/p>\n<\/p>\n<p>\u00abSe demanda m\u00e1s transparencia y m\u00e1s participaci\u00f3n por parte de todos los sectores de la sociedad y a nivel internacional; el mundo se hace multipolar lo que significa que un solo pa\u00eds no podr\u00e1 imponer su voluntad sobre los dem\u00e1s\u00bb, expuso el ministro de Econom\u00eda.<\/p>\n<h6> 2013-11-01 14:41:29 <\/h6>\n<p><!--\n<link rel=\"stylesheet\" href=\"css\/bootstrap.min.css\">\n\n\n<ul class=\"pagination\">\n\t    \n\t\n\n<li >\n\t<a href='?page_no=14458'>Previous<\/a>\n\t<\/li>\n\n\n       \n    \n\n<li><a href='?page_no=1'>1<\/a><\/li>\n\n\n\n<li><a href='?page_no=2'>2<\/a><\/li>\n\n\n\n<li><a>...<\/a><\/li>\n\n\n\n<li><a href='?page_no=14457'>14457<\/a><\/li>\n\n\n\n<li><a href='?page_no=14458'>14458<\/a><\/li>\n\n\n\n<li class='active'><a>14459<\/a><\/li>\n\n\n\n<li><a href='?page_no=14460'>14460<\/a><\/li>\n\n\n\n<li><a href='?page_no=14461'>14461<\/a><\/li>\n\n\n\n<li><a>...<\/a><\/li>\n\n\n\n<li><a href='?page_no=30472'>30472<\/a><\/li>\n\n\n\n<li><a href='?page_no=30473'>30473<\/a><\/li>\n\n    \n\t\n\n<li >\n\t<a href='?page_no=14460'>Next<\/a>\n\t<\/li>\n\n\n    \n\n<li><a href='?page_no=30473'>Last &rsaquo;&rsaquo;<\/a><\/li>\n\n<\/ul>\n\n\n--><br \/>\n<\/body><\/p>\n","protected":false},"excerpt":{"rendered":"<p>La Vega RD 1 noviembre.- Rep\u00fablica Dominicana tiene el reto de mejorar la condici\u00f3n de vida de la gente mediante pol\u00edticas p\u00fablicas que estimulen la educaci\u00f3n, la salud y el aprovechamiento de oportunidades productivas sin provocar da\u00f1os graves al medio ambiente, afirm\u00f3 el ministro de Econom\u00eda, Planificaci\u00f3n y Desarrollo. Durante una conferencia titulada \u00abDesarrollo sostenible [&hellip;]<\/p>\n","protected":false},"author":3,"featured_media":0,"comment_status":"open","ping_status":"open","sticky":false,"template":"","format":"standard","meta":{"footnotes":""},"categories":[18],"tags":[],"class_list":["post-98952","post","type-post","status-publish","format-standard","hentry","category-economia"],"_links":{"self":[{"href":"https:\/\/diariodominicano.com\/index.php?rest_route=\/wp\/v2\/posts\/98952","targetHints":{"allow":["GET"]}}],"collection":[{"href":"https:\/\/diariodominicano.com\/index.php?rest_route=\/wp\/v2\/posts"}],"about":[{"href":"https:\/\/diariodominicano.com\/index.php?rest_route=\/wp\/v2\/types\/post"}],"author":[{"embeddable":true,"href":"https:\/\/diariodominicano.com\/index.php?rest_route=\/wp\/v2\/users\/3"}],"replies":[{"embeddable":true,"href":"https:\/\/diariodominicano.com\/index.php?rest_route=%2Fwp%2Fv2%2Fcomments&post=98952"}],"version-history":[{"count":0,"href":"https:\/\/diariodominicano.com\/index.php?rest_route=\/wp\/v2\/posts\/98952\/revisions"}],"wp:attachment":[{"href":"https:\/\/diariodominicano.com\/index.php?rest_route=%2Fwp%2Fv2%2Fmedia&parent=98952"}],"wp:term":[{"taxonomy":"category","embeddable":true,"href":"https:\/\/diariodominicano.com\/index.php?rest_route=%2Fwp%2Fv2%2Fcategories&post=98952"},{"taxonomy":"post_tag","embeddable":true,"href":"https:\/\/diariodominicano.com\/index.php?rest_route=%2Fwp%2Fv2%2Ftags&post=98952"}],"curies":[{"name":"wp","href":"https:\/\/api.w.org\/{rel}","templated":true}]}}