{"id":98951,"date":"2013-11-01T15:06:38","date_gmt":"2013-11-01T15:06:38","guid":{"rendered":"http:\/\/diariodominicano.ddns.net\/?p=98951"},"modified":"2013-11-01T15:06:38","modified_gmt":"2013-11-01T15:06:38","slug":"industriales-apoyan-alianza-empresarios-gobierno-planteada-por-presidente-medina","status":"publish","type":"post","link":"https:\/\/diariodominicano.com\/?p=98951","title":{"rendered":"Industriales apoyan alianza empresarios-gobierno planteada por presidente Medina"},"content":{"rendered":"<p><body><\/p>\n<p><img decoding=\"async\" src=\"img3\/almuerzo 1.jpg\" \/>  <\/p>\n<p>Santo Domingo RD 1 noviembre.- El presidente Danilo Medina asisti\u00f3 esta tarde al Almuerzo Anual de la Asociaci\u00f3n de Industrias de la Rep\u00fablica Dominicana (AIRD), realizado con motivo del 51 aniversario de esa entidad.<\/p>\n<\/p>\n<p>Durante la actividad, los industriales, favorecieron el planteamiento externado por el presidente Danilo Medina durante el Foro Empresarial Iberoamericano, celebrado recientemente en Panam\u00e1, relativo a  una fuerte alianza entre los empresarios y los gobiernos  como  la \u00fanica forma de avanzar en el desarrollo.<\/p>\n<\/p>\n<p>\u00abPresidente, nunca ha sido m\u00e1s propicio el momento. Trabajemos todos juntos, todos unidos. Lo lograremos\u00bb, afirm\u00f3 el industrial Jos\u00e9 Manuel Paliza al concluir su conferencia \u00abLos retos de la sostenibilidad\u00bb, que tuvo a cargo como orador invitado.<\/p>\n<\/p>\n<p>Paliza identific\u00f3 al importador informal como el enemigo del sector industrial nacional, porque trabaja con una ventaja de 18% adicional para competir deslealmente.<\/p>\n<\/p>\n<p>Del mismo modo, la presidenta de la AIRD, Ligia Bonetti de Valiente, reconoci\u00f3 la receptividad y  disposici\u00f3n del Gobierno en la b\u00fasqueda de pol\u00edticas sectoriales para incrementar las exportaciones de bienes y servicios.<\/p>\n<\/p>\n<p>\u00abEs grato para nuestra instituci\u00f3n reconocer que, tanto la industria nacional, como en las Zonas Francas, hemos encontrado en el Gobierno un interlocutor con el cual nos hemos sentado en la mesa de trabajo para implementar las conclusiones del Segundo Congreso de la Industria Dominicana, celebrado el a\u00f1o pasado\u00bb, se\u00f1al\u00f3.<\/p>\n<\/p>\n<p> Al mismo tiempo explic\u00f3 que esas conclusiones han buscado \u00abque las pol\u00edticas sectoriales se encuentren deliberadamente alineadas y orientadas al firme prop\u00f3sito de incrementar las exportaciones de bienes y servicios, lo que significa eliminar sesgos e impulsar con decisi\u00f3n y el convencimiento la competitividad del pa\u00eds\u00bb.<\/p>\n<\/p>\n<p>Bonetti confi\u00f3 en que un entorno internacional m\u00e1s positivo como se prev\u00e9, podr\u00eda impulsar la demanda de bienes industriales dominicanos, lo que abre posibilidades para aprovechar los acuerdos comerciales ya suscritos.<\/p>\n<\/p>\n<p>Precis\u00f3 que se debe elevar la mirada hacia los mercados internacionales y se hace necesario el empuje de todos los sectores.<\/p>\n<\/p>\n<p>\u00abLa agenda de trabajo est\u00e1 dise\u00f1ada, la discutimos durante meses, en siete mesas de trabajo, que sirvieron de marco para una  nueva pol\u00edtica industrial hacia el 2017 que el Gobierno encabezado por el presidente Danilo Medina ha hecho suya\u00bb, puntualiz\u00f3.<\/p>\n<\/p>\n<p>Manifest\u00f3 su convicci\u00f3n de que el pa\u00eds tiene las fuerza y la determinaci\u00f3n para superar los obst\u00e1culos \u00aby si el marco de pol\u00edticas as\u00ed lo permite podremos estar en v\u00edsperas de una gran transformaci\u00f3n\u00bb.<\/p>\n<\/p>\n<p>El jefe de Estado estuvo acompa\u00f1ado en el almuerzo por el Ministro Administrativo de la Presidencia, Jos\u00e9 Ram\u00f3n Peralta y otros importantes funcionarios.<\/p>\n<h6> 2013-11-01 15:06:38 <\/h6>\n<p><!--\n<link rel=\"stylesheet\" href=\"css\/bootstrap.min.css\">\n\n\n<ul class=\"pagination\">\n\t    \n\t\n\n<li >\n\t<a href='?page_no=14457'>Previous<\/a>\n\t<\/li>\n\n\n       \n    \n\n<li><a href='?page_no=1'>1<\/a><\/li>\n\n\n\n<li><a href='?page_no=2'>2<\/a><\/li>\n\n\n\n<li><a>...<\/a><\/li>\n\n\n\n<li><a href='?page_no=14456'>14456<\/a><\/li>\n\n\n\n<li><a href='?page_no=14457'>14457<\/a><\/li>\n\n\n\n<li class='active'><a>14458<\/a><\/li>\n\n\n\n<li><a href='?page_no=14459'>14459<\/a><\/li>\n\n\n\n<li><a href='?page_no=14460'>14460<\/a><\/li>\n\n\n\n<li><a>...<\/a><\/li>\n\n\n\n<li><a href='?page_no=30472'>30472<\/a><\/li>\n\n\n\n<li><a href='?page_no=30473'>30473<\/a><\/li>\n\n    \n\t\n\n<li >\n\t<a href='?page_no=14459'>Next<\/a>\n\t<\/li>\n\n\n    \n\n<li><a href='?page_no=30473'>Last &rsaquo;&rsaquo;<\/a><\/li>\n\n<\/ul>\n\n\n--><br \/>\n<\/body><\/p>\n","protected":false},"excerpt":{"rendered":"<p>Santo Domingo RD 1 noviembre.- El presidente Danilo Medina asisti\u00f3 esta tarde al Almuerzo Anual de la Asociaci\u00f3n de Industrias de la Rep\u00fablica Dominicana (AIRD), realizado con motivo del 51 aniversario de esa entidad. Durante la actividad, los industriales, favorecieron el planteamiento externado por el presidente Danilo Medina durante el Foro Empresarial Iberoamericano, celebrado recientemente [&hellip;]<\/p>\n","protected":false},"author":3,"featured_media":0,"comment_status":"open","ping_status":"open","sticky":false,"template":"","format":"standard","meta":{"footnotes":""},"categories":[18],"tags":[],"class_list":["post-98951","post","type-post","status-publish","format-standard","hentry","category-economia"],"_links":{"self":[{"href":"https:\/\/diariodominicano.com\/index.php?rest_route=\/wp\/v2\/posts\/98951","targetHints":{"allow":["GET"]}}],"collection":[{"href":"https:\/\/diariodominicano.com\/index.php?rest_route=\/wp\/v2\/posts"}],"about":[{"href":"https:\/\/diariodominicano.com\/index.php?rest_route=\/wp\/v2\/types\/post"}],"author":[{"embeddable":true,"href":"https:\/\/diariodominicano.com\/index.php?rest_route=\/wp\/v2\/users\/3"}],"replies":[{"embeddable":true,"href":"https:\/\/diariodominicano.com\/index.php?rest_route=%2Fwp%2Fv2%2Fcomments&post=98951"}],"version-history":[{"count":0,"href":"https:\/\/diariodominicano.com\/index.php?rest_route=\/wp\/v2\/posts\/98951\/revisions"}],"wp:attachment":[{"href":"https:\/\/diariodominicano.com\/index.php?rest_route=%2Fwp%2Fv2%2Fmedia&parent=98951"}],"wp:term":[{"taxonomy":"category","embeddable":true,"href":"https:\/\/diariodominicano.com\/index.php?rest_route=%2Fwp%2Fv2%2Fcategories&post=98951"},{"taxonomy":"post_tag","embeddable":true,"href":"https:\/\/diariodominicano.com\/index.php?rest_route=%2Fwp%2Fv2%2Ftags&post=98951"}],"curies":[{"name":"wp","href":"https:\/\/api.w.org\/{rel}","templated":true}]}}