{"id":98947,"date":"2013-11-01T18:09:29","date_gmt":"2013-11-01T18:09:29","guid":{"rendered":"http:\/\/diariodominicano.ddns.net\/?p=98947"},"modified":"2013-11-01T18:09:29","modified_gmt":"2013-11-01T18:09:29","slug":"discurso-ligia-bonetti-en-almuerzo-anual-con-motivo-del-51-aniversario-de-la-aird","status":"publish","type":"post","link":"https:\/\/diariodominicano.com\/?p=98947","title":{"rendered":"Discurso Ligia Bonetti en Almuerzo Anual con motivo del 51 aniversario de la AIRD"},"content":{"rendered":"<p><body><\/p>\n<p><span class=\"text1noticias\"> <\/span><\/p>\n<p><span class=\"text1noticias\">Soy una fan\u00e1tica de la pelota dominicana y, aunque no voy a mencionar mi equipo favorito por razones obvias, me voy atrever a utilizar unas comparaciones con el mundo de ese deporte en estas breves palabras introductorias. <\/span><\/p>\n<\/p>\n<p><span class=\"text1noticias\">Los industriales sabemos que la carrera por el desarrollo de Rep\u00fablica Dominicana es una carrera de fondo. Una carrera que durante algunos a\u00f1os nos pareci\u00f3 que no ten\u00eda contrincantes, con poca competencia, protegidos por aranceles aduaneros que dificultaban que industrias de otros pa\u00edses del mundo incursionaran en nuestro mercado, pero que tambi\u00e9n nos limitaba a participar en otros campos. <\/span><\/p>\n<p><span class=\"text1noticias\">Podr\u00edamos decir que fue una \u00e9poca de formaci\u00f3n de nuestra capacidad industrial, de desarrollo de algunos de nuestros m\u00fasculos, pero tambi\u00e9n podr\u00edamos decir que corrimos el riesgo de acomodarnos y olvidarnos que, una vez abiertas las puertas a competencia real, podr\u00edamos vernos en desventajas tanto por din\u00e1micas internas de las industrias como por factores que ten\u00edan que ver con el contexto internacional. Nuestros m\u00fasculos industriales parec\u00edan no estar preparados y el ambiente en que llev\u00e1bamos a cabo nuestra actividad tampoco parec\u00eda favorecer que nos pusi\u00e9ramos en condiciones. <\/span><\/p>\n<p><span class=\"text1noticias\">  <\/span><\/p>\n<p><span class=\"text1noticias\">Firmamos acuerdos de libre comercio con el CARICOM, Centroam\u00e9rica, Estados Unidos y la Uni\u00f3n Europea. El terreno de juego cambi\u00f3, entraron nuevos jugadores y debimos buscar refuerzos que eran dif\u00edciles de encontrar. Todo un proceso que a muchos pareci\u00f3 moverle la alfombra y que les parec\u00eda tambi\u00e9n una especie de cataclismo que sacudi\u00f3 la producci\u00f3n nacional, tanto agropecuaria como manufacturera.  Todos parec\u00edamos temer que nos hicieran los 27 outs y no pudi\u00e9semos llegar a \u00abhome\u00bb. <\/span><\/p>\n<\/p>\n<p><span class=\"text1noticias\">Nos hemos empe\u00f1ado mucho en se\u00f1alar las deficiencias, tanto propias como del marco en que nos desenvolvemos. Hemos indicado una y otra vez lo que significa para nuestras industrias una generaci\u00f3n de electricidad eficiente y competitiva y un mayor acceso a financiamiento. Se\u00f1alamos que la estructura impositiva favorec\u00eda ?y favorece- las importaciones en detrimento de las exportaciones, al igual que el tipo de cambio que nos hemos dado en aras de la estabilidad macroecon\u00f3mica y que termina subsidiando las importaciones. Expresamos que debemos combatir el crecimiento aterrador de la econ\u00f3mica informal, cuestionando no solo nuestro sistema impositivo, o nuestras fr\u00e1giles instituciones que hacen impune la informalidad, sino tambi\u00e9n nuestras regulaciones laborales. Debemos tener la madurez y la transparencia para dialogar entre sectores, definiendo que queremos como pa\u00eds y donde queremos vernos en los pr\u00f3ximos 20 a\u00f1os.  <\/span><\/p>\n<\/p>\n<p><span class=\"text1noticias\">Hemos indicado que un modelo econ\u00f3mico que favorece sectores no transables tiende a ser deficitario y a no crear suficientes empleos formales en la econom\u00eda, por lo cual hemos propugnado por fortalecer el sector manufacturero, tanto nacional como de zonas francas. <\/span><\/p>\n<\/p>\n<p><span class=\"text1noticias\">Sin embargo, pese a estos factores, las industrias dominicana est\u00e1n  haciendo todo lo humanamente posible por readecuarse a lo interno, mejorar los procesos, impulsar la calidad de los productos, disponer de recursos humanos cualificados, innovar, mercadear. Creemos que las industrias han estado enfocadas en perseguir la excelencia, dif\u00edcil de alcanzar dado que una de las debilidades de nuestros pa\u00edses es la escasa inversi\u00f3n  en investigaci\u00f3n y desarrollo comparado con otras regiones, lo que obliga a depender de productos e innovaciones del mundo desarrollado. <\/span><\/p>\n<\/p>\n<p><span class=\"text1noticias\">Tambi\u00e9n est\u00e1n explorando nuevos mercados. Nuestras industrias siguen empe\u00f1adas en incrementar sus exportaciones y en fortalecer una cultura exportadora que haga posible su crecimiento, sabiendo que el mercado interno es un mercado discutido, donde tambi\u00e9n estamos obligados a ser competitivos. La informaci\u00f3n indica que las econom\u00edas m\u00e1s desarrolladas est\u00e1n saliendo de la crisis. No hay dudas de que un entorno internacional m\u00e1s positivo podr\u00eda impulsar la demanda de bienes industriales dominicanos. <\/span><\/p>\n<\/p>\n<p><span class=\"text1noticias\">Es as\u00ed como vemos que se abren posibilidades interesantes para aprovechar realmente los acuerdos comerciales ya suscritos. En la AIRD estamos convencidos de que si bien el mercado interno es importante para nuestra industria, hay que levantar la mirada y colocarla en los mercados internacionales, sobre todo donde tenemos entrada preferencial, pero para ello hace falta un real empuje de todos, industriales, trabajadores y gobierno. La agenda de trabajo est\u00e1 dise\u00f1ada, la discutimos durante meses en 7 mesas de trabajo que sirvieron de marco para una nueva pol\u00edtica industrial hacia el 2017 que el gobierno, encabezado por el Presidente Medina ha hecho suya. <\/span><\/p>\n<\/p>\n<p><span class=\"text1noticias\">Quiero expresar, se\u00f1or Presidente, socios de la AIRD, amigos que nos acompa\u00f1an, que es grato para nuestra instituci\u00f3n reconocer que, tanto en la industria nacional como en las zonas francas, hemos encontrado en el gobierno un interlocutor con el cual nos hemos sentado en la mesa de trabajo para implementar las conclusiones del Segundo Congreso de la Industria Dominicana celebrado el a\u00f1o pasado, buscando que las pol\u00edticas sectoriales se encuentren deliberadamente alineadas y orientadas al firme prop\u00f3sito de incrementar las exportaciones de bienes y servicios, lo que significa eliminar sesgos e impulsar con decisi\u00f3n y la convencimiento la competitividad del pa\u00eds,  la producci\u00f3n industrial, la generaci\u00f3n de empleos y sobre todo, se\u00f1ores, disminuir la informalidad que est\u00e1 corroyendo los cimientos de nuestra econom\u00eda y estructura comercial y productiva. <\/span><\/p>\n<\/p>\n<p><span class=\"text1noticias\">Hemos hablado y esperamos que el pr\u00f3ximo 19 de noviembre puedan ser anunciadas las conclusiones en torno a la pol\u00edtica comercial y de exportaciones, financiamiento, fomento empleo formal, capital humano e I+D+I, infraestructura, encadenamientos productivos y apoyo institucional al sector manufacturero. Acciones que junto a las que se definan en los pactos establecidos en la Estrategia Nacional de Desarrollo y en el aclamado pacto por la productividad y el empleo, deber\u00e1n sentar las bases para el verdadero desarrollo sostenible de la Rep\u00fablica Dominicana. <\/span><\/p>\n<\/p>\n<p><span class=\"text1noticias\">En este proceso, competir es la palabra m\u00e1gica. Tanto Zonas Francas como la industria nacional han demostrado que tienen la intenci\u00f3n, el inter\u00e9s y la capacidad para crecer, generar empleos formales y  desarrollarse en beneficio de todo nuestro pa\u00eds. Desafortunadamente en este juego se requiere de la voluntad, el empuje y la decisi\u00f3n de otros jugadores. Por ello, se\u00f1or Presidente, esperamos que con esa misma visi\u00f3n que usted ha asumido la agenda industrial lo hagan todo su equipo de gobierno, pero no de manera aislada como lamentablemente a veces pasa, sino totalmente coordinada para juntos avanzar en una misma direcci\u00f3n.  <\/span><\/p>\n<\/p>\n<p><span class=\"text1noticias\">En definitiva, los retos de un desarrollo sostenible est\u00e1n ah\u00ed y de ellos nos hablar\u00e1 con orgullo y mayor detenimiento nuestro orador invitado, Jos\u00e9 Manuel Paliza. <\/span><\/p>\n<\/p>\n<p><span class=\"text1noticias\">Sentimos que el pa\u00eds tiene las fuerzas y determinaci\u00f3n para superar los obst\u00e1culos y si el marco de pol\u00edticas as\u00ed lo permite podr\u00edamos estar en v\u00edsperas de una gran transformaci\u00f3n. <\/span><\/p>\n<\/p>\n<p><span class=\"text1noticias\">Ahora, si de algo estoy segura, en este mundo globalizado y competitivo, es que para competir y caminar hacia el desarrollo sostenible en nuestra naci\u00f3n, debemos fabricar bienes de alta tecnolog\u00eda alemana, precisi\u00f3n suiza, con dise\u00f1o americano, a costos de la India, precios chinos, pero por supuesto producidos en la Rep\u00fablica Dominicana. <\/span><\/p>\n<\/p>\n<\/p>\n<h6> 2013-11-01 18:09:29 <\/h6>\n<p><!--\n<link rel=\"stylesheet\" href=\"css\/bootstrap.min.css\">\n\n\n<ul class=\"pagination\">\n\t    \n\t\n\n<li >\n\t<a href='?page_no=14453'>Previous<\/a>\n\t<\/li>\n\n\n       \n    \n\n<li><a href='?page_no=1'>1<\/a><\/li>\n\n\n\n<li><a href='?page_no=2'>2<\/a><\/li>\n\n\n\n<li><a>...<\/a><\/li>\n\n\n\n<li><a href='?page_no=14452'>14452<\/a><\/li>\n\n\n\n<li><a href='?page_no=14453'>14453<\/a><\/li>\n\n\n\n<li class='active'><a>14454<\/a><\/li>\n\n\n\n<li><a href='?page_no=14455'>14455<\/a><\/li>\n\n\n\n<li><a href='?page_no=14456'>14456<\/a><\/li>\n\n\n\n<li><a>...<\/a><\/li>\n\n\n\n<li><a href='?page_no=30472'>30472<\/a><\/li>\n\n\n\n<li><a href='?page_no=30473'>30473<\/a><\/li>\n\n    \n\t\n\n<li >\n\t<a href='?page_no=14455'>Next<\/a>\n\t<\/li>\n\n\n    \n\n<li><a href='?page_no=30473'>Last &rsaquo;&rsaquo;<\/a><\/li>\n\n<\/ul>\n\n\n--><br \/>\n<\/body><\/p>\n","protected":false},"excerpt":{"rendered":"<p>Soy una fan\u00e1tica de la pelota dominicana y, aunque no voy a mencionar mi equipo favorito por razones obvias, me voy atrever a utilizar unas comparaciones con el mundo de ese deporte en estas breves palabras introductorias. Los industriales sabemos que la carrera por el desarrollo de Rep\u00fablica Dominicana es una carrera de fondo. Una [&hellip;]<\/p>\n","protected":false},"author":3,"featured_media":0,"comment_status":"open","ping_status":"open","sticky":false,"template":"","format":"standard","meta":{"footnotes":""},"categories":[18],"tags":[],"class_list":["post-98947","post","type-post","status-publish","format-standard","hentry","category-economia"],"_links":{"self":[{"href":"https:\/\/diariodominicano.com\/index.php?rest_route=\/wp\/v2\/posts\/98947","targetHints":{"allow":["GET"]}}],"collection":[{"href":"https:\/\/diariodominicano.com\/index.php?rest_route=\/wp\/v2\/posts"}],"about":[{"href":"https:\/\/diariodominicano.com\/index.php?rest_route=\/wp\/v2\/types\/post"}],"author":[{"embeddable":true,"href":"https:\/\/diariodominicano.com\/index.php?rest_route=\/wp\/v2\/users\/3"}],"replies":[{"embeddable":true,"href":"https:\/\/diariodominicano.com\/index.php?rest_route=%2Fwp%2Fv2%2Fcomments&post=98947"}],"version-history":[{"count":0,"href":"https:\/\/diariodominicano.com\/index.php?rest_route=\/wp\/v2\/posts\/98947\/revisions"}],"wp:attachment":[{"href":"https:\/\/diariodominicano.com\/index.php?rest_route=%2Fwp%2Fv2%2Fmedia&parent=98947"}],"wp:term":[{"taxonomy":"category","embeddable":true,"href":"https:\/\/diariodominicano.com\/index.php?rest_route=%2Fwp%2Fv2%2Fcategories&post=98947"},{"taxonomy":"post_tag","embeddable":true,"href":"https:\/\/diariodominicano.com\/index.php?rest_route=%2Fwp%2Fv2%2Ftags&post=98947"}],"curies":[{"name":"wp","href":"https:\/\/api.w.org\/{rel}","templated":true}]}}