{"id":98946,"date":"2013-11-01T18:28:58","date_gmt":"2013-11-01T18:28:58","guid":{"rendered":"http:\/\/diariodominicano.ddns.net\/?p=98946"},"modified":"2013-11-01T18:28:58","modified_gmt":"2013-11-01T18:28:58","slug":"presidente-medina-recibe-al-al-ministro-de-industria-energia-y-turismo-de-espana","status":"publish","type":"post","link":"https:\/\/diariodominicano.com\/?p=98946","title":{"rendered":"Presidente Medina recibe al  al ministro de Industria, Energ\u00eda y Turismo de Espa\u00f1a"},"content":{"rendered":"<p><body><\/p>\n<\/p>\n<p>Santo Domingo, RD, 1 de noviembre.- El presidente Danilo Medina recibi\u00f3 hoy, en su despacho del Palacio Nacional al ministro de Industria, Energ\u00eda y Turismo de Espa\u00f1a, Jos\u00e9 Manuel Soria, con quien habl\u00f3 entre otros aspectos de la creciente inversi\u00f3n espa\u00f1ola en el pa\u00eds.<\/p>\n<\/p>\n<p>El funcionario espa\u00f1ol explic\u00f3 que el mayor flujo de inversiones est\u00e1 en el turismo.<\/p>\n<\/p>\n<p>\u00abRep\u00fablica Dominicana no solo es una realidad tur\u00edstica ya, sino que tiene un potencial enorme por delante y ahora mismo todo lo que se est\u00e1 haciendo redunda en la mejora de la oferta de alojamiento y otro tipo de ofertas y ah\u00ed, las empresas espa\u00f1olas han desempe\u00f1ado un papel importante\u00bb, afirm\u00f3 Soria.<\/p>\n<\/p>\n<p>El Ministro Jos\u00e9 Manuel Soria habl\u00f3 en el Sal\u00f3n Orlando Mart\u00ednez del Palacio Nacional, luego de la reuni\u00f3n con el presidente Danilo Medina. <\/p>\n<\/p>\n<p>Lo acompa\u00f1aron el embajador espa\u00f1ol en el pa\u00eds Jaime Lacadena; la directora de la Oficina Comercial de la Embajada de Espa\u00f1a, M\u00f3nica V\u00e1squez, entre otros.<\/p>\n<\/p>\n<p>Manifest\u00f3 que alrededor del 60% de la oferta de alojamiento tur\u00edstico corresponde a inversi\u00f3n espa\u00f1ola.<\/p>\n<\/p>\n<p>\u00abY las empresas espa\u00f1olas quieren seguir, quieren persistir con este tipo de inversi\u00f3n\u00bb, signific\u00f3 el Ministro espa\u00f1ol.<\/p>\n<\/p>\n<p>Dijo que en su encuentro con el jefe de Estado dominicano le explic\u00f3 lo que se hace en materia de turismo, y ejecutorias como la aprobaci\u00f3n, el a\u00f1o pasado, del Plan Nacional de Turismo, en el que se ha elaborado la estrategia de la promoci\u00f3n tur\u00edstica.<\/p>\n<\/p>\n<p>\u00abEl Presidente se mostr\u00f3 particularmente interesado en las medidas que estamos implementando, sobre todo lo que tiene que ver con la participaci\u00f3n del sector privado en el conjunto de decisiones que se adoptan en la gu\u00eda de promoci\u00f3n tur\u00edstica\u00bb, puntualiz\u00f3.<\/p>\n<\/p>\n<p>Indic\u00f3 que el presidente Medina tambi\u00e9n se interes\u00f3 en que hiciera contacto con el ministro de  Turismo dominicano, Francisco Javier Garc\u00eda, para invitarle a Espa\u00f1a, para una jornada de trabajo t\u00e9cnica, e intercambiar experiencias sobre los avances de ambos pa\u00edses.<\/p>\n<\/p>\n<p>Soria dijo que habl\u00f3 con el Primer Mandatario sobre las pol\u00edticas econ\u00f3micas que han aplicado en Espa\u00f1a, en la actual coyuntura que vive esa naci\u00f3n europea.<\/p>\n<\/p>\n<p>Asimismo, plante\u00f3 algunas inquietudes sobre las empresas espa\u00f1olas en Rep\u00fablica Dominicana.<\/p>\n<h6> 2013-11-01 18:28:58 <\/h6>\n<p><!--\n<link rel=\"stylesheet\" href=\"css\/bootstrap.min.css\">\n\n\n<ul class=\"pagination\">\n\t    \n\t\n\n<li >\n\t<a href='?page_no=14452'>Previous<\/a>\n\t<\/li>\n\n\n       \n    \n\n<li><a href='?page_no=1'>1<\/a><\/li>\n\n\n\n<li><a href='?page_no=2'>2<\/a><\/li>\n\n\n\n<li><a>...<\/a><\/li>\n\n\n\n<li><a href='?page_no=14451'>14451<\/a><\/li>\n\n\n\n<li><a href='?page_no=14452'>14452<\/a><\/li>\n\n\n\n<li class='active'><a>14453<\/a><\/li>\n\n\n\n<li><a href='?page_no=14454'>14454<\/a><\/li>\n\n\n\n<li><a href='?page_no=14455'>14455<\/a><\/li>\n\n\n\n<li><a>...<\/a><\/li>\n\n\n\n<li><a href='?page_no=30472'>30472<\/a><\/li>\n\n\n\n<li><a href='?page_no=30473'>30473<\/a><\/li>\n\n    \n\t\n\n<li >\n\t<a href='?page_no=14454'>Next<\/a>\n\t<\/li>\n\n\n    \n\n<li><a href='?page_no=30473'>Last &rsaquo;&rsaquo;<\/a><\/li>\n\n<\/ul>\n\n\n--><br \/>\n<\/body><\/p>\n","protected":false},"excerpt":{"rendered":"<p>Santo Domingo, RD, 1 de noviembre.- El presidente Danilo Medina recibi\u00f3 hoy, en su despacho del Palacio Nacional al ministro de Industria, Energ\u00eda y Turismo de Espa\u00f1a, Jos\u00e9 Manuel Soria, con quien habl\u00f3 entre otros aspectos de la creciente inversi\u00f3n espa\u00f1ola en el pa\u00eds. El funcionario espa\u00f1ol explic\u00f3 que el mayor flujo de inversiones est\u00e1 [&hellip;]<\/p>\n","protected":false},"author":3,"featured_media":0,"comment_status":"open","ping_status":"open","sticky":false,"template":"","format":"standard","meta":{"footnotes":""},"categories":[18],"tags":[],"class_list":["post-98946","post","type-post","status-publish","format-standard","hentry","category-economia"],"_links":{"self":[{"href":"https:\/\/diariodominicano.com\/index.php?rest_route=\/wp\/v2\/posts\/98946","targetHints":{"allow":["GET"]}}],"collection":[{"href":"https:\/\/diariodominicano.com\/index.php?rest_route=\/wp\/v2\/posts"}],"about":[{"href":"https:\/\/diariodominicano.com\/index.php?rest_route=\/wp\/v2\/types\/post"}],"author":[{"embeddable":true,"href":"https:\/\/diariodominicano.com\/index.php?rest_route=\/wp\/v2\/users\/3"}],"replies":[{"embeddable":true,"href":"https:\/\/diariodominicano.com\/index.php?rest_route=%2Fwp%2Fv2%2Fcomments&post=98946"}],"version-history":[{"count":0,"href":"https:\/\/diariodominicano.com\/index.php?rest_route=\/wp\/v2\/posts\/98946\/revisions"}],"wp:attachment":[{"href":"https:\/\/diariodominicano.com\/index.php?rest_route=%2Fwp%2Fv2%2Fmedia&parent=98946"}],"wp:term":[{"taxonomy":"category","embeddable":true,"href":"https:\/\/diariodominicano.com\/index.php?rest_route=%2Fwp%2Fv2%2Fcategories&post=98946"},{"taxonomy":"post_tag","embeddable":true,"href":"https:\/\/diariodominicano.com\/index.php?rest_route=%2Fwp%2Fv2%2Ftags&post=98946"}],"curies":[{"name":"wp","href":"https:\/\/api.w.org\/{rel}","templated":true}]}}