{"id":98945,"date":"2013-11-01T19:10:31","date_gmt":"2013-11-01T19:10:31","guid":{"rendered":"http:\/\/diariodominicano.ddns.net\/?p=98945"},"modified":"2013-11-01T19:10:31","modified_gmt":"2013-11-01T19:10:31","slug":"ministro-anuncia-avance-de-trabajos-de-rehabilitacion-del-proyecto-agrario-la-cruz-de-manzanillo","status":"publish","type":"post","link":"https:\/\/diariodominicano.com\/?p=98945","title":{"rendered":"&#13;Ministro anuncia avance de trabajos  de rehabilitaci\u00f3n del proyecto agrario La Cruz de Manzanillo&#13;"},"content":{"rendered":"<p><body><\/p>\n<\/p>\n<p><span class=\"text1noticias\">Santo Domingo, RD,1 de noviembre.- El Ministro de Agricultura, Luis Ram\u00f3n Rodr\u00edguez, inform\u00f3 que la instituci\u00f3n trabaja aceleradamente en la rehabilitaci\u00f3n del proyecto agrario La Cruz de Manzanillo, para ponerlo en condiciones de exportar  30 contenedores  de banano  semanales, especialmente hacia Europa.<\/span><\/p>\n<\/p>\n<p><span class=\"text1noticias\">El funcionario explic\u00f3 que  cuando  reinicie su proceso de producci\u00f3n, este proyecto estar\u00e1 en capacidad de generar entre mil 500 y  3 mil empleos directos, lo que dinamizar\u00e1 la econom\u00eda de la zona.<\/span><\/p>\n<p><span class=\"text1noticias\"> <\/span><\/p>\n<p><span class=\"text1noticias\">Al destacar la importancia del   reacondicionamiento del proyecto agrario, Rodr\u00edguez  dijo que con la creaci\u00f3n de empleos directos,  esa unidad productiva contribuir\u00e1 a mejorar las condiciones de vida de las poblaciones de la L\u00ednea Noroeste.<\/span><\/p>\n<\/p>\n<p><span class=\"text1noticias\">El programa de rehabilitaci\u00f3n del proyecto est\u00e1 dirigido por la Divisi\u00f3n de Mus\u00e1ceas, del Departamento de Producci\u00f3n, que proyecta relanzarlo en el menor tiempo, para que comience a brindar beneficios a los moradores de las comunidades aleda\u00f1as.<\/span><\/p>\n<\/p>\n<p><span class=\"text1noticias\">El ministro Rodr\u00edguez revel\u00f3 que brigadas de obreros y  equipos trabajan en el acondicionamiento de la infraestructura del proyecto, limpieza de canales, y en la siembra de m\u00e1s de 38 mil  plantas de banano y pl\u00e1tano de alta calidad gen\u00e9tica.<\/span><\/p>\n<\/p>\n<p><span class=\"text1noticias\">Dijo que en la actualidad existen mil tareas en producci\u00f3n de banano, y que con el relanzamiento de la unidad productiva se espera plantar otras 17 mil tareas.<\/span><\/p>\n<p><span class=\"text1noticias\"> <\/span><\/p>\n<p><span class=\"text1noticias\">Explic\u00f3 que Agricultura trabaja, adem\u00e1s, en la diversificaci\u00f3n de cultivos en el proyecto La Cruz de Manzanillo, con la siembra de habichuela de invierno; mil tareas de pl\u00e1tano, y 400 tareas  de yuca, lo cual contribuir\u00e1 con la seguridad alimentaria, no solo de Manzanillo, sino de todas las comunidades de la L\u00ednea Noroeste.<\/span><\/p>\n<\/p>\n<p><span class=\"text1noticias\">La instituci\u00f3n espera que entre los meses de enero y febrero del pr\u00f3ximo a\u00f1o, comience a comercializarse la producci\u00f3n de pl\u00e1tano del proyecto, con lo que los consumidores podr\u00e1n adquirir el alimento a  precios asequibles.<\/span><\/p>\n<\/p>\n<p><span class=\"text1noticias\">El banano es uno de los cultivos m\u00e1s importantes del pa\u00eds, ya que genera m\u00e1s de 200 millones de d\u00f3lares anualmente por la exportaci\u00f3n de entre 300 a 350 toneladas m\u00e9tricas a los mercados de Europa, espec\u00edficamente al Reino Unido.   <\/span><\/p>\n<\/p>\n<p><span class=\"text1noticias\">El ministro de Agricultura record\u00f3 que el 57 por ciento del banano que exporta Rep\u00fablica Dominicana es org\u00e1nico, lo que coloca al pa\u00eds como el mayor exportador mundial de ese tipo de producto.<\/span><\/p>\n<\/p>\n<p><span class=\"text1noticias\">Dijo que para aumentar las exportaciones de mus\u00e1ceas, el Gobierno busca incrementar las \u00e1reas de siembra en todas las zonas productoras del pa\u00eds.<\/span><\/p>\n<\/p>\n<h6> 2013-11-01 19:10:31 <\/h6>\n<p><!--\n<link rel=\"stylesheet\" href=\"css\/bootstrap.min.css\">\n\n\n<ul class=\"pagination\">\n\t    \n\t\n\n<li >\n\t<a href='?page_no=14451'>Previous<\/a>\n\t<\/li>\n\n\n       \n    \n\n<li><a href='?page_no=1'>1<\/a><\/li>\n\n\n\n<li><a href='?page_no=2'>2<\/a><\/li>\n\n\n\n<li><a>...<\/a><\/li>\n\n\n\n<li><a href='?page_no=14450'>14450<\/a><\/li>\n\n\n\n<li><a href='?page_no=14451'>14451<\/a><\/li>\n\n\n\n<li class='active'><a>14452<\/a><\/li>\n\n\n\n<li><a href='?page_no=14453'>14453<\/a><\/li>\n\n\n\n<li><a href='?page_no=14454'>14454<\/a><\/li>\n\n\n\n<li><a>...<\/a><\/li>\n\n\n\n<li><a href='?page_no=30472'>30472<\/a><\/li>\n\n\n\n<li><a href='?page_no=30473'>30473<\/a><\/li>\n\n    \n\t\n\n<li >\n\t<a href='?page_no=14453'>Next<\/a>\n\t<\/li>\n\n\n    \n\n<li><a href='?page_no=30473'>Last &rsaquo;&rsaquo;<\/a><\/li>\n\n<\/ul>\n\n\n--><br \/>\n<\/body><\/p>\n","protected":false},"excerpt":{"rendered":"<p>Santo Domingo, RD,1 de noviembre.- El Ministro de Agricultura, Luis Ram\u00f3n Rodr\u00edguez, inform\u00f3 que la instituci\u00f3n trabaja aceleradamente en la rehabilitaci\u00f3n del proyecto agrario La Cruz de Manzanillo, para ponerlo en condiciones de exportar 30 contenedores de banano semanales, especialmente hacia Europa. El funcionario explic\u00f3 que cuando reinicie su proceso de producci\u00f3n, este proyecto estar\u00e1 [&hellip;]<\/p>\n","protected":false},"author":3,"featured_media":0,"comment_status":"open","ping_status":"open","sticky":false,"template":"","format":"standard","meta":{"footnotes":""},"categories":[18],"tags":[],"class_list":["post-98945","post","type-post","status-publish","format-standard","hentry","category-economia"],"_links":{"self":[{"href":"https:\/\/diariodominicano.com\/index.php?rest_route=\/wp\/v2\/posts\/98945","targetHints":{"allow":["GET"]}}],"collection":[{"href":"https:\/\/diariodominicano.com\/index.php?rest_route=\/wp\/v2\/posts"}],"about":[{"href":"https:\/\/diariodominicano.com\/index.php?rest_route=\/wp\/v2\/types\/post"}],"author":[{"embeddable":true,"href":"https:\/\/diariodominicano.com\/index.php?rest_route=\/wp\/v2\/users\/3"}],"replies":[{"embeddable":true,"href":"https:\/\/diariodominicano.com\/index.php?rest_route=%2Fwp%2Fv2%2Fcomments&post=98945"}],"version-history":[{"count":0,"href":"https:\/\/diariodominicano.com\/index.php?rest_route=\/wp\/v2\/posts\/98945\/revisions"}],"wp:attachment":[{"href":"https:\/\/diariodominicano.com\/index.php?rest_route=%2Fwp%2Fv2%2Fmedia&parent=98945"}],"wp:term":[{"taxonomy":"category","embeddable":true,"href":"https:\/\/diariodominicano.com\/index.php?rest_route=%2Fwp%2Fv2%2Fcategories&post=98945"},{"taxonomy":"post_tag","embeddable":true,"href":"https:\/\/diariodominicano.com\/index.php?rest_route=%2Fwp%2Fv2%2Ftags&post=98945"}],"curies":[{"name":"wp","href":"https:\/\/api.w.org\/{rel}","templated":true}]}}