{"id":98944,"date":"2013-11-01T19:38:55","date_gmt":"2013-11-01T19:38:55","guid":{"rendered":"http:\/\/diariodominicano.ddns.net\/?p=98944"},"modified":"2013-11-01T19:38:55","modified_gmt":"2013-11-01T19:38:55","slug":"dicen-esta-listo-el-proceso-de-apertura-del-merca-santo-domingo-75-de-los-locales-comerciales-ya-han-sido-asignados","status":"publish","type":"post","link":"https:\/\/diariodominicano.com\/?p=98944","title":{"rendered":"&#13;Dicen est\u00e1 listo el proceso de apertura del Merca Santo Domingo, 75%  de los locales comerciales ya han sido asignados&#13;"},"content":{"rendered":"<p><body><\/p>\n<\/p>\n<p>Santo Domingo, RD, 1 de noviembre.- El administrador general del Merca Santo Domingo, ingeniero Eusebio Guzm\u00e1n, anunci\u00f3 que todo est\u00e1 listo para el inicio del proceso de apertura el pr\u00f3ximo jueves 7 de noviembre del importante proyecto, que impactar\u00e1 de manera directa en el presupuesto familiar de los sectores m\u00e1s necesitados, quienes tendr\u00e1n la oportunidad de adquirir productos frescos a bajos costos.<\/p>\n<\/p>\n<p>Al encabezar una sesi\u00f3n de trabajo con agroempresarios adquiriente de locales para mayoristas del Merca Santo Domingo, orientada a la coordinaci\u00f3n de todos los detalles relativos al inicio del proceso de apertura de esta gran plaza de comercio agropecuario nacional e internacional marcado para iniciarse los d\u00edas jueves 7, viernes 8, y s\u00e1bado 9 de noviembre del presente a\u00f1o, en horario de 7:00am. a 4:00pm, y continuando cada semana durante los mismos d\u00edas del mes de noviembre.<\/p>\n<\/p>\n<p>Destac\u00f3  la importancia de este encuentro, ya que sirve de base para la coordinaci\u00f3n y consolidaci\u00f3n de los trabajos a fin de garantizar el \u00e9xito de las pr\u00f3ximas jornadas de ventas de productos agropecuarios y de la cercana apertura total del Mercado Central de Mayorista<\/p>\n<\/p>\n<p>MERCADON ha convocado a esta reuni\u00f3n a la gran mayor\u00eda de las empresas nacionales tanto de la  rama agr\u00edcola como pecuaria, que  producen, procesan, empacan y comercializan productos del campo, a esta reuni\u00f3n-almuerzo patrocinada por los propios comerciantes en la cual se discuten y se unifican criterios sobre el proceso que ha de cumplirse en la fase previa o de pre-apertura del Merca Santo Domingo,  asegur\u00f3 el ingeniero Eusebio Guzm\u00e1n.<\/p>\n<\/p>\n<p>Resalt\u00f3 el apoyo del presidente Danilo Medina, y del Ministro de Agricultura, Luis Ram\u00f3n Rodr\u00edguez, para que el proyecto haya llegado a los niveles en que se encuentra, lo que garantiza el \u00e9xito del mismo, porque evidencia el compromiso del Gobierno con el sector agropecuario y la gran masa de consumidores del Pa\u00eds.<\/p>\n<\/p>\n<p>En lo que respecta a la problem\u00e1tica del distribuidor de tr\u00e1nsito que har\u00e1 posible el acceso f\u00e1cil y seguro al Mercado, as\u00ed como el ingreso desde el Merca Santo Domingo, hacia la autopista Duarte, se\u00f1al\u00f3 que el Ministerio de Obras P\u00fablicas, trabaja a ritmo acelerado en esta importante obra de ingenier\u00eda previ\u00e9ndose su terminaci\u00f3n para la tercera o cuarta semana del presente mes.<\/p>\n<\/p>\n<p>Agreg\u00f3 que la mayor parte de las entidades del sector privado, dedicadas a la importaci\u00f3n de mercanc\u00edas de origen agropecuario, tambi\u00e9n agotan el proceso para la instalaci\u00f3n de su negocios en  el Merca Santo Domingo, consciente ellos, de que este gran Centro de Comercio Agropecuario, apunta a convertirse en un poderoso im\u00e1n que atraer\u00e1 a la mayor parte del comercio detallista del Gran Santo Domingo.<\/p>\n<\/p>\n<p>Asimismo, se\u00f1al\u00f3 Guzm\u00e1n que otro elemento que tendr\u00e1 un gran impacto, altamente positivo en el desarrollo de este gran centro de comercio agropecuario como es el Merca Santo Domingo, lo constituye la construcci\u00f3n de la gran avenida de circunvalaci\u00f3n que para todo el gran Santo Domingo se construye desde el Puerto de Haina hasta el Puerto Multimodal de Boca Chica pasando a la altura del Km.23, de la autopista Duarte  a escasa distancia del Merca Santo Domingo,  obra \u00e9sta, que facilitar\u00e1 grandemente el traslado de los comerciantes detallistas de la provincia Santo Domingo y los municipios de  Boca Chica, Guerra y todas las dem\u00e1s localidades del Pa\u00eds, hasta esta gran Plaza Agropecuaria.<\/p>\n<\/p>\n<p>Precis\u00f3 que el prop\u00f3sito fundamental de esta feria de ofertas de productos de la agropecuaria es el de encender los motores que impulsen la apertura total del Mercado de mayoristas proyectada para  la primera semana del mes de diciembre, a fin de crear el ambiente de negocios propio de las festividades navide\u00f1as, y as\u00ed brindarle a la poblaci\u00f3n las facilidades que merecen en esta festiva \u00e9poca del a\u00f1o.<\/p>\n<\/p>\n<p>Revel\u00f3 que al d\u00eda de hoy cerca del 75% de los locales comerciales para mayoristas han sido asignados, amparados en contratos con vigencia de 25 a\u00f1os.<\/p>\n<\/p>\n<p>Manifest\u00f3 que esta reuni\u00f3n almuerzo desarrollada en la nave del mercado conocida como Situado de Productores, sirvi\u00f3 tambi\u00e9n, para informarle a los comerciantes mayoristas que el MERCADOM ha iniciado ya, el proceso de Carnetizaci\u00f3n de todos los entes que habr\u00e1n de interactuar en este gran mercado y se  inform\u00f3, que dicho proceso, se inici\u00f3 ya con la confecci\u00f3n de carnets a los productores agropecuarios de todo el Pa\u00eds habi\u00e9ndose iniciado dicho proceso por la confecci\u00f3n de carnet a los productores agropecuario de todo el pa\u00eds.<\/p>\n<\/p>\n<p>Enfatiz\u00f3, el Administrador General de MERCADOM que uno de los factores que aseguran el \u00e9xito del comercio en esta extensa plaza, asentada en un solar de un mill\u00f3n cien mil metros cuadrados, son las condiciones de higiene, limpieza, seguridad, amplitud de parqueos, y facilidades de circulaci\u00f3n para todos tipos de veh\u00edculos que imperan en esta atractiva plaza de comercio agropecuario nacional.<\/p>\n<h6> 2013-11-01 19:38:55 <\/h6>\n<p><!--\n<link rel=\"stylesheet\" href=\"css\/bootstrap.min.css\">\n\n\n<ul class=\"pagination\">\n\t    \n\t\n\n<li >\n\t<a href='?page_no=14450'>Previous<\/a>\n\t<\/li>\n\n\n       \n    \n\n<li><a href='?page_no=1'>1<\/a><\/li>\n\n\n\n<li><a href='?page_no=2'>2<\/a><\/li>\n\n\n\n<li><a>...<\/a><\/li>\n\n\n\n<li><a href='?page_no=14449'>14449<\/a><\/li>\n\n\n\n<li><a href='?page_no=14450'>14450<\/a><\/li>\n\n\n\n<li class='active'><a>14451<\/a><\/li>\n\n\n\n<li><a href='?page_no=14452'>14452<\/a><\/li>\n\n\n\n<li><a href='?page_no=14453'>14453<\/a><\/li>\n\n\n\n<li><a>...<\/a><\/li>\n\n\n\n<li><a href='?page_no=30472'>30472<\/a><\/li>\n\n\n\n<li><a href='?page_no=30473'>30473<\/a><\/li>\n\n    \n\t\n\n<li >\n\t<a href='?page_no=14452'>Next<\/a>\n\t<\/li>\n\n\n    \n\n<li><a href='?page_no=30473'>Last &rsaquo;&rsaquo;<\/a><\/li>\n\n<\/ul>\n\n\n--><br \/>\n<\/body><\/p>\n","protected":false},"excerpt":{"rendered":"<p>Santo Domingo, RD, 1 de noviembre.- El administrador general del Merca Santo Domingo, ingeniero Eusebio Guzm\u00e1n, anunci\u00f3 que todo est\u00e1 listo para el inicio del proceso de apertura el pr\u00f3ximo jueves 7 de noviembre del importante proyecto, que impactar\u00e1 de manera directa en el presupuesto familiar de los sectores m\u00e1s necesitados, quienes tendr\u00e1n la oportunidad [&hellip;]<\/p>\n","protected":false},"author":3,"featured_media":0,"comment_status":"open","ping_status":"open","sticky":false,"template":"","format":"standard","meta":{"footnotes":""},"categories":[18],"tags":[],"class_list":["post-98944","post","type-post","status-publish","format-standard","hentry","category-economia"],"_links":{"self":[{"href":"https:\/\/diariodominicano.com\/index.php?rest_route=\/wp\/v2\/posts\/98944","targetHints":{"allow":["GET"]}}],"collection":[{"href":"https:\/\/diariodominicano.com\/index.php?rest_route=\/wp\/v2\/posts"}],"about":[{"href":"https:\/\/diariodominicano.com\/index.php?rest_route=\/wp\/v2\/types\/post"}],"author":[{"embeddable":true,"href":"https:\/\/diariodominicano.com\/index.php?rest_route=\/wp\/v2\/users\/3"}],"replies":[{"embeddable":true,"href":"https:\/\/diariodominicano.com\/index.php?rest_route=%2Fwp%2Fv2%2Fcomments&post=98944"}],"version-history":[{"count":0,"href":"https:\/\/diariodominicano.com\/index.php?rest_route=\/wp\/v2\/posts\/98944\/revisions"}],"wp:attachment":[{"href":"https:\/\/diariodominicano.com\/index.php?rest_route=%2Fwp%2Fv2%2Fmedia&parent=98944"}],"wp:term":[{"taxonomy":"category","embeddable":true,"href":"https:\/\/diariodominicano.com\/index.php?rest_route=%2Fwp%2Fv2%2Fcategories&post=98944"},{"taxonomy":"post_tag","embeddable":true,"href":"https:\/\/diariodominicano.com\/index.php?rest_route=%2Fwp%2Fv2%2Ftags&post=98944"}],"curies":[{"name":"wp","href":"https:\/\/api.w.org\/{rel}","templated":true}]}}