{"id":98940,"date":"2013-11-02T16:40:38","date_gmt":"2013-11-02T16:40:38","guid":{"rendered":"http:\/\/diariodominicano.ddns.net\/?p=98940"},"modified":"2013-11-02T16:40:38","modified_gmt":"2013-11-02T16:40:38","slug":"guillermo-caram-ahora-predomina-la-economia-de-la-especulacion-sugiere-un-cambio-del-modelo-economico","status":"publish","type":"post","link":"https:\/\/diariodominicano.com\/?p=98940","title":{"rendered":"Guillermo Caram: \u00abAhora predomina la econom\u00eda de la especulaci\u00f3n\u00bb sugiere un cambio del modelo econ\u00f3mico"},"content":{"rendered":"<p><body><\/p>\n<p><img decoding=\"async\" src=\"img3\/caram.jpg\" \/>  <\/p>\n<p><span class=\"text1noticias\">Santo Domingo, RD, 2 de Noviembre.-El ex-gobernador del Banco Central, Guillermo Caram, ofreci\u00f3 detalles de como ahora predomina la econom\u00eda de la especulaci\u00f3n  al participar en un an\u00e1lisis comparativo del  modelo econ\u00f3mico que dej\u00f3 el expresidente Joaqu\u00edn Balaguer con el modelo econ\u00f3mico actual.<\/span><\/p>\n<p><span class=\"text1noticias\"> <\/span><\/p>\n<p><span class=\"text1noticias\">Esto fue analizado en el segmento la Hemeroteca del programa El Verificador que conduce la comunicadora Greysis de la Cruz.<\/span><\/p>\n<p><span class=\"text1noticias\"> <\/span><\/p>\n<p><span class=\"text1noticias\">Caram asegur\u00f3  que el modelo econ\u00f3mico de Balaguer  tenia varios componentes, el fundamental es la disciplina fiscal y la generaci\u00f3n de excedentes para poder invertir con recursos propios.<\/span><\/p>\n<p><span class=\"text1noticias\"> <\/span><\/p>\n<p><span class=\"text1noticias\">El programa tambi\u00e9n presenta este domingo 3 de noviembre la intervenci\u00f3n del presidente Balaguer explicando la aplicaci\u00f3n de sus medidas econ\u00f3micas.<\/span><\/p>\n<p><span class=\"text1noticias\"> <\/span><\/p>\n<p><span class=\"text1noticias\">Adem\u00e1s, Greysis de la Cruz conversa con Eduardo Estrella para analizar la lucha contra la corrupci\u00f3n.<\/span><\/p>\n<p><span class=\"text1noticias\"> <\/span><\/p>\n<p><span class=\"text1noticias\">\u00abHay mas corrupci\u00f3n como nunca antes, el pa\u00eds es un desorden porque no se castiga al de arriba, eso aumenta la impunidad, sin ejemplos arriba no se puede decir que se combate la corrupci\u00f3n\u00bb asegur\u00f3 Eduardo Estrella.<\/span><\/p>\n<p><span class=\"text1noticias\"> <\/span><\/p>\n<p><span class=\"text1noticias\">Esta semana El Verificador trae una impactante \u00abprueba de verificaci\u00f3n\u00bb sobre la debatida ley de partidos pol\u00edticos y modificaci\u00f3n a la ley electoral y como su aprobaci\u00f3n le dar\u00eda nuevas herramientas a la JCE para controlar a los partidos.<\/span><\/p>\n<p><span class=\"text1noticias\"> <\/span><\/p>\n<p><span class=\"text1noticias\">En medio del bombardeo informativo en el que historias salen a la luz en el mismo instante en que suceden, hace falta sacar tiempo para recolectar, filtrar y verificar lo que realmente tiene valor para los ciudadanos, eso hace el periodismo de datos, que llega a nuestro pa\u00eds en EL VERIFICADOR con Greysis de la Cruz<\/span><\/p>\n<p><span class=\"text1noticias\"> <\/span><\/p>\n<p><span class=\"text1noticias\">Eso nos convierte \u00fanico e innovador en su clase, que utiliza la herramienta \u00abFact Checking\u00bb o verificaci\u00f3n de hechos y datos para evaluar la exactitud de las declaraciones y las cifras de los discursos pol\u00edticos y personalidades.(HG)<\/span>.<\/p>\n<h6> 2013-11-02 16:40:38 <\/h6>\n<p><!--\n<link rel=\"stylesheet\" href=\"css\/bootstrap.min.css\">\n\n\n<ul class=\"pagination\">\n\t    \n\t\n\n<li >\n\t<a href='?page_no=14447'>Previous<\/a>\n\t<\/li>\n\n\n       \n    \n\n<li><a href='?page_no=1'>1<\/a><\/li>\n\n\n\n<li><a href='?page_no=2'>2<\/a><\/li>\n\n\n\n<li><a>...<\/a><\/li>\n\n\n\n<li><a href='?page_no=14446'>14446<\/a><\/li>\n\n\n\n<li><a href='?page_no=14447'>14447<\/a><\/li>\n\n\n\n<li class='active'><a>14448<\/a><\/li>\n\n\n\n<li><a href='?page_no=14449'>14449<\/a><\/li>\n\n\n\n<li><a href='?page_no=14450'>14450<\/a><\/li>\n\n\n\n<li><a>...<\/a><\/li>\n\n\n\n<li><a href='?page_no=30472'>30472<\/a><\/li>\n\n\n\n<li><a href='?page_no=30473'>30473<\/a><\/li>\n\n    \n\t\n\n<li >\n\t<a href='?page_no=14449'>Next<\/a>\n\t<\/li>\n\n\n    \n\n<li><a href='?page_no=30473'>Last &rsaquo;&rsaquo;<\/a><\/li>\n\n<\/ul>\n\n\n--><br \/>\n<\/body><\/p>\n","protected":false},"excerpt":{"rendered":"<p>Santo Domingo, RD, 2 de Noviembre.-El ex-gobernador del Banco Central, Guillermo Caram, ofreci\u00f3 detalles de como ahora predomina la econom\u00eda de la especulaci\u00f3n al participar en un an\u00e1lisis comparativo del modelo econ\u00f3mico que dej\u00f3 el expresidente Joaqu\u00edn Balaguer con el modelo econ\u00f3mico actual. Esto fue analizado en el segmento la Hemeroteca del programa El Verificador [&hellip;]<\/p>\n","protected":false},"author":3,"featured_media":0,"comment_status":"open","ping_status":"open","sticky":false,"template":"","format":"standard","meta":{"footnotes":""},"categories":[18],"tags":[],"class_list":["post-98940","post","type-post","status-publish","format-standard","hentry","category-economia"],"_links":{"self":[{"href":"https:\/\/diariodominicano.com\/index.php?rest_route=\/wp\/v2\/posts\/98940","targetHints":{"allow":["GET"]}}],"collection":[{"href":"https:\/\/diariodominicano.com\/index.php?rest_route=\/wp\/v2\/posts"}],"about":[{"href":"https:\/\/diariodominicano.com\/index.php?rest_route=\/wp\/v2\/types\/post"}],"author":[{"embeddable":true,"href":"https:\/\/diariodominicano.com\/index.php?rest_route=\/wp\/v2\/users\/3"}],"replies":[{"embeddable":true,"href":"https:\/\/diariodominicano.com\/index.php?rest_route=%2Fwp%2Fv2%2Fcomments&post=98940"}],"version-history":[{"count":0,"href":"https:\/\/diariodominicano.com\/index.php?rest_route=\/wp\/v2\/posts\/98940\/revisions"}],"wp:attachment":[{"href":"https:\/\/diariodominicano.com\/index.php?rest_route=%2Fwp%2Fv2%2Fmedia&parent=98940"}],"wp:term":[{"taxonomy":"category","embeddable":true,"href":"https:\/\/diariodominicano.com\/index.php?rest_route=%2Fwp%2Fv2%2Fcategories&post=98940"},{"taxonomy":"post_tag","embeddable":true,"href":"https:\/\/diariodominicano.com\/index.php?rest_route=%2Fwp%2Fv2%2Ftags&post=98940"}],"curies":[{"name":"wp","href":"https:\/\/api.w.org\/{rel}","templated":true}]}}