{"id":98939,"date":"2013-11-02T17:06:25","date_gmt":"2013-11-02T17:06:25","guid":{"rendered":"http:\/\/diariodominicano.ddns.net\/?p=98939"},"modified":"2013-11-02T17:06:25","modified_gmt":"2013-11-02T17:06:25","slug":"centro-bono-insiste-en-que-presupuesto-de-2014-tiene-baja-inversion-social-y-alto-endeudamiento-publico","status":"publish","type":"post","link":"https:\/\/diariodominicano.com\/?p=98939","title":{"rendered":"Centro Bon\u00f3 insiste en que  presupuesto de 2014 tiene baja inversi\u00f3n social  y alto endeudamiento p\u00fablico"},"content":{"rendered":"<p><body><\/p>\n<p><img decoding=\"async\" src=\"img3\/bono.jpg\" \/>  <\/p>\n<p><span class=\"text1noticias\">Santo Domingo. 2 de Noviembre 2013. El Centro Bon\u00f3 valora positivo los esfuerzos de la Direcci\u00f3n General de Presupuesto (DIGEPRES)  por mejorar la estructuraci\u00f3n del  presupuesto 2014, pero insiste en  que es m\u00e1s de lo mismo porque sigue la baja inversi\u00f3n en el regl\u00f3n social y el alto endeudamiento p\u00fablico.<\/span><\/p>\n<p><span class=\"text1noticias\"> <\/span><\/p>\n<p><span class=\"text1noticias\">\u00abSe mantiene inalteradas distorsiones presupuestarias, como las que generan el barrilito, el peaje sombra, los subsidios a las corporaciones el\u00e9ctricas \u00abEl presupuesto en inversi\u00f3n social decrecer\u00e1 del 9.4% del PIB estimado en 2013 al 8.6% del PIB proyectado en 2014, y la necesidad de financiamiento para el 2014 se estima por encima de USD 4,500 millones\u00bb, apuntaron, Roque Feliz del Centro Bon\u00f2 y Manuel Robles del Movimiento Justicia Fiscal, quienes fung\u00edan de voceros en el acostumbrado An\u00e1lisis de Coyuntura del Centro Bon\u00f2.<\/span><\/p>\n<p><span class=\"text1noticias\"> <\/span><\/p>\n<p><span class=\"text1noticias\">En declaraciones a la prensa Roque F\u00e9liz, se\u00f1al\u00f3 que el Centro Bon\u00f3 valora importante que en el Presupuesto del 2014, se mantenga el  compromiso formal de asignar el 4% del PIB a la educaci\u00f3n pre-universitaria pero lamenta que todav\u00eda el gasto social del Estado se mantenga en niveles insuficientes para cubrir metas elementales de desarrollo humano, especialmente en las \u00e1reas de salud, agua potable, vivienda, saneamiento urbano, desarrollo rural y seguridad alimentaria.<\/span><\/p>\n<p><span class=\"text1noticias\"> <\/span><\/p>\n<p><span class=\"text1noticias\">En el marco del An\u00e1lisis destac\u00f3 Feliz que la asignaci\u00f3n presupuestaria para  vivienda, agua potable y urbanismo mantiene la tendencia de baja inversi\u00f3n la que ha prevalecido en los \u00faltimos a\u00f1os, y que el gasto p\u00fablico en estas necesidades apenas alcanza el 1.4% del presupuesto total o bien un 0.3% del PIB. \u00abEsta suma es irrisoria y deja de lado demandas reclamadas como prioridad presupuestaria por las comunidades en todo el territorio nacional\u00bb.<\/span><\/p>\n<p><span class=\"text1noticias\"> <\/span><\/p>\n<p><span class=\"text1noticias\">Cuestion\u00f3 lo concerniente a gasto social en salud, ya que en el presupuesto del 2014, se asign\u00f3 a este rengl\u00f3n un monto equivalente al 1.8% del PIB, lo que no representa cambio alguno respecto a a\u00f1os anteriores. \u00abEntre los a\u00f1os 2007 y 2013 la inversi\u00f3n en salud ha oscilado entre un 1.6% y un 1.7% del PIB, mientras que, seg\u00fan datos de la CEPAL en Amera Latina la media de 10 pa\u00edses para 2010 era de 3.6% del PIB, es decir estamos muy por debajo frente a otros pa\u00edses de la regi\u00f3n\u00bb, detall\u00f3 Feliz.<\/span><\/p>\n<p><span class=\"text1noticias\"> <\/span><\/p>\n<p><span class=\"text1noticias\">Por otro lado, el vocero del Centro Bon\u00f3 reconoce los esfuerzos que est\u00e1 haciendo la Direcci\u00f3n General de Presupuesto para mejorar la estructuraci\u00f3n y presentaci\u00f3n de la informaci\u00f3n presupuestaria,  ofreci\u00e9ndola en formatos operables y manejables. Sin embargo, sigue insuficiente el nivel de desagregaci\u00f3n de datos un aspecto fundamental de la transparencia informativa y  exhorta a la DIGEPRES a suministrar desagregadas las transferencias que hace el gobierno central a las entidades descentralizadas y a los otros poderes del Estado.<\/span><\/p>\n<p><span class=\"text1noticias\"> <\/span><\/p>\n<p><span class=\"text1noticias\">\u00abPreocupa que en el caso espec\u00edfico del gasto social la informaci\u00f3n se muestre con un menor nivel de desagregaci\u00f3n que en a\u00f1os anteriores, es decir la inversi\u00f3n en algunos t\u00f3picos sociales es tan baja que agrup\u00e1ndola se invisibiliza o hace parecer que la inversi\u00f3n de conjunto es m\u00e1s alta\u00bb, dijo el vocero.<\/span><\/p>\n<p><span class=\"text1noticias\"> <\/span><\/p>\n<p><span class=\"text1noticias\">De su lado Manuel Robles a su consideraci\u00f3n resalta que los aspectos preocupantes del presupuesto 2014, son la disminuci\u00f3n relativa del gasto social y las necesidades de financiamiento presupuestario. Dice que el presupuesto de gastos del Gobierno Central, incluyendo amortizaci\u00f3n de deuda, asciende a unos RD$ 613,136.80 millones. De este monto se asignar\u00e1n RD$ 234,870.40 millones a gasto social, equivalente al 38.3% del presupuesto total y al 8.6% del PIB estimado. En t\u00e9rminos relativo este presupuesto del gasto social es menor al que se asign\u00f3 en 2013, el cual fue equivalente al  44.08% del presupuesto total y al 9.4% del PIB estimado para este a\u00f1o, que demuestra una disminuci\u00f3n relativa de la inversi\u00f3n social.<\/span><\/p>\n<p><span class=\"text1noticias\"> <\/span><\/p>\n<p><span class=\"text1noticias\">\u00abAumentar el monto y mejorar la calidad del gasto p\u00fablico social es una de las principales v\u00edas de redistribuci\u00f3n del crecimiento econ\u00f3mico y la riqueza que tiene el Estado, por eso causa mucha preocupaci\u00f3n que se deteriore la inversi\u00f3n social destinada a reducir la vulnerabilidad y la pobreza\u00bb, destac\u00f3 Robles. <\/span><\/p>\n<p><span class=\"text1noticias\"> <\/span><\/p>\n<p><span class=\"text1noticias\">Continu\u00f3 explicando que el presupuesto de ingresos del Gobierno Central para 2014, se estima en en RD$423,875.6 millones, mientras que los gastos ascienden a RD$501,584.6 millones, para un resultado deficitario de RD$77,709.0 millones, igual a un 2.8% del PIB, proporci\u00f3n muy similar a la fijada para el corriente a\u00f1o. Para cubrir su obligaci\u00f3n de amortizar la deuda el Gobierno necesitar\u00e1 hacer aplicaciones financieras por RD$111,552.2 millones. Es por ello que en el presupuesto de 2014 se prev\u00e9 la obtenci\u00f3n de RD$189,261.2 millones de fuentes de financiamiento. Esto quiere decir que nos seguiremos endeudando para pagar el servicio de la deuda lo que significa que en el presupuesto del pr\u00f3ximo a\u00f1o no se han tomado iniciativas que indiquen al menos el camino a una reducci\u00f3n de la deuda p\u00fablica.<\/span><\/p>\n<p><span class=\"text1noticias\"> <\/span><\/p>\n<p><span class=\"text1noticias\">En esa l\u00ednea Robles resalta que m\u00e1s all\u00e1 del presupuesto se debe mejorar la pol\u00edtica fiscal de un modo estructural e integral, enti\u00e9ndase mejorar la eficiencia de la ejecuci\u00f3n presupuestaria, por lo que propone medidas que fortalezcan la  calidad del gasto, la responsabilidad fiscal, la rendici\u00f3n de cuentas, la contralor\u00eda y la persecuci\u00f3n de la corrupci\u00f3n.<\/span><\/p>\n<p><span class=\"text1noticias\"> <\/span><\/p>\n<p><span class=\"text1noticias\">Ambos voceros coinciden en que sigue pendiente necesidad de una reforma  fiscal integral que haga m\u00e1s equitativo y progresivo el r\u00e9gimen impositivo del pa\u00eds, reformas que mejoren el gasto y las oportunidades de integraci\u00f3n productiva de los asalariados, los campesinos, las MIPYMES y los trabajadores por cuenta propia. Finalmente apuntan la necesidad de un pacto fiscal que permita mejorar el financiamiento del desarrollo nacional con equidad. <\/span><\/p>\n<p><span class=\"text1noticias\"> <\/span><\/p>\n<p><span class=\"text1noticias\">El evento cont\u00f3 adem\u00e1s con la participaci\u00f3n de los economistas Luis Reyes, director general de presupuesto; Ernesto Selman, vicepresidente ejecutivo del CREES y Pavel Isa Contreras, de la comisi\u00f3n de an\u00e1lisis de Justicia Fiscal.(HG)<\/span>.<\/p>\n<h6> 2013-11-02 17:06:25 <\/h6>\n<p><!--\n<link rel=\"stylesheet\" href=\"css\/bootstrap.min.css\">\n\n\n<ul class=\"pagination\">\n\t    \n\t\n\n<li >\n\t<a href='?page_no=14446'>Previous<\/a>\n\t<\/li>\n\n\n       \n    \n\n<li><a href='?page_no=1'>1<\/a><\/li>\n\n\n\n<li><a href='?page_no=2'>2<\/a><\/li>\n\n\n\n<li><a>...<\/a><\/li>\n\n\n\n<li><a href='?page_no=14445'>14445<\/a><\/li>\n\n\n\n<li><a href='?page_no=14446'>14446<\/a><\/li>\n\n\n\n<li class='active'><a>14447<\/a><\/li>\n\n\n\n<li><a href='?page_no=14448'>14448<\/a><\/li>\n\n\n\n<li><a href='?page_no=14449'>14449<\/a><\/li>\n\n\n\n<li><a>...<\/a><\/li>\n\n\n\n<li><a href='?page_no=30472'>30472<\/a><\/li>\n\n\n\n<li><a href='?page_no=30473'>30473<\/a><\/li>\n\n    \n\t\n\n<li >\n\t<a href='?page_no=14448'>Next<\/a>\n\t<\/li>\n\n\n    \n\n<li><a href='?page_no=30473'>Last &rsaquo;&rsaquo;<\/a><\/li>\n\n<\/ul>\n\n\n--><br \/>\n<\/body><\/p>\n","protected":false},"excerpt":{"rendered":"<p>Santo Domingo. 2 de Noviembre 2013. El Centro Bon\u00f3 valora positivo los esfuerzos de la Direcci\u00f3n General de Presupuesto (DIGEPRES) por mejorar la estructuraci\u00f3n del presupuesto 2014, pero insiste en que es m\u00e1s de lo mismo porque sigue la baja inversi\u00f3n en el regl\u00f3n social y el alto endeudamiento p\u00fablico. \u00abSe mantiene inalteradas distorsiones presupuestarias, [&hellip;]<\/p>\n","protected":false},"author":3,"featured_media":0,"comment_status":"open","ping_status":"open","sticky":false,"template":"","format":"standard","meta":{"footnotes":""},"categories":[18],"tags":[],"class_list":["post-98939","post","type-post","status-publish","format-standard","hentry","category-economia"],"_links":{"self":[{"href":"https:\/\/diariodominicano.com\/index.php?rest_route=\/wp\/v2\/posts\/98939","targetHints":{"allow":["GET"]}}],"collection":[{"href":"https:\/\/diariodominicano.com\/index.php?rest_route=\/wp\/v2\/posts"}],"about":[{"href":"https:\/\/diariodominicano.com\/index.php?rest_route=\/wp\/v2\/types\/post"}],"author":[{"embeddable":true,"href":"https:\/\/diariodominicano.com\/index.php?rest_route=\/wp\/v2\/users\/3"}],"replies":[{"embeddable":true,"href":"https:\/\/diariodominicano.com\/index.php?rest_route=%2Fwp%2Fv2%2Fcomments&post=98939"}],"version-history":[{"count":0,"href":"https:\/\/diariodominicano.com\/index.php?rest_route=\/wp\/v2\/posts\/98939\/revisions"}],"wp:attachment":[{"href":"https:\/\/diariodominicano.com\/index.php?rest_route=%2Fwp%2Fv2%2Fmedia&parent=98939"}],"wp:term":[{"taxonomy":"category","embeddable":true,"href":"https:\/\/diariodominicano.com\/index.php?rest_route=%2Fwp%2Fv2%2Fcategories&post=98939"},{"taxonomy":"post_tag","embeddable":true,"href":"https:\/\/diariodominicano.com\/index.php?rest_route=%2Fwp%2Fv2%2Ftags&post=98939"}],"curies":[{"name":"wp","href":"https:\/\/api.w.org\/{rel}","templated":true}]}}