{"id":98936,"date":"2013-11-02T18:51:49","date_gmt":"2013-11-02T18:51:49","guid":{"rendered":"http:\/\/diariodominicano.ddns.net\/?p=98936"},"modified":"2013-11-02T18:51:49","modified_gmt":"2013-11-02T18:51:49","slug":"feda-entrega-rd43-millones-a-agroexportadores-y-maniceros","status":"publish","type":"post","link":"https:\/\/diariodominicano.com\/?p=98936","title":{"rendered":"FEDA entrega RD$43 millones a agroexportadores y maniceros"},"content":{"rendered":"<p><body><\/p>\n<p><img decoding=\"async\" src=\"img3\/feda.jpg\" \/>  <\/p>\n<p><span class=\"text1noticias\">Santo Domingo, RD, 02 de Noviembre.-Cumpliendo el compromiso asumido por el Presidente Danilo Medina durante su visita sorpresa del domingo pasado, el Fondo Especial para el Desarrollo Agropecuario (FEDA) entreg\u00f3 43millones pesos a productores de vegetales y a cosecheros de man\u00ed.<\/span><\/p>\n<p><span class=\"text1noticias\"> <\/span><\/p>\n<p><span class=\"text1noticias\">Antonio L\u00f3pez, director del FEDA, entreg\u00f3 un cheque por 21 millones 736 mil pesos a directivos de la Asociaci\u00f3n de Agroexportadores del Norte, municipio de Villa Gonz\u00e1lez, provincia Santiago, para la instalaci\u00f3n de una planta empacadora y la incorporaci\u00f3n de 2,000 tareas a la producci\u00f3n.<\/span><\/p>\n<p><span class=\"text1noticias\"> <\/span><\/p>\n<p><span class=\"text1noticias\">El presidente de los agroexportadores de vegetales orientales de Banegas, Hansel Est\u00e9vez, coment\u00f3 que la organizaci\u00f3n cuenta con 147 miembros, pero que ahora con el financiamiento, van aumentar los miembros a 200 y as\u00ed beneficiar a m\u00e1s familias.<\/span><\/p>\n<p><span class=\"text1noticias\"> <\/span><\/p>\n<p><span class=\"text1noticias\">Otros 22 millones de pesos fueron entregados a la Asociaci\u00f3n Agropecuaria de Maniceros de Partido, Dajab\u00f3n y a la Asociaci\u00f3n de Maniceros de El Pino, para la adquisici\u00f3n de una procesadora de semilla, un tractor e implementos agr\u00edcolas.<\/span><\/p>\n<p><span class=\"text1noticias\"> <\/span><\/p>\n<p><span class=\"text1noticias\">El presidente de la Asociaci\u00f3n de Maniceros de El Pino, Yoedy Vargas, cuya entidad la integran 140 socios, dijo que \u00abgracias al financiamiento gubernamental vamos a poner a producir 2,340 tareas\u00bb.<\/span><\/p>\n<p><span class=\"text1noticias\"> <\/span><\/p>\n<p><span class=\"text1noticias\">En aquel encuentro, el presidente de la Rep\u00fablica anunci\u00f3 que ambos financiamientos tendr\u00edan una tasa anual de 5 por ciento con 9 meses de gracia, suficiente para tres cosechas de man\u00ed.<\/span><\/p>\n<p><span class=\"text1noticias\"> <\/span><\/p>\n<p><span class=\"text1noticias\">Durante la entrega de los cheques, el director del FEDA estuvo acompa\u00f1ado por Justo Guzm\u00e1n, coordinador de Proyectos de la Presidencia y los directores del Instituto Nacional de Recursos Hidr\u00e1ulicos (INDRHI), Olgo Fern\u00e1ndez; del Instituto Agrario Dominicano (IAD), Radham\u00e9s Valenzuela.<\/span><\/p>\n<p><span class=\"text1noticias\"> <\/span><\/p>\n<p><span class=\"text1noticias\">Organizarse bien<\/span><\/p>\n<p><span class=\"text1noticias\">El director de FEDA exhort\u00f3 a las asociaciones y cooperativas que aspiran a obtener financiamiento por parte del Gobierno a organizarse bien. \u00abSi no tienen el RNC ustedes no pueden cambiar un cheque\u00bb.<\/span><\/p>\n<p><span class=\"text1noticias\"> <\/span><\/p>\n<p><span class=\"text1noticias\">Dijo que para poder acceder a los cr\u00e9ditos que el Presidente de la Rep\u00fablica les hace a los peque\u00f1os productores, que no tienen capacidad de cr\u00e9dito en la banca convencional, deben de tener todos los datos al d\u00eda de sus organizaciones.(HG)<\/span>.<\/p>\n<\/p>\n<h6> 2013-11-02 18:51:49 <\/h6>\n<p><!--\n<link rel=\"stylesheet\" href=\"css\/bootstrap.min.css\">\n\n\n<ul class=\"pagination\">\n\t    \n\t\n\n<li >\n\t<a href='?page_no=14443'>Previous<\/a>\n\t<\/li>\n\n\n       \n    \n\n<li><a href='?page_no=1'>1<\/a><\/li>\n\n\n\n<li><a href='?page_no=2'>2<\/a><\/li>\n\n\n\n<li><a>...<\/a><\/li>\n\n\n\n<li><a href='?page_no=14442'>14442<\/a><\/li>\n\n\n\n<li><a href='?page_no=14443'>14443<\/a><\/li>\n\n\n\n<li class='active'><a>14444<\/a><\/li>\n\n\n\n<li><a href='?page_no=14445'>14445<\/a><\/li>\n\n\n\n<li><a href='?page_no=14446'>14446<\/a><\/li>\n\n\n\n<li><a>...<\/a><\/li>\n\n\n\n<li><a href='?page_no=30472'>30472<\/a><\/li>\n\n\n\n<li><a href='?page_no=30473'>30473<\/a><\/li>\n\n    \n\t\n\n<li >\n\t<a href='?page_no=14445'>Next<\/a>\n\t<\/li>\n\n\n    \n\n<li><a href='?page_no=30473'>Last &rsaquo;&rsaquo;<\/a><\/li>\n\n<\/ul>\n\n\n--><br \/>\n<\/body><\/p>\n","protected":false},"excerpt":{"rendered":"<p>Santo Domingo, RD, 02 de Noviembre.-Cumpliendo el compromiso asumido por el Presidente Danilo Medina durante su visita sorpresa del domingo pasado, el Fondo Especial para el Desarrollo Agropecuario (FEDA) entreg\u00f3 43millones pesos a productores de vegetales y a cosecheros de man\u00ed. Antonio L\u00f3pez, director del FEDA, entreg\u00f3 un cheque por 21 millones 736 mil pesos [&hellip;]<\/p>\n","protected":false},"author":3,"featured_media":0,"comment_status":"open","ping_status":"open","sticky":false,"template":"","format":"standard","meta":{"footnotes":""},"categories":[18],"tags":[],"class_list":["post-98936","post","type-post","status-publish","format-standard","hentry","category-economia"],"_links":{"self":[{"href":"https:\/\/diariodominicano.com\/index.php?rest_route=\/wp\/v2\/posts\/98936","targetHints":{"allow":["GET"]}}],"collection":[{"href":"https:\/\/diariodominicano.com\/index.php?rest_route=\/wp\/v2\/posts"}],"about":[{"href":"https:\/\/diariodominicano.com\/index.php?rest_route=\/wp\/v2\/types\/post"}],"author":[{"embeddable":true,"href":"https:\/\/diariodominicano.com\/index.php?rest_route=\/wp\/v2\/users\/3"}],"replies":[{"embeddable":true,"href":"https:\/\/diariodominicano.com\/index.php?rest_route=%2Fwp%2Fv2%2Fcomments&post=98936"}],"version-history":[{"count":0,"href":"https:\/\/diariodominicano.com\/index.php?rest_route=\/wp\/v2\/posts\/98936\/revisions"}],"wp:attachment":[{"href":"https:\/\/diariodominicano.com\/index.php?rest_route=%2Fwp%2Fv2%2Fmedia&parent=98936"}],"wp:term":[{"taxonomy":"category","embeddable":true,"href":"https:\/\/diariodominicano.com\/index.php?rest_route=%2Fwp%2Fv2%2Fcategories&post=98936"},{"taxonomy":"post_tag","embeddable":true,"href":"https:\/\/diariodominicano.com\/index.php?rest_route=%2Fwp%2Fv2%2Ftags&post=98936"}],"curies":[{"name":"wp","href":"https:\/\/api.w.org\/{rel}","templated":true}]}}