{"id":98935,"date":"2013-11-03T04:48:20","date_gmt":"2013-11-03T04:48:20","guid":{"rendered":"http:\/\/diariodominicano.ddns.net\/?p=98935"},"modified":"2013-11-03T04:48:20","modified_gmt":"2013-11-03T04:48:20","slug":"danilo-medina-inaugura-complejo-hotelero-en-uvero-alto-provincia-la-altagracia","status":"publish","type":"post","link":"https:\/\/diariodominicano.com\/?p=98935","title":{"rendered":"Danilo Medina inaugura  complejo hotelero en Uvero Alto, provincia La Altagracia"},"content":{"rendered":"<p><body><\/p>\n<p><img decoding=\"async\" src=\"img3\/uvero0002.jpg\" \/><br \/><img decoding=\"async\" src=\"img3\/daniloenUvero021113.jpg\" \/><br \/><img decoding=\"async\" src=\"img3\/uvero0004.jpg\" \/>  <\/p>\n<p><span class=\"text1noticias\">UVERO ALTO, Punta Cana, RD, 2 de Noviembre (DICOM).- La Altagracia.-El presidente Danilo Medina encabez\u00f3 este s\u00e1bado la inauguraci\u00f3n del Breathless Punta Cana Resort &amp; Spa, moderno complejo hotelero que brinda alojamiento con un concepto de lujo en 18 suites y 732 junior suites.<\/span><\/p>\n<\/p>\n<p><span class=\"text1noticias\">El jefe del Estado hizo el corte de la cinta simb\u00f3lica acompa\u00f1ado del embajador de Espa\u00f1a, Jaime Lacadena,  y de los propietarios y accionistas del nuevo complejo hotelero perteneciente a la cadena AMResorts y NH Hoteles, se\u00f1ores Enrique Martin\u00f3n, presidente de Grumasa; Alejandro Zozaya, presidente Grupo AM y Luis Molina Ach\u00e9car, presidente del Banco BHD.<\/span><\/p>\n<\/p>\n<p><span class=\"text1noticias\">Antes de iniciar el acto de inauguraci\u00f3n, el presidente Medina hizo con los propietarios un breve recorrido por las nuevas instalaciones y luego procedi\u00f3 a develar la tarja del complejo tur\u00edstico. Medina estuvo acompa\u00f1ado de los ministros Administrativo de la Presidencia, Jos\u00e9 Ram\u00f3n Peralta, y de Obras P\u00fablicas, Gonzalo Castillo.<\/span><\/p>\n<\/p>\n<p><span class=\"text1noticias\">http:\/\/gob.us7.list-manage1.com\/track\/click?u=785107b820a3beec908c29082&amp;id=f628a0decb&amp;e=5a09e35649La personalidad internacional invitada fue la socialit\u00e9 Khloe Karsdashian, quien acompa\u00f1\u00f3 en el corte de la cinta inaugural al presidente Medina, a los ministros de Turismo de Espa\u00f1a y Rep\u00fablica Dominicana, a los propietarios y accionistas del nuevo complejo tur\u00edstico. La bendici\u00f3n  al recinto hotelero fue impartida por monse\u00f1or Nicanor Pe\u00f1a, Obispo de la Di\u00f3cesis de Hig\u00fcey.<\/span><\/p>\n<\/p>\n<p><span class=\"text1noticias\">Al hablar en la actividad, el se\u00f1or Enrique Martin\u00f3n, presidente del Grupo Martin\u00f3n, principal propietario del lugar, dijo que \u00abel nuevo complejo refuerza nuestro compromiso con la Rep\u00fablica Dominicana como uno de los mejores destinos en el Caribe y agrega un adicional de 750 habitaciones a las 1,250 que ya ofrecemos en la regi\u00f3n\u00bb.<\/span><\/p>\n<p><span class=\"text1noticias\"> <\/span><\/p>\n<p><span class=\"text1noticias\">Inform\u00f3 que hace siete a\u00f1os que ese grupo lleg\u00f3 a Rep\u00fablica Dominicana, donde emplea a unas 3,000 personas, en su mayor\u00eda dominicanas.<\/span><\/p>\n<\/p>\n<p><strong><span class=\"text1noticias\"> <\/span><\/strong><\/p>\n<p><strong><span class=\"text1noticias\">Hablan ministros de Turismo<\/span><\/strong><\/p>\n<\/p>\n<p><span class=\"text1noticias\">Presentes tambi\u00e9n estaban los ministros de Industria, Energ\u00eda y Turismo de Espa\u00f1a, Jos\u00e9 Manuel Soria, y el ministro de Turismo de Rep\u00fablica Dominicana, Francisco Javier Garc\u00eda, quienes hablaron en  la actividad.<\/span><\/p>\n<\/p>\n<p><span class=\"text1noticias\">http:\/\/gob.us7.list-manage1.com\/track\/click?u=785107b820a3beec908c29082&amp;id=98b64ab893&amp;e=5a09e35649Soria resalt\u00f3 el empuje que ha obtenido la Rep\u00fablica Dominicana en materia tur\u00edstica y anunci\u00f3 que en breve ambos Espa\u00f1a y el pa\u00eds sostendr\u00e1n un importante encuentro en materia tur\u00edstica en la capital espa\u00f1ola.<\/span><\/p>\n<\/p>\n<p><span class=\"text1noticias\">Francisco Javier Garc\u00eda, a su vez, dijo que esta inauguraci\u00f3n es un momento importante para la Rep\u00fablica Dominicana, porque es una muestra de la confianza que el sector privado tiene en el presente y futuro del pa\u00eds.<\/span><\/p>\n<\/p>\n<p><span class=\"text1noticias\">\u00abEn cualquier parte del mundo un complejo tur\u00edstico como este es un lujo, y es un lujo tener con estas condiciones un hotel de cinco estrellas con 750 nuevas habitaciones que se incorporan al desarrollo tur\u00edstico de la regi\u00f3n Este\u00bb, puntualiz\u00f3.<\/span><\/p>\n<\/p>\n<p><span class=\"text1noticias\">Inform\u00f3 que el nuevo proyecto llega en momentos en que en los pr\u00f3ximos d\u00edas habr\u00e1 tres importantes inauguraciones de parte del gobierno dominicano. Dijo que el pr\u00f3ximo 20 de este mes se inaugura el bulevar tur\u00edstico de Punta Cana, el d\u00eda 27 la carretera San Pedro de Macor\u00eds-La Romana y el 11 de diciembre la circunvalaci\u00f3n de la ciudad de La Romana.<\/span><\/p>\n<\/p>\n<p><span class=\"text1noticias\">Garc\u00eda manifest\u00f3 que estas importantes v\u00edas colocar\u00e1n a la regi\u00f3n Este a menos de cuatro horas de la ciudad de Santo Domingo.<\/span><\/p>\n<\/p>\n<p><span class=\"text1noticias\">Al inicio del acto protocolar fueron entonados los himnos nacionales de la Rep\u00fablica Dominicana y del Reino de Espa\u00f1a.<\/span><\/p>\n<\/p>\n<p><span class=\"text1noticias\">Programa de festejos<\/span><\/p>\n<p><span class=\"text1noticias\">Los propietarios y ejecutivos del Breathless Punta Cana Resort  &amp; Spa prepararon para sus primeros cuatro d\u00edas de operaciones espectaculares shows art\u00edsticos, que incluyen a la socialit\u00e9 Paris Hilton en su rol de cantante, a Juan Luis Guerra y a Maridalia Hern\u00e1ndez.<\/span><\/p>\n<\/p>\n<p><span class=\"text1noticias\">Breathless Punta Cana Resort  &amp; Spa es considerado el \u00fanico Resort del Caribe donde pr\u00e1cticamente todas sus 750 suites cuentan con vista al mar, wifi gratuito, jacuzzi en todas las habitaciones y m\u00e1s de 5,000 metros c\u00fabicos de piscinas, adem\u00e1s de una decoraci\u00f3n y dise\u00f1o ultra contempor\u00e1neo.<\/span><\/p>\n<\/p>\n<p><span class=\"text1noticias\">En su oferta gastron\u00f3mica cuenta con diez restaurantes de lujo a la carta, as\u00ed como servicio a las habitaciones durante las 24 horas. Sus restaurantes son especializados en cocina libanesa,  internacional, francesa, latin criollo, italiana, asi\u00e1tica y restaurantes en la playa.<\/span><\/p>\n<\/p>\n<\/p>\n<\/p>\n<h6> 2013-11-03 04:48:20 <\/h6>\n<p><!--\n<link rel=\"stylesheet\" href=\"css\/bootstrap.min.css\">\n\n\n<ul class=\"pagination\">\n\t    \n\t\n\n<li >\n\t<a href='?page_no=14442'>Previous<\/a>\n\t<\/li>\n\n\n       \n    \n\n<li><a href='?page_no=1'>1<\/a><\/li>\n\n\n\n<li><a href='?page_no=2'>2<\/a><\/li>\n\n\n\n<li><a>...<\/a><\/li>\n\n\n\n<li><a href='?page_no=14441'>14441<\/a><\/li>\n\n\n\n<li><a href='?page_no=14442'>14442<\/a><\/li>\n\n\n\n<li class='active'><a>14443<\/a><\/li>\n\n\n\n<li><a href='?page_no=14444'>14444<\/a><\/li>\n\n\n\n<li><a href='?page_no=14445'>14445<\/a><\/li>\n\n\n\n<li><a>...<\/a><\/li>\n\n\n\n<li><a href='?page_no=30472'>30472<\/a><\/li>\n\n\n\n<li><a href='?page_no=30473'>30473<\/a><\/li>\n\n    \n\t\n\n<li >\n\t<a href='?page_no=14444'>Next<\/a>\n\t<\/li>\n\n\n    \n\n<li><a href='?page_no=30473'>Last &rsaquo;&rsaquo;<\/a><\/li>\n\n<\/ul>\n\n\n--><br \/>\n<\/body><\/p>\n","protected":false},"excerpt":{"rendered":"<p>UVERO ALTO, Punta Cana, RD, 2 de Noviembre (DICOM).- La Altagracia.-El presidente Danilo Medina encabez\u00f3 este s\u00e1bado la inauguraci\u00f3n del Breathless Punta Cana Resort &amp; Spa, moderno complejo hotelero que brinda alojamiento con un concepto de lujo en 18 suites y 732 junior suites. El jefe del Estado hizo el corte de la cinta simb\u00f3lica [&hellip;]<\/p>\n","protected":false},"author":3,"featured_media":0,"comment_status":"open","ping_status":"open","sticky":false,"template":"","format":"standard","meta":{"footnotes":""},"categories":[18],"tags":[],"class_list":["post-98935","post","type-post","status-publish","format-standard","hentry","category-economia"],"_links":{"self":[{"href":"https:\/\/diariodominicano.com\/index.php?rest_route=\/wp\/v2\/posts\/98935","targetHints":{"allow":["GET"]}}],"collection":[{"href":"https:\/\/diariodominicano.com\/index.php?rest_route=\/wp\/v2\/posts"}],"about":[{"href":"https:\/\/diariodominicano.com\/index.php?rest_route=\/wp\/v2\/types\/post"}],"author":[{"embeddable":true,"href":"https:\/\/diariodominicano.com\/index.php?rest_route=\/wp\/v2\/users\/3"}],"replies":[{"embeddable":true,"href":"https:\/\/diariodominicano.com\/index.php?rest_route=%2Fwp%2Fv2%2Fcomments&post=98935"}],"version-history":[{"count":0,"href":"https:\/\/diariodominicano.com\/index.php?rest_route=\/wp\/v2\/posts\/98935\/revisions"}],"wp:attachment":[{"href":"https:\/\/diariodominicano.com\/index.php?rest_route=%2Fwp%2Fv2%2Fmedia&parent=98935"}],"wp:term":[{"taxonomy":"category","embeddable":true,"href":"https:\/\/diariodominicano.com\/index.php?rest_route=%2Fwp%2Fv2%2Fcategories&post=98935"},{"taxonomy":"post_tag","embeddable":true,"href":"https:\/\/diariodominicano.com\/index.php?rest_route=%2Fwp%2Fv2%2Ftags&post=98935"}],"curies":[{"name":"wp","href":"https:\/\/api.w.org\/{rel}","templated":true}]}}