{"id":98934,"date":"2013-11-03T12:49:51","date_gmt":"2013-11-03T12:49:51","guid":{"rendered":"http:\/\/diariodominicano.ddns.net\/?p=98934"},"modified":"2013-11-03T12:49:51","modified_gmt":"2013-11-03T12:49:51","slug":"realizan-feria-mipyme-uasd-2013","status":"publish","type":"post","link":"https:\/\/diariodominicano.com\/?p=98934","title":{"rendered":"Realizan Feria MIPYME UASD-2013"},"content":{"rendered":"<p><body><\/p>\n<p><img decoding=\"async\" src=\"img3\/feria.jpg\" \/>  <\/p>\n<p><span class=\"text1noticias\">Santo Domingo, RD, 3 de Noviembre.-La Facultad de Ciencias Econ\u00f3micas y Sociales de la Universidad Aut\u00f3noma de Santo Domingo, UASD, junto al Centro de Apoyo a la Peque\u00f1a y Mediana Empresa (CAPYME), realizaron la primera feria \u00abMIPYME UASD-2013\u00bb, en la explanada de esa unidad acad\u00e9mica.<\/span><\/p>\n<p><span class=\"text1noticias\"> <\/span><\/p>\n<p><span class=\"text1noticias\">El decano de esa facultad, maestro Juan A. Cerda Luna, dijo que la feria se enmarca dentro de las actividades extracurriculares que realiza esa dependencia universitaria, la cual fortalece la parte docente y la vincula con el sector empresarial, que recibe a la mayor\u00eda de egresados de \u00e9sta.<\/span><\/p>\n<p><span class=\"text1noticias\"> <\/span><\/p>\n<p><span class=\"text1noticias\">La actividad es organizada por la maestra Patria Fern\u00e1ndez, quien afirm\u00f3 que participaron  m\u00e1s de 35 artesanos  culturales, donde exhibieron  y vendieron en la explanada de la facultad todo lo que representa la nacionalidad dominicana.<\/span><\/p>\n<p><span class=\"text1noticias\"> <\/span><\/p>\n<p><span class=\"text1noticias\">Fern\u00e1ndez agreg\u00f3 que  \u00abMIPYME UASD-2013\u00bb  corresponde a la parte de extensi\u00f3n de la unidad acad\u00e9mica, que busca enlazar a la Universidad con el empresariado; para la misma tambi\u00e9n invitaron a los empresarios industriales para compartir los productos que elaboran.<\/span><\/p>\n<p><span class=\"text1noticias\"> <\/span><\/p>\n<p><span class=\"text1noticias\">Dijo que es importante que tanto la comunidad universitaria como la empresarial, entiendan  que los estudiantes se pueden convertir en buenos empresarios, adem\u00e1s estuvieron participando  los artesanos discapacitados, los cuales que  se han convertido en peque\u00f1os y medianos empresarios, como forma de estar presentes en la parte human\u00edstica y social.<\/span><\/p>\n<p><span class=\"text1noticias\"> <\/span><\/p>\n<p><span class=\"text1noticias\">De su lado,  el presidente de CAPYME, licenciado Yuri Chez, ponder\u00f3 la relaci\u00f3n universidad- empresa y dijo que es la v\u00eda para que las empresas se puedan desarrollar m\u00e1s r\u00e1pido, sobre todo las PYMES, que son las que necesitan m\u00e1s desarrollo.<\/span><\/p>\n<p><span class=\"text1noticias\"> <\/span><\/p>\n<p><span class=\"text1noticias\"> <\/span><\/p>\n<p><span class=\"text1noticias\"> <\/span><\/p>\n<p><span class=\"text1noticias\">En tanto,  el director ejecutivo del Centro de Apoyo a la Peque\u00f1a y Mediana Empresa de la UASD,  maestro Federico Silfa, dijo que la actividad se celebra dentro del marco del 475 aniversario de la fundaci\u00f3n de la academia y destac\u00f3 el compromiso de \u00e9sta con los aspectos empresariales.<\/span><\/p>\n<p><span class=\"text1noticias\"> <\/span><\/p>\n<p><span class=\"text1noticias\">Silfa se\u00f1al\u00f3 que simult\u00e1neamente se celebr\u00f3 un simposio sobre todos los aspectos anal\u00edticos que corresponden al sector empresarial, al tiempo de agregar que la principal carencia que tiene el sector es de asociatividad y de cooperaci\u00f3n.(HG)<\/span>.<\/p>\n<h6> 2013-11-03 12:49:51 <\/h6>\n<p><!--\n<link rel=\"stylesheet\" href=\"css\/bootstrap.min.css\">\n\n\n<ul class=\"pagination\">\n\t    \n\t\n\n<li >\n\t<a href='?page_no=14441'>Previous<\/a>\n\t<\/li>\n\n\n       \n    \n\n<li><a href='?page_no=1'>1<\/a><\/li>\n\n\n\n<li><a href='?page_no=2'>2<\/a><\/li>\n\n\n\n<li><a>...<\/a><\/li>\n\n\n\n<li><a href='?page_no=14440'>14440<\/a><\/li>\n\n\n\n<li><a href='?page_no=14441'>14441<\/a><\/li>\n\n\n\n<li class='active'><a>14442<\/a><\/li>\n\n\n\n<li><a href='?page_no=14443'>14443<\/a><\/li>\n\n\n\n<li><a href='?page_no=14444'>14444<\/a><\/li>\n\n\n\n<li><a>...<\/a><\/li>\n\n\n\n<li><a href='?page_no=30472'>30472<\/a><\/li>\n\n\n\n<li><a href='?page_no=30473'>30473<\/a><\/li>\n\n    \n\t\n\n<li >\n\t<a href='?page_no=14443'>Next<\/a>\n\t<\/li>\n\n\n    \n\n<li><a href='?page_no=30473'>Last &rsaquo;&rsaquo;<\/a><\/li>\n\n<\/ul>\n\n\n--><br \/>\n<\/body><\/p>\n","protected":false},"excerpt":{"rendered":"<p>Santo Domingo, RD, 3 de Noviembre.-La Facultad de Ciencias Econ\u00f3micas y Sociales de la Universidad Aut\u00f3noma de Santo Domingo, UASD, junto al Centro de Apoyo a la Peque\u00f1a y Mediana Empresa (CAPYME), realizaron la primera feria \u00abMIPYME UASD-2013\u00bb, en la explanada de esa unidad acad\u00e9mica. El decano de esa facultad, maestro Juan A. Cerda Luna, [&hellip;]<\/p>\n","protected":false},"author":3,"featured_media":0,"comment_status":"open","ping_status":"open","sticky":false,"template":"","format":"standard","meta":{"footnotes":""},"categories":[18],"tags":[],"class_list":["post-98934","post","type-post","status-publish","format-standard","hentry","category-economia"],"_links":{"self":[{"href":"https:\/\/diariodominicano.com\/index.php?rest_route=\/wp\/v2\/posts\/98934","targetHints":{"allow":["GET"]}}],"collection":[{"href":"https:\/\/diariodominicano.com\/index.php?rest_route=\/wp\/v2\/posts"}],"about":[{"href":"https:\/\/diariodominicano.com\/index.php?rest_route=\/wp\/v2\/types\/post"}],"author":[{"embeddable":true,"href":"https:\/\/diariodominicano.com\/index.php?rest_route=\/wp\/v2\/users\/3"}],"replies":[{"embeddable":true,"href":"https:\/\/diariodominicano.com\/index.php?rest_route=%2Fwp%2Fv2%2Fcomments&post=98934"}],"version-history":[{"count":0,"href":"https:\/\/diariodominicano.com\/index.php?rest_route=\/wp\/v2\/posts\/98934\/revisions"}],"wp:attachment":[{"href":"https:\/\/diariodominicano.com\/index.php?rest_route=%2Fwp%2Fv2%2Fmedia&parent=98934"}],"wp:term":[{"taxonomy":"category","embeddable":true,"href":"https:\/\/diariodominicano.com\/index.php?rest_route=%2Fwp%2Fv2%2Fcategories&post=98934"},{"taxonomy":"post_tag","embeddable":true,"href":"https:\/\/diariodominicano.com\/index.php?rest_route=%2Fwp%2Fv2%2Ftags&post=98934"}],"curies":[{"name":"wp","href":"https:\/\/api.w.org\/{rel}","templated":true}]}}