{"id":98933,"date":"2013-11-03T14:57:24","date_gmt":"2013-11-03T14:57:24","guid":{"rendered":"http:\/\/diariodominicano.ddns.net\/?p=98933"},"modified":"2013-11-03T14:57:24","modified_gmt":"2013-11-03T14:57:24","slug":"presidente-del-conep-considera-el-gran-problema-que-existe-en-el-pais-en-materia-laboral-es-el-crecimiento-del-empleo-informal","status":"publish","type":"post","link":"https:\/\/diariodominicano.com\/?p=98933","title":{"rendered":"Presidente del CONEP considera el gran problema que existe en el pa\u00eds en materia laboral es el crecimiento del empleo informal"},"content":{"rendered":"<p><body><\/p>\n<p><img decoding=\"async\" src=\"img3\/conep.jpg\" \/>  <\/p>\n<p><span class=\"text1noticias\">Santo Domingo, RD, 3 de Noviembre.-El presidente del Consejo Nacional de la Empresa Privada (Conep), Manuel D\u00edez Cabral lament\u00f3 que el debate de la reforma al C\u00f3digo Laboral se haya centrado en el tema de la cesant\u00eda, cuando el gran problema que existe en el pa\u00eds en ese orden es el crecimiento del empleo informal.<\/span><\/p>\n<\/p>\n<p><span class=\"text1noticias\">Dijo que las transformaciones que se puedan hacer en el sector van mucho m\u00e1s all\u00e1 de lo relativo a las cesant\u00edas, planteando que debe aprovecharse la oportunidad para realizar una reforma integral, que abarque todos los aspectos del fen\u00f3meno, y poner especial atenci\u00f3n en los m\u00e1s importantes, como lo es la necesidad de formalizar el empleo.<\/span><\/p>\n<\/p>\n<p><span class=\"text1noticias\">\u00abEn el sector informal est\u00e1 el 65 por ciento de los empleos son privados; los formales son apenas y eso no debe ser.  Lo que procede es que todos se formalicen\u00bb, expres\u00f3 Manuel D\u00edez Cabral al participar como entrevistado en el programa Encuentro Extra con Cristhian Jim\u00e9nez que se trasmite cada domingo de 7 a 8 de la ma\u00f1ana por el canal 9 de Color Visi\u00f3n y de 7 a 8 de la noche por el 45 de Tele\/Radio Am\u00e9rica.<\/span><\/p>\n<\/p>\n<p><span class=\"text1noticias\">El dirigente empresarial sostuvo que en todo lo que implica la reforma al C\u00f3digo Laboral lo de la cesant\u00eda no deber\u00eda verse como lo m\u00e1s importante, aunque reconoci\u00f3 es un tema que puede discutirse.<\/span><\/p>\n<\/p>\n<p><span class=\"text1noticias\">Expuso que ante el crecimiento del empleo informal, el Gobierno de alguna manera trata de compensar la situaci\u00f3n y en apenas 4 anos ha creado 300 mil nuevos empleos, cuando en el sector privado, en ese tiempo, solo se han creado 48 mil.(HG)<\/span>.<\/p>\n<h6> 2013-11-03 14:57:24 <\/h6>\n<p><!--\n<link rel=\"stylesheet\" href=\"css\/bootstrap.min.css\">\n\n\n<ul class=\"pagination\">\n\t    \n\t\n\n<li >\n\t<a href='?page_no=14440'>Previous<\/a>\n\t<\/li>\n\n\n       \n    \n\n<li><a href='?page_no=1'>1<\/a><\/li>\n\n\n\n<li><a href='?page_no=2'>2<\/a><\/li>\n\n\n\n<li><a>...<\/a><\/li>\n\n\n\n<li><a href='?page_no=14439'>14439<\/a><\/li>\n\n\n\n<li><a href='?page_no=14440'>14440<\/a><\/li>\n\n\n\n<li class='active'><a>14441<\/a><\/li>\n\n\n\n<li><a href='?page_no=14442'>14442<\/a><\/li>\n\n\n\n<li><a href='?page_no=14443'>14443<\/a><\/li>\n\n\n\n<li><a>...<\/a><\/li>\n\n\n\n<li><a href='?page_no=30472'>30472<\/a><\/li>\n\n\n\n<li><a href='?page_no=30473'>30473<\/a><\/li>\n\n    \n\t\n\n<li >\n\t<a href='?page_no=14442'>Next<\/a>\n\t<\/li>\n\n\n    \n\n<li><a href='?page_no=30473'>Last &rsaquo;&rsaquo;<\/a><\/li>\n\n<\/ul>\n\n\n--><br \/>\n<\/body><\/p>\n","protected":false},"excerpt":{"rendered":"<p>Santo Domingo, RD, 3 de Noviembre.-El presidente del Consejo Nacional de la Empresa Privada (Conep), Manuel D\u00edez Cabral lament\u00f3 que el debate de la reforma al C\u00f3digo Laboral se haya centrado en el tema de la cesant\u00eda, cuando el gran problema que existe en el pa\u00eds en ese orden es el crecimiento del empleo informal. [&hellip;]<\/p>\n","protected":false},"author":3,"featured_media":0,"comment_status":"open","ping_status":"open","sticky":false,"template":"","format":"standard","meta":{"footnotes":""},"categories":[18],"tags":[],"class_list":["post-98933","post","type-post","status-publish","format-standard","hentry","category-economia"],"_links":{"self":[{"href":"https:\/\/diariodominicano.com\/index.php?rest_route=\/wp\/v2\/posts\/98933","targetHints":{"allow":["GET"]}}],"collection":[{"href":"https:\/\/diariodominicano.com\/index.php?rest_route=\/wp\/v2\/posts"}],"about":[{"href":"https:\/\/diariodominicano.com\/index.php?rest_route=\/wp\/v2\/types\/post"}],"author":[{"embeddable":true,"href":"https:\/\/diariodominicano.com\/index.php?rest_route=\/wp\/v2\/users\/3"}],"replies":[{"embeddable":true,"href":"https:\/\/diariodominicano.com\/index.php?rest_route=%2Fwp%2Fv2%2Fcomments&post=98933"}],"version-history":[{"count":0,"href":"https:\/\/diariodominicano.com\/index.php?rest_route=\/wp\/v2\/posts\/98933\/revisions"}],"wp:attachment":[{"href":"https:\/\/diariodominicano.com\/index.php?rest_route=%2Fwp%2Fv2%2Fmedia&parent=98933"}],"wp:term":[{"taxonomy":"category","embeddable":true,"href":"https:\/\/diariodominicano.com\/index.php?rest_route=%2Fwp%2Fv2%2Fcategories&post=98933"},{"taxonomy":"post_tag","embeddable":true,"href":"https:\/\/diariodominicano.com\/index.php?rest_route=%2Fwp%2Fv2%2Ftags&post=98933"}],"curies":[{"name":"wp","href":"https:\/\/api.w.org\/{rel}","templated":true}]}}