{"id":98932,"date":"2013-11-04T13:30:44","date_gmt":"2013-11-04T13:30:44","guid":{"rendered":"http:\/\/diariodominicano.ddns.net\/?p=98932"},"modified":"2013-11-04T13:30:44","modified_gmt":"2013-11-04T13:30:44","slug":"consulado-rd-boston-convoca-comunidad-dominicana-a-un-encuentro-con-el-director-de-aduanas","status":"publish","type":"post","link":"https:\/\/diariodominicano.com\/?p=98932","title":{"rendered":"Consulado RD Boston convoca comunidad dominicana a un encuentro  con el director de Aduanas"},"content":{"rendered":"<p><body><\/p>\n<p>Boston, Mass. 4 noviembre.- El Consulado General de la Rep\u00fablica Dominicana en Boston, Massachusetts, se complace en invitar a  toda la comunidad dominicana, comerciantes, empresarios, navieros, embarcadores, couriers y todo aquel que de una u otra forma interviene en  realizar env\u00edos de cualquier naturaleza a la Rep\u00fablica Dominicana, a asistir al important\u00edsimo encuentro que celebraremos con el licenciado Juan Fernando Fern\u00e1ndez, actual director general de Aduanas de nuestro pa\u00eds. <\/p>\n<\/p>\n<p>En dicha actividad el licenciado Fern\u00e1ndez informar\u00e1 de todas las facilidades que se les otorgar\u00e5n a nuestros hermanos dominicanos con motivo de las fiestas navide\u00f1as que se aproximan. Adem\u00e1s,  se referir\u00e1 a otros temas de car\u00e1cter aduanar. <\/p>\n<\/p>\n<p>El se\u00f1or C\u00f3nsul General de la Rep\u00fablica en Boston, Massachusetts, licenciado Miguel And\u00fajar, expres\u00f3 que \u00abCon motivo de las fiestas navide\u00f1as, desde hace varios a\u00f1os, nuestro pa\u00eds ha estado ofreciendo muchas facilidades a los ciudadanos domicanos que viajan para la \u00e9poca a la Rep\u00fablica Dominicana, pero es la primera vez que un director de Aduanas sale del pa\u00eds para informar personalmente en qu\u00e9 consistir\u00e1n, como tambi\u00e9n entrar en contacto con su comunidad y conocer m\u00e1s de cerca las calamidades que le afecta y la forma de colaboraci\u00f3n  de la  instituci\u00f3n  que  representa con el objetivo de paliar sus vicisitudes.  <\/p>\n<\/p>\n<p>El solo anuncio ha despertado un gran inter\u00e9s y mucho entusiasmo entre todos los dominicanos. Preciso es observar que no solamente estar\u00e1 \u00e9l, sino que se har\u00e1 acompa\u00f1ar de t\u00e9cnicos que contribuir\u00e1n con explicaciones que requieran los all\u00ee presentes\u00bb.  <\/p>\n<\/p>\n<p>Actualmente existe mucha preocupaci\u00f3n en la comunidad domincana acerca de los requisitos para enviar veh\u00edculos con mayor de 5 a\u00f1os de uso y se espera que ese sea uno de los puntos de mayor importancia en la trascedental reuni\u00f3n. <\/p>\n<\/p>\n<p>El evento se celebrar\u00e1 el pr\u00f3ximo s\u00e1bado 19 de noviembre a las 6:30 de la noche en el Hotel Holiday Inn, ubicado en el 1200 de la Beacon st., Brookline, Massachusetts, cerca del Fenwway park, que es el estadio donde juegan los Boston Red Sox, recien coronados campeones de beisbol del mundo.<\/p>\n<h6> 2013-11-04 13:30:44 <\/h6>\n<p><!--\n<link rel=\"stylesheet\" href=\"css\/bootstrap.min.css\">\n\n\n<ul class=\"pagination\">\n\t    \n\t\n\n<li >\n\t<a href='?page_no=14439'>Previous<\/a>\n\t<\/li>\n\n\n       \n    \n\n<li><a href='?page_no=1'>1<\/a><\/li>\n\n\n\n<li><a href='?page_no=2'>2<\/a><\/li>\n\n\n\n<li><a>...<\/a><\/li>\n\n\n\n<li><a href='?page_no=14438'>14438<\/a><\/li>\n\n\n\n<li><a href='?page_no=14439'>14439<\/a><\/li>\n\n\n\n<li class='active'><a>14440<\/a><\/li>\n\n\n\n<li><a href='?page_no=14441'>14441<\/a><\/li>\n\n\n\n<li><a href='?page_no=14442'>14442<\/a><\/li>\n\n\n\n<li><a>...<\/a><\/li>\n\n\n\n<li><a href='?page_no=30472'>30472<\/a><\/li>\n\n\n\n<li><a href='?page_no=30473'>30473<\/a><\/li>\n\n    \n\t\n\n<li >\n\t<a href='?page_no=14441'>Next<\/a>\n\t<\/li>\n\n\n    \n\n<li><a href='?page_no=30473'>Last &rsaquo;&rsaquo;<\/a><\/li>\n\n<\/ul>\n\n\n--><br \/>\n<\/body><\/p>\n","protected":false},"excerpt":{"rendered":"<p>Boston, Mass. 4 noviembre.- El Consulado General de la Rep\u00fablica Dominicana en Boston, Massachusetts, se complace en invitar a toda la comunidad dominicana, comerciantes, empresarios, navieros, embarcadores, couriers y todo aquel que de una u otra forma interviene en realizar env\u00edos de cualquier naturaleza a la Rep\u00fablica Dominicana, a asistir al important\u00edsimo encuentro que celebraremos [&hellip;]<\/p>\n","protected":false},"author":3,"featured_media":0,"comment_status":"open","ping_status":"open","sticky":false,"template":"","format":"standard","meta":{"footnotes":""},"categories":[18],"tags":[],"class_list":["post-98932","post","type-post","status-publish","format-standard","hentry","category-economia"],"_links":{"self":[{"href":"https:\/\/diariodominicano.com\/index.php?rest_route=\/wp\/v2\/posts\/98932","targetHints":{"allow":["GET"]}}],"collection":[{"href":"https:\/\/diariodominicano.com\/index.php?rest_route=\/wp\/v2\/posts"}],"about":[{"href":"https:\/\/diariodominicano.com\/index.php?rest_route=\/wp\/v2\/types\/post"}],"author":[{"embeddable":true,"href":"https:\/\/diariodominicano.com\/index.php?rest_route=\/wp\/v2\/users\/3"}],"replies":[{"embeddable":true,"href":"https:\/\/diariodominicano.com\/index.php?rest_route=%2Fwp%2Fv2%2Fcomments&post=98932"}],"version-history":[{"count":0,"href":"https:\/\/diariodominicano.com\/index.php?rest_route=\/wp\/v2\/posts\/98932\/revisions"}],"wp:attachment":[{"href":"https:\/\/diariodominicano.com\/index.php?rest_route=%2Fwp%2Fv2%2Fmedia&parent=98932"}],"wp:term":[{"taxonomy":"category","embeddable":true,"href":"https:\/\/diariodominicano.com\/index.php?rest_route=%2Fwp%2Fv2%2Fcategories&post=98932"},{"taxonomy":"post_tag","embeddable":true,"href":"https:\/\/diariodominicano.com\/index.php?rest_route=%2Fwp%2Fv2%2Ftags&post=98932"}],"curies":[{"name":"wp","href":"https:\/\/api.w.org\/{rel}","templated":true}]}}