{"id":98930,"date":"2013-11-04T14:41:44","date_gmt":"2013-11-04T14:41:44","guid":{"rendered":"http:\/\/diariodominicano.ddns.net\/?p=98930"},"modified":"2013-11-04T14:41:44","modified_gmt":"2013-11-04T14:41:44","slug":"presupuesto-llega-esta-semana-al-congreso-nacional-entre-reclamos-y-debates","status":"publish","type":"post","link":"https:\/\/diariodominicano.com\/?p=98930","title":{"rendered":"Presupuesto llega esta semana al Congreso Nacional entre reclamos y debates"},"content":{"rendered":"<p><body><\/p>\n<p><img decoding=\"async\" src=\"img3\/congreso 4.jpeg\" \/>  <\/p>\n<p>Santo Domingo RD 4 noviembre.- El Proyecto de Ley General de Presupuesto 2014 llega esta semana al Congreso Nacional en medio de una lluvia de quejas por parte de sectores que reclaman su variaci\u00f3n para una mayor asignaci\u00f3n presupuestaria y las cr\u00edticas de expertos en el tema, de que no es un instrumento id\u00f3neo para el desarrollo.<\/p>\n<\/p>\n<p>El Poder Ejecutivo decidi\u00f3 variar el proyecto original para atender algunos de los reclamos y enviar\u00e1 una adenda donde se contempla un aumento salarial para todos polic\u00edas y miembros de armada dominicana y los sectores salud y agricultura.<\/p>\n<\/p>\n<p>Sin embargo,  en el  proyecto, que  tiene un monto de RD$605,000 millones, se dej\u00f3 el reclamo de legisladores de mayores recursos para obras en sus provincias, y de sectores como la justicia, los municipios, los pensionados y la universidad estatal.<\/p>\n<\/p>\n<p>Esto adelanta algunas dificultades en su aprobaci\u00f3n, ya que se trata de una ley org\u00e1nica, que debe ser aprobada por la mayor\u00eda absoluta de los legisladores  presentes. Aunque el oficialista Partido de la Liberaci\u00f3n Dominicana tiene casi la totalidad de los senadores, en la c\u00e1mara alta es donde se han producidos los mayores reclamos. La composici\u00f3n de la C\u00e1mara de Diputados es m\u00e1s plural, por lo que por igual habr\u00e1 distintas discusiones.<\/p>\n<\/p>\n<p>\u00abNo es un presupuesto para el desarrollo sino el presupuesto posible. La mayor parte se la lleva el pago de deuda, el sector el\u00e9ctrico\u00bb, se justific\u00f3 el  director de Presupuesto, Luis Reyes, al participar este fin de semana en el acostumbrado an\u00e1lisis de coyuntura del Centro Bon\u00f3.<\/p>\n<\/p>\n<p>En la actividad tambi\u00e9n participaron los economistas Pavel Isa Contreras y Ernesto Selman, quienes consideran que la pieza presentada mantiene altos niveles de endeudamiento,  un d\u00e9ficit fiscal y no garantiza calidad de gasto.<\/p>\n<\/p>\n<p>\u00abTenemos que hacer un presupuesto en base cero. Esto es, que empecemos a construir el presupuesto a partir de saber cu\u00e1nto cuesta  cada  cosa, como justicia, salud, educaci\u00f3n o infraestructura productiva\u00bb, consider\u00f3 Pavel Isa, de la comisi\u00f3n de an\u00e1lisis del Movimiento Justicia Fiscal.<\/p>\n<\/p>\n<p>Insiste en que la asignaci\u00f3n presupuestaria debe partir del costo que tiene cada sector. Es que no podemos seguir partiendo de esa l\u00f3gica \u00abde que cu\u00e1nto fue el a\u00f1o pasado que tuvo Obras P\u00fablicas, pues este a\u00f1o vamos a ponerle eso mismo, m\u00e1s un chin\u00bb.<\/p>\n<\/p>\n<p>Sobre esto, Alfredo Cruz Polanco, miembro titular de la C\u00e1mara de Cuentas, asegur\u00f3 que las instituciones p\u00fablicas preparan sus presupuestos sobre bases irreales, de manera improvisada, sin tomar en cuenta cu\u00e1les son sus verdaderas necesidades, \u00fanicamente para cumplir con los requisitos exigidos por la Ley 423-06 de la Direcci\u00f3n General de Presupuesto. Sostuvo que debido a esa improvisaci\u00f3n, las entidades no logran una ejecuci\u00f3n fruct\u00edfera de sus presupuestos particulares.<\/p>\n<\/p>\n<p>Indic\u00f3 que estas medidas ponen en evidencia una falta de sensibilidad humana y de vocaci\u00f3n de servicio, adem\u00e1s de que violan la Ley sobre Presupuesto, incurriendo tambi\u00e9n en una mala calidad del gasto p\u00fablico y en actos de corrupci\u00f3n.<\/p>\n<\/p>\n<p>Dijo que despu\u00e9s de que los recursos son aprobados, las instituciones no encuentran qu\u00e9 hacer con los mismos, por lo que mantienen sumas de dinero inactivas.<\/p>\n<\/p>\n<p>Ernesto Selman asegura que el presupuesto de 2014 no implica austeridad. Dijo que se gasta m\u00e1s en pago de empleados, intereses de capital y electricidad que el gasto corriente y lo primero no es productivo, porque no tiene retorno. Considera que lo mejor seria una combinaci\u00f3n  para que la austeridad vaya al gasto corriente.<\/p>\n<\/p>\n<p>Refiri\u00f3 que los RD$21,000 millones que faltan a este presupuesto no se pueden buscar por v\u00eda de una reforma impositiva y por eso el gobierno la est\u00e1 asumiendo como deuda p\u00fablica. <\/p>\n<\/p>\n<p><strong>Los grandes retos presupuesto 2014<\/strong><\/p>\n<p>Para el director general de Presupuesto, Luis Reyes, el principal reto es la legitimidad, para lo cual los gobiernos deben mostrar la voluntad de mejorar, sobre todo en la calidad del gasto.<\/p>\n<p>Sin embargo reconoce que esto es m\u00e1s f\u00e1cil decirlo que hacerlo y que no se logra a corto plazo, sino a largo, y revela que tiene serias dudas de que se pueda lograr, ya que depende de las instituciones que tienen que ejecutar el presupuesto.<\/p>\n<\/p>\n<p>Selman dijo que el primer desaf\u00edo ser\u00eda cumplir y hacer cumplir la ley. Insisti\u00f3 en que el sistema recaudatorio actual penaliza las actividades econ\u00f3micas y promueve al sector informal. El sector el\u00e9ctrico ser\u00e1 un gran reto, dice, ya que demanda unos RD$1,500 millones. El economista Pavel Isa considera que el gran reto del pueblo es organizarse, actuar y no quedarse indiferente. <\/p>\n<h6> 2013-11-04 14:41:44 <\/h6>\n<p><!--\n<link rel=\"stylesheet\" href=\"css\/bootstrap.min.css\">\n\n\n<ul class=\"pagination\">\n\t    \n\t\n\n<li >\n\t<a href='?page_no=14438'>Previous<\/a>\n\t<\/li>\n\n\n       \n    \n\n<li><a href='?page_no=1'>1<\/a><\/li>\n\n\n\n<li><a href='?page_no=2'>2<\/a><\/li>\n\n\n\n<li><a>...<\/a><\/li>\n\n\n\n<li><a href='?page_no=14437'>14437<\/a><\/li>\n\n\n\n<li><a href='?page_no=14438'>14438<\/a><\/li>\n\n\n\n<li class='active'><a>14439<\/a><\/li>\n\n\n\n<li><a href='?page_no=14440'>14440<\/a><\/li>\n\n\n\n<li><a href='?page_no=14441'>14441<\/a><\/li>\n\n\n\n<li><a>...<\/a><\/li>\n\n\n\n<li><a href='?page_no=30472'>30472<\/a><\/li>\n\n\n\n<li><a href='?page_no=30473'>30473<\/a><\/li>\n\n    \n\t\n\n<li >\n\t<a href='?page_no=14440'>Next<\/a>\n\t<\/li>\n\n\n    \n\n<li><a href='?page_no=30473'>Last &rsaquo;&rsaquo;<\/a><\/li>\n\n<\/ul>\n\n\n--><br \/>\n<\/body><\/p>\n","protected":false},"excerpt":{"rendered":"<p>Santo Domingo RD 4 noviembre.- El Proyecto de Ley General de Presupuesto 2014 llega esta semana al Congreso Nacional en medio de una lluvia de quejas por parte de sectores que reclaman su variaci\u00f3n para una mayor asignaci\u00f3n presupuestaria y las cr\u00edticas de expertos en el tema, de que no es un instrumento id\u00f3neo para [&hellip;]<\/p>\n","protected":false},"author":3,"featured_media":0,"comment_status":"open","ping_status":"open","sticky":false,"template":"","format":"standard","meta":{"footnotes":""},"categories":[18],"tags":[],"class_list":["post-98930","post","type-post","status-publish","format-standard","hentry","category-economia"],"_links":{"self":[{"href":"https:\/\/diariodominicano.com\/index.php?rest_route=\/wp\/v2\/posts\/98930","targetHints":{"allow":["GET"]}}],"collection":[{"href":"https:\/\/diariodominicano.com\/index.php?rest_route=\/wp\/v2\/posts"}],"about":[{"href":"https:\/\/diariodominicano.com\/index.php?rest_route=\/wp\/v2\/types\/post"}],"author":[{"embeddable":true,"href":"https:\/\/diariodominicano.com\/index.php?rest_route=\/wp\/v2\/users\/3"}],"replies":[{"embeddable":true,"href":"https:\/\/diariodominicano.com\/index.php?rest_route=%2Fwp%2Fv2%2Fcomments&post=98930"}],"version-history":[{"count":0,"href":"https:\/\/diariodominicano.com\/index.php?rest_route=\/wp\/v2\/posts\/98930\/revisions"}],"wp:attachment":[{"href":"https:\/\/diariodominicano.com\/index.php?rest_route=%2Fwp%2Fv2%2Fmedia&parent=98930"}],"wp:term":[{"taxonomy":"category","embeddable":true,"href":"https:\/\/diariodominicano.com\/index.php?rest_route=%2Fwp%2Fv2%2Fcategories&post=98930"},{"taxonomy":"post_tag","embeddable":true,"href":"https:\/\/diariodominicano.com\/index.php?rest_route=%2Fwp%2Fv2%2Ftags&post=98930"}],"curies":[{"name":"wp","href":"https:\/\/api.w.org\/{rel}","templated":true}]}}