{"id":98929,"date":"2013-11-04T14:49:56","date_gmt":"2013-11-04T14:49:56","guid":{"rendered":"http:\/\/diariodominicano.ddns.net\/?p=98929"},"modified":"2013-11-04T14:49:56","modified_gmt":"2013-11-04T14:49:56","slug":"edesur-rehabilitara-circuitos-haina-invertira-rd-480-millones","status":"publish","type":"post","link":"https:\/\/diariodominicano.com\/?p=98929","title":{"rendered":"EDESUR rehabilitar\u00e1 circuitos Haina, invertir\u00e1 RD $480 millones"},"content":{"rendered":"<p><body><\/p>\n<p><img decoding=\"async\" src=\"img3\/edesur 4.jpg\" \/>  <\/p>\n<p>Santo Domingo RD 4 noviembre.- EDESUR Dominicana dispuso de RD$480 millones para la rehabilitaci\u00f3n de los tres principales circuitos que sirven electricidad a al menos 20 comunidades y sectores de Haina.<\/p>\n<\/p>\n<p>\u00abEs un plan serio y responsable. A nosotros como distribuidora nos conviene que esos circuitos sean rehabilitados. Los mun\u00edcipes de Haina notar\u00e1n la gran diferencia cuando culminen los trabajos previstos\u00bb, dijo el gerente sectorial de EDESUR en San Crist\u00f3bal, Jos\u00e9 S\u00e1nchez.<\/p>\n<\/p>\n<p>El funcionario expuso en nombre del administrador gerente de EDESUR Dominicana, ingeniero Rub\u00e9n Mont\u00e1s, en un foro realizado en la comunidad sure\u00f1a de Haina.<\/p>\n<\/p>\n<p>El proyecto, destaca la informaci\u00f3n, permitir\u00e1 la recuperaci\u00f3n en un 70% de la energ\u00eda que se sirve en la zona por v\u00eda de los circuitos GRBO-101, GRBO-103 y la parte del COHE 101 que corresponde al sector de Quita Sue\u00f1o.<\/p>\n<\/p>\n<p>De acuerdo con EDESUR Dominicana, en esos circuitos se colocan en electricidad el equivalente a RD$45 millones cada mes, de los cuales apenas se facturan RD$16 millones.<\/p>\n<\/p>\n<p>Agreg\u00f3 que, por igual, en el rengl\u00f3n residencial s\u00f3lo son cobrados RD$13 millones.<\/p>\n<p>La informaci\u00f3n da cuenta de que la rehabilitaci\u00f3n de los circuitos de la zona de Haina, provincia San Crist\u00f3bal, permitir\u00e1 que sean puestos \u00aben condiciones de eficiencia\u00bb.<\/p>\n<p><strong>El foro<\/strong><\/p>\n<p>EDESUR Dominicana propici\u00f3 en Haina el Primer Foro Energ\u00e9tico con el prop\u00f3sito de concienciar sobre la problem\u00e1tica del sector el\u00e9ctrico y socializar las soluciones.<\/p>\n<\/p>\n<p>Participaron en la actividad autoridades municipales, provinciales, dirigentes comunitarios, de juntas de vecinos, iglesias y otras organizaciones, tales como el alcalde de Haina, Marino Lora y los diputados Tulio Jim\u00e9nez y Pedro Carreras.<\/p>\n<\/p>\n<p>Tambi\u00e9n, el ex alcalde Luis Concepci\u00f3n; el presidente del Concejo, Antonio Brito; y la presidenta de la Coordinadora, Lucina Estrella, entre otras personalidades.<\/p>\n<\/p>\n<h6> 2013-11-04 14:49:56 <\/h6>\n<p><!--\n<link rel=\"stylesheet\" href=\"css\/bootstrap.min.css\">\n\n\n<ul class=\"pagination\">\n\t    \n\t\n\n<li >\n\t<a href='?page_no=14437'>Previous<\/a>\n\t<\/li>\n\n\n       \n    \n\n<li><a href='?page_no=1'>1<\/a><\/li>\n\n\n\n<li><a href='?page_no=2'>2<\/a><\/li>\n\n\n\n<li><a>...<\/a><\/li>\n\n\n\n<li><a href='?page_no=14436'>14436<\/a><\/li>\n\n\n\n<li><a href='?page_no=14437'>14437<\/a><\/li>\n\n\n\n<li class='active'><a>14438<\/a><\/li>\n\n\n\n<li><a href='?page_no=14439'>14439<\/a><\/li>\n\n\n\n<li><a href='?page_no=14440'>14440<\/a><\/li>\n\n\n\n<li><a>...<\/a><\/li>\n\n\n\n<li><a href='?page_no=30472'>30472<\/a><\/li>\n\n\n\n<li><a href='?page_no=30473'>30473<\/a><\/li>\n\n    \n\t\n\n<li >\n\t<a href='?page_no=14439'>Next<\/a>\n\t<\/li>\n\n\n    \n\n<li><a href='?page_no=30473'>Last &rsaquo;&rsaquo;<\/a><\/li>\n\n<\/ul>\n\n\n--><br \/>\n<\/body><\/p>\n","protected":false},"excerpt":{"rendered":"<p>Santo Domingo RD 4 noviembre.- EDESUR Dominicana dispuso de RD$480 millones para la rehabilitaci\u00f3n de los tres principales circuitos que sirven electricidad a al menos 20 comunidades y sectores de Haina. \u00abEs un plan serio y responsable. A nosotros como distribuidora nos conviene que esos circuitos sean rehabilitados. Los mun\u00edcipes de Haina notar\u00e1n la gran [&hellip;]<\/p>\n","protected":false},"author":3,"featured_media":0,"comment_status":"open","ping_status":"open","sticky":false,"template":"","format":"standard","meta":{"footnotes":""},"categories":[18],"tags":[],"class_list":["post-98929","post","type-post","status-publish","format-standard","hentry","category-economia"],"_links":{"self":[{"href":"https:\/\/diariodominicano.com\/index.php?rest_route=\/wp\/v2\/posts\/98929","targetHints":{"allow":["GET"]}}],"collection":[{"href":"https:\/\/diariodominicano.com\/index.php?rest_route=\/wp\/v2\/posts"}],"about":[{"href":"https:\/\/diariodominicano.com\/index.php?rest_route=\/wp\/v2\/types\/post"}],"author":[{"embeddable":true,"href":"https:\/\/diariodominicano.com\/index.php?rest_route=\/wp\/v2\/users\/3"}],"replies":[{"embeddable":true,"href":"https:\/\/diariodominicano.com\/index.php?rest_route=%2Fwp%2Fv2%2Fcomments&post=98929"}],"version-history":[{"count":0,"href":"https:\/\/diariodominicano.com\/index.php?rest_route=\/wp\/v2\/posts\/98929\/revisions"}],"wp:attachment":[{"href":"https:\/\/diariodominicano.com\/index.php?rest_route=%2Fwp%2Fv2%2Fmedia&parent=98929"}],"wp:term":[{"taxonomy":"category","embeddable":true,"href":"https:\/\/diariodominicano.com\/index.php?rest_route=%2Fwp%2Fv2%2Fcategories&post=98929"},{"taxonomy":"post_tag","embeddable":true,"href":"https:\/\/diariodominicano.com\/index.php?rest_route=%2Fwp%2Fv2%2Ftags&post=98929"}],"curies":[{"name":"wp","href":"https:\/\/api.w.org\/{rel}","templated":true}]}}