{"id":98928,"date":"2013-11-04T17:22:55","date_gmt":"2013-11-04T17:22:55","guid":{"rendered":"http:\/\/diariodominicano.ddns.net\/?p=98928"},"modified":"2013-11-04T17:22:55","modified_gmt":"2013-11-04T17:22:55","slug":"presentan-en-la-expo-constitucion-artesania-taina-y-anuncia-participacion-en-las-patronales-de-cambita-garabito","status":"publish","type":"post","link":"https:\/\/diariodominicano.com\/?p=98928","title":{"rendered":"Presentan  en la Expo-Constituci\u00f3n Artesan\u00eda Ta\u00edna y anuncia participaci\u00f3n en las Patronales de Cambita Garabito"},"content":{"rendered":"<p><body><\/p>\n<p><img decoding=\"async\" src=\"img3\/taino.jpg\" \/>  <\/p>\n<p><span class=\"text1noticias\">San Crist\u00f3bal, RD, 4 de Noviembre.-La Asociaci\u00f3n de Artesanos Los Alcarrizos (ASOALCA), presenta varias muestras de artes rupestres de los abor\u00edgenes como una forma de preservar esas riquezas culturales en las presentes y las nuevas generaciones.<\/span><\/p>\n<\/p>\n<p><span class=\"text1noticias\">El se\u00f1or De la Rosa, presidente de la entidad y de la empresa  De la Rosa Artesan\u00eda Arte Ta\u00edna Guayac\u00e1n, expres\u00f3 que lleva m\u00e1s de ochenta a\u00f1os en el rescate de la identidad nacional, lo cual fue inculcados por su madre do\u00f1a Nena Lorenzo y su padre Nonito De la Rosa, nativos de la comunidad de El Llano en el municipio de Cambita Garabito.<\/span><\/p>\n<\/p>\n<p><span class=\"text1noticias\">Expres\u00f3 que trabaj\u00f3 muchos a\u00f1os la artesan\u00eda en el municipio Cambita Garabito y que tuvo que trasladar a Los Arcarrizos, donde fund\u00f3 la Asociaci\u00f3n de Artesanos de esa localidad.<\/span><\/p>\n<\/p>\n<p><span class=\"text1noticias\">Entre los art\u00edculos que expende a la poblaci\u00f3n figuran cucharas, cuchillos, paletas de madera ,platos y otros utensilios que eran  utilizados en los hogares  en tiempos pasado.<\/span><\/p>\n<\/p>\n<p><span class=\"text1noticias\">Califica de exitosa su participaci\u00f3n la feria Expo-Constituci\u00f3n que se desarrolla en el auditorio menor del Instituto Polit\u00e9cnico Loyola y aprovech\u00f3 para anunciar su participaci\u00f3n en las fiestas patronales de Cambita Garabito en el centro cultural Arismendy Dipr\u00e9 De la Rosa, antigua Biblioteca Municipal.(HG)<\/span>.<\/p>\n<h6> 2013-11-04 17:22:55 <\/h6>\n<p><!--\n<link rel=\"stylesheet\" href=\"css\/bootstrap.min.css\">\n\n\n<ul class=\"pagination\">\n\t    \n\t\n\n<li >\n\t<a href='?page_no=14436'>Previous<\/a>\n\t<\/li>\n\n\n       \n    \n\n<li><a href='?page_no=1'>1<\/a><\/li>\n\n\n\n<li><a href='?page_no=2'>2<\/a><\/li>\n\n\n\n<li><a>...<\/a><\/li>\n\n\n\n<li><a href='?page_no=14435'>14435<\/a><\/li>\n\n\n\n<li><a href='?page_no=14436'>14436<\/a><\/li>\n\n\n\n<li class='active'><a>14437<\/a><\/li>\n\n\n\n<li><a href='?page_no=14438'>14438<\/a><\/li>\n\n\n\n<li><a href='?page_no=14439'>14439<\/a><\/li>\n\n\n\n<li><a>...<\/a><\/li>\n\n\n\n<li><a href='?page_no=30472'>30472<\/a><\/li>\n\n\n\n<li><a href='?page_no=30473'>30473<\/a><\/li>\n\n    \n\t\n\n<li >\n\t<a href='?page_no=14438'>Next<\/a>\n\t<\/li>\n\n\n    \n\n<li><a href='?page_no=30473'>Last &rsaquo;&rsaquo;<\/a><\/li>\n\n<\/ul>\n\n\n--><br \/>\n<\/body><\/p>\n","protected":false},"excerpt":{"rendered":"<p>San Crist\u00f3bal, RD, 4 de Noviembre.-La Asociaci\u00f3n de Artesanos Los Alcarrizos (ASOALCA), presenta varias muestras de artes rupestres de los abor\u00edgenes como una forma de preservar esas riquezas culturales en las presentes y las nuevas generaciones. El se\u00f1or De la Rosa, presidente de la entidad y de la empresa De la Rosa Artesan\u00eda Arte Ta\u00edna [&hellip;]<\/p>\n","protected":false},"author":3,"featured_media":0,"comment_status":"open","ping_status":"open","sticky":false,"template":"","format":"standard","meta":{"footnotes":""},"categories":[18],"tags":[],"class_list":["post-98928","post","type-post","status-publish","format-standard","hentry","category-economia"],"_links":{"self":[{"href":"https:\/\/diariodominicano.com\/index.php?rest_route=\/wp\/v2\/posts\/98928","targetHints":{"allow":["GET"]}}],"collection":[{"href":"https:\/\/diariodominicano.com\/index.php?rest_route=\/wp\/v2\/posts"}],"about":[{"href":"https:\/\/diariodominicano.com\/index.php?rest_route=\/wp\/v2\/types\/post"}],"author":[{"embeddable":true,"href":"https:\/\/diariodominicano.com\/index.php?rest_route=\/wp\/v2\/users\/3"}],"replies":[{"embeddable":true,"href":"https:\/\/diariodominicano.com\/index.php?rest_route=%2Fwp%2Fv2%2Fcomments&post=98928"}],"version-history":[{"count":0,"href":"https:\/\/diariodominicano.com\/index.php?rest_route=\/wp\/v2\/posts\/98928\/revisions"}],"wp:attachment":[{"href":"https:\/\/diariodominicano.com\/index.php?rest_route=%2Fwp%2Fv2%2Fmedia&parent=98928"}],"wp:term":[{"taxonomy":"category","embeddable":true,"href":"https:\/\/diariodominicano.com\/index.php?rest_route=%2Fwp%2Fv2%2Fcategories&post=98928"},{"taxonomy":"post_tag","embeddable":true,"href":"https:\/\/diariodominicano.com\/index.php?rest_route=%2Fwp%2Fv2%2Ftags&post=98928"}],"curies":[{"name":"wp","href":"https:\/\/api.w.org\/{rel}","templated":true}]}}