{"id":98926,"date":"2013-11-05T13:31:50","date_gmt":"2013-11-05T13:31:50","guid":{"rendered":"http:\/\/diariodominicano.ddns.net\/?p=98926"},"modified":"2013-11-05T13:31:50","modified_gmt":"2013-11-05T13:31:50","slug":"tension-en-frontera-protestas-impiden-tradicional-mercado-binacional-camiones-bloquean-las-calles-de-acceso","status":"publish","type":"post","link":"https:\/\/diariodominicano.com\/?p=98926","title":{"rendered":"Tensi\u00f3n en Frontera; protestas impiden tradicional mercado binacional; Camiones bloquean las calles de acceso"},"content":{"rendered":"<p><body><\/p>\n<p><img decoding=\"async\" src=\"img3\/camiones 5.php.html\" \/>  <\/p>\n<p>Protestas impiden mercado binacional<\/p>\n<\/p>\n<p>Camiones bloquean las calles de acceso al mercado binacional de Dajab\u00f3n.<\/p>\n<\/p>\n<p>Decenas de haitianos fueron impedidos de ingresar a territorio dominicano.<\/p>\n<p>DAJABON, Rep\u00fablica Dominicana.- Protestas de transportistas dominicanos impidieron que este lunes se desarrollara aqu\u00ed el tradicional mercado binacional.<\/p>\n<p>Los conductores, con el apoyo de grupos comunitarios,  mantienen bloqueadas desde el s\u00e1bado las v\u00edas de acceso a dicho mercado, lo que ha impedido la entrada a veh\u00edculos haitianos cargados de productos.<\/p>\n<p>Las protestas son por alegados atropellos cometidos por  autoridades haitianas en contra de transportistas dominicanos que han entrado al vecino pa\u00eds. Se dijo que estas \u00faltimas mantienen retenidas cinco patanas criollas que transportaban hacia Hait\u00ed materiales de construcci\u00f3n, alimentos, productos agr\u00edcolas y otros productos.<\/p>\n<p>Las protestas comenzaron el s\u00e1bado tras la detenci\u00f3n en Hait\u00ed durante 16 d\u00edas del conductor dominicano Abat Manuel Jim\u00e9nez tras verse supuestamente involucrado en un accidente de tr\u00e1nsito.  Este \u00faltimo fue liberado ayer, pero no se le devolvi\u00f3 su cami\u00f3n.<\/p>\n<p>El presidente de la Asociaci\u00f3n de Camioneros, Jovanny Escoto, dijo que el paro continuar\u00e1 hasta que las autoridades de Hait\u00ed devuelvan los veh\u00edculos que tienen retenidos.  Dijo que el intercambio comercial entre haitianos y dominicanos no se realiz\u00f3 este lunes y que el viernes corre la misma suerte, si no hay soluci\u00f3n al problema.<\/p>\n<p>Representantes de los grupos comunitarios cerraron la puerta del mercado con un candado para asegurar que nadie entre al \u00e1rea.  Las autoridades dominicanas no intervinieron.<\/p>\n<p>Decenas de haitianos se acercaron al port\u00f3n fronterizo que separa a su pa\u00eds de Rep\u00fablica Dominicana, por la provincia Dajab\u00f3n, pero fueron impedidos de ingresar a territorio dominicano.<\/p>\n<h6> 2013-11-05 13:31:50 <\/h6>\n<p><!--\n<link rel=\"stylesheet\" href=\"css\/bootstrap.min.css\">\n\n\n<ul class=\"pagination\">\n\t    \n\t\n\n<li >\n\t<a href='?page_no=14434'>Previous<\/a>\n\t<\/li>\n\n\n       \n    \n\n<li><a href='?page_no=1'>1<\/a><\/li>\n\n\n\n<li><a href='?page_no=2'>2<\/a><\/li>\n\n\n\n<li><a>...<\/a><\/li>\n\n\n\n<li><a href='?page_no=14433'>14433<\/a><\/li>\n\n\n\n<li><a href='?page_no=14434'>14434<\/a><\/li>\n\n\n\n<li class='active'><a>14435<\/a><\/li>\n\n\n\n<li><a href='?page_no=14436'>14436<\/a><\/li>\n\n\n\n<li><a href='?page_no=14437'>14437<\/a><\/li>\n\n\n\n<li><a>...<\/a><\/li>\n\n\n\n<li><a href='?page_no=30472'>30472<\/a><\/li>\n\n\n\n<li><a href='?page_no=30473'>30473<\/a><\/li>\n\n    \n\t\n\n<li >\n\t<a href='?page_no=14436'>Next<\/a>\n\t<\/li>\n\n\n    \n\n<li><a href='?page_no=30473'>Last &rsaquo;&rsaquo;<\/a><\/li>\n\n<\/ul>\n\n\n--><br \/>\n<\/body><\/p>\n","protected":false},"excerpt":{"rendered":"<p>Protestas impiden mercado binacional Camiones bloquean las calles de acceso al mercado binacional de Dajab\u00f3n. Decenas de haitianos fueron impedidos de ingresar a territorio dominicano. DAJABON, Rep\u00fablica Dominicana.- Protestas de transportistas dominicanos impidieron que este lunes se desarrollara aqu\u00ed el tradicional mercado binacional. Los conductores, con el apoyo de grupos comunitarios, mantienen bloqueadas desde el [&hellip;]<\/p>\n","protected":false},"author":3,"featured_media":0,"comment_status":"open","ping_status":"open","sticky":false,"template":"","format":"standard","meta":{"footnotes":""},"categories":[18],"tags":[],"class_list":["post-98926","post","type-post","status-publish","format-standard","hentry","category-economia"],"_links":{"self":[{"href":"https:\/\/diariodominicano.com\/index.php?rest_route=\/wp\/v2\/posts\/98926","targetHints":{"allow":["GET"]}}],"collection":[{"href":"https:\/\/diariodominicano.com\/index.php?rest_route=\/wp\/v2\/posts"}],"about":[{"href":"https:\/\/diariodominicano.com\/index.php?rest_route=\/wp\/v2\/types\/post"}],"author":[{"embeddable":true,"href":"https:\/\/diariodominicano.com\/index.php?rest_route=\/wp\/v2\/users\/3"}],"replies":[{"embeddable":true,"href":"https:\/\/diariodominicano.com\/index.php?rest_route=%2Fwp%2Fv2%2Fcomments&post=98926"}],"version-history":[{"count":0,"href":"https:\/\/diariodominicano.com\/index.php?rest_route=\/wp\/v2\/posts\/98926\/revisions"}],"wp:attachment":[{"href":"https:\/\/diariodominicano.com\/index.php?rest_route=%2Fwp%2Fv2%2Fmedia&parent=98926"}],"wp:term":[{"taxonomy":"category","embeddable":true,"href":"https:\/\/diariodominicano.com\/index.php?rest_route=%2Fwp%2Fv2%2Fcategories&post=98926"},{"taxonomy":"post_tag","embeddable":true,"href":"https:\/\/diariodominicano.com\/index.php?rest_route=%2Fwp%2Fv2%2Ftags&post=98926"}],"curies":[{"name":"wp","href":"https:\/\/api.w.org\/{rel}","templated":true}]}}