{"id":98925,"date":"2013-11-05T15:28:07","date_gmt":"2013-11-05T15:28:07","guid":{"rendered":"http:\/\/diariodominicano.ddns.net\/?p=98925"},"modified":"2013-11-05T15:28:07","modified_gmt":"2013-11-05T15:28:07","slug":"analizan-en-pro-consumidor-las-tarjetas-de-credito-oportunidad-de-la-economia-globalizada-o-artificio-legal","status":"publish","type":"post","link":"https:\/\/diariodominicano.com\/?p=98925","title":{"rendered":"Analizan en Pro Consumidor las tarjetas de cr\u00e9dito: \u00bfOportunidad de la Econom\u00eda Globalizada o Artificio Legal?"},"content":{"rendered":"<p><body><\/p>\n<p><img decoding=\"async\" src=\"img3\/pro 5.jpg\" \/>  <\/p>\n<p>Santo Domingo RD 5 noviembre.- Con el tema   Tarjetas de Cr\u00e9dito: \u00bfOportunidad de la Econom\u00eda Globalizada o Artificio Legal?, fue realizado un conversatorio a empleados del Instituto Nacional de Protecci\u00f3n de los Derechos del Consumidor, Pro Consumidor, por el diputado Francisco Matos Mancebo.<\/p>\n<\/p>\n<p>El conversatorio est\u00e1 fundamentado en el  libro de su autor\u00eda  que lleva por t\u00edtulo \u00abTarjetas de Cr\u00e9dito: \u00bfOportunidad de la Econom\u00eda Globalizada o Artificio Legal?\u00bb y el proyecto de ley que busca regular, las tarjetas de cr\u00e9dito y de debito que actualmente est\u00e1 cursa en la C\u00e1mara Baja.<\/p>\n<\/p>\n<p>El contenido se vers\u00f3 en los temas sobre la tarjetas de cr\u00e9dito en Rep\u00fablica Dominicana, ventajas y beneficios del uso de las tarjetas de cr\u00e9dito, necesidad de regulaci\u00f3n de las tarjetas de cr\u00e9dito en Rep\u00fablica Dominicana, Ley 183-02: permisiva y contraria al inter\u00e9s nacional.<\/p>\n<\/p>\n<p>Tambi\u00e9n el diputado abord\u00f3 los temas: \u00abHacia una legislaci\u00f3n actualizada para regular la emisi\u00f3n y uso de las tarjetas de cr\u00e9dito<\/p>\n<p>en Rep\u00fablica Dominicana\u00bb como una necesidad de regulaci\u00f3n mediante una ley, as\u00ed como las tarjetas de cr\u00e9dito en el futuro del capitalismo y la econom\u00eda globalizada y  educaci\u00f3n financiera.<\/p>\n<\/p>\n<p>Para el autor del libro los legisladores deben producir leyes que hagan del sistema financiero un aliado indispensable de la paz social y de bienestar para las familias y  los individuos.<\/p>\n<\/p>\n<p>\u00abLas Instituciones y grupos del sistema financiero dominicanos que, renunciando a beneficios propios de modelos no regulados, estar\u00e1n en la disposici\u00f3n de conceder a los ciudadanos oportunidades de cr\u00e9ditos m\u00e1s justas y m\u00e1s razonables\u00bb, dijo Mancebo.<\/p>\n<\/p>\n<p>Manifest\u00f3 que tanto el pa\u00eds como el mundo se posicionan a la vanguardia en una lucha desigual contra un fen\u00f3meno que lacera de modo \u00abinmisericorde\u00bb a sectores econ\u00f3micamente sensibles de la sociedad.<\/p>\n<\/p>\n<p>De igual modo sostuvo que esta propuesta bibliogr\u00e1fica invita a los beneficiarios de cr\u00e9ditos pl\u00e1sticos a proceder con mesura y sabidur\u00eda, para que estas oportunidades de cr\u00e9ditos sean verdaderos puntos de partida para el desarrollo y el bienestar empresarial, familiar y delos individuos.<\/p>\n<\/p>\n<p>En la actividad participaron representantes de Asociaciones de Consumidores conjuntamente con  el vice presidente del Instituto de Contadores P\u00fablicos autorizados, licenciado Manuel Antonio Perell\u00f3.<\/p>\n<\/p>\n<p><strong>Sobre el Proyecto de Ley<\/strong><\/p>\n<p><strong> <\/strong><\/p>\n<p>El proyecto de Ley, que busca regular las tarjetas de cr\u00e9dito y d\u00e9bito abarca adem\u00e1s los temas sobre contratos, estado de cuenta, publicidad e informaci\u00f3n al usuario,  protecci\u00f3n de los datos personales de los<\/p>\n<p>usuarios.<\/p>\n<\/p>\n<p>As\u00ed como tambi\u00e9n, los deberes de los afiliados y los tarjetas habientes, disposiciones relativas al servicio al cliente,  estudio<\/p>\n<p>comparativo y las infracciones y sanciones a la presente Ley que ser\u00e1n sancionadas de conformidad con la Ley Monetaria y Financiera y la Ley 358-08 de Protecci\u00f3n a los Derechos del Consumidor o usuario.<\/p>\n<h6> 2013-11-05 15:28:07 <\/h6>\n<p><!--\n<link rel=\"stylesheet\" href=\"css\/bootstrap.min.css\">\n\n\n<ul class=\"pagination\">\n\t    \n\t\n\n<li >\n\t<a href='?page_no=14433'>Previous<\/a>\n\t<\/li>\n\n\n       \n    \n\n<li><a href='?page_no=1'>1<\/a><\/li>\n\n\n\n<li><a href='?page_no=2'>2<\/a><\/li>\n\n\n\n<li><a>...<\/a><\/li>\n\n\n\n<li><a href='?page_no=14432'>14432<\/a><\/li>\n\n\n\n<li><a href='?page_no=14433'>14433<\/a><\/li>\n\n\n\n<li class='active'><a>14434<\/a><\/li>\n\n\n\n<li><a href='?page_no=14435'>14435<\/a><\/li>\n\n\n\n<li><a href='?page_no=14436'>14436<\/a><\/li>\n\n\n\n<li><a>...<\/a><\/li>\n\n\n\n<li><a href='?page_no=30472'>30472<\/a><\/li>\n\n\n\n<li><a href='?page_no=30473'>30473<\/a><\/li>\n\n    \n\t\n\n<li >\n\t<a href='?page_no=14435'>Next<\/a>\n\t<\/li>\n\n\n    \n\n<li><a href='?page_no=30473'>Last &rsaquo;&rsaquo;<\/a><\/li>\n\n<\/ul>\n\n\n--><br \/>\n<\/body><\/p>\n","protected":false},"excerpt":{"rendered":"<p>Santo Domingo RD 5 noviembre.- Con el tema Tarjetas de Cr\u00e9dito: \u00bfOportunidad de la Econom\u00eda Globalizada o Artificio Legal?, fue realizado un conversatorio a empleados del Instituto Nacional de Protecci\u00f3n de los Derechos del Consumidor, Pro Consumidor, por el diputado Francisco Matos Mancebo. El conversatorio est\u00e1 fundamentado en el libro de su autor\u00eda que lleva [&hellip;]<\/p>\n","protected":false},"author":3,"featured_media":0,"comment_status":"open","ping_status":"open","sticky":false,"template":"","format":"standard","meta":{"footnotes":""},"categories":[18],"tags":[],"class_list":["post-98925","post","type-post","status-publish","format-standard","hentry","category-economia"],"_links":{"self":[{"href":"https:\/\/diariodominicano.com\/index.php?rest_route=\/wp\/v2\/posts\/98925","targetHints":{"allow":["GET"]}}],"collection":[{"href":"https:\/\/diariodominicano.com\/index.php?rest_route=\/wp\/v2\/posts"}],"about":[{"href":"https:\/\/diariodominicano.com\/index.php?rest_route=\/wp\/v2\/types\/post"}],"author":[{"embeddable":true,"href":"https:\/\/diariodominicano.com\/index.php?rest_route=\/wp\/v2\/users\/3"}],"replies":[{"embeddable":true,"href":"https:\/\/diariodominicano.com\/index.php?rest_route=%2Fwp%2Fv2%2Fcomments&post=98925"}],"version-history":[{"count":0,"href":"https:\/\/diariodominicano.com\/index.php?rest_route=\/wp\/v2\/posts\/98925\/revisions"}],"wp:attachment":[{"href":"https:\/\/diariodominicano.com\/index.php?rest_route=%2Fwp%2Fv2%2Fmedia&parent=98925"}],"wp:term":[{"taxonomy":"category","embeddable":true,"href":"https:\/\/diariodominicano.com\/index.php?rest_route=%2Fwp%2Fv2%2Fcategories&post=98925"},{"taxonomy":"post_tag","embeddable":true,"href":"https:\/\/diariodominicano.com\/index.php?rest_route=%2Fwp%2Fv2%2Ftags&post=98925"}],"curies":[{"name":"wp","href":"https:\/\/api.w.org\/{rel}","templated":true}]}}