{"id":98923,"date":"2013-11-05T18:32:50","date_gmt":"2013-11-05T18:32:50","guid":{"rendered":"http:\/\/diariodominicano.ddns.net\/?p=98923"},"modified":"2013-11-05T18:32:50","modified_gmt":"2013-11-05T18:32:50","slug":"consumidores-se-unen-para-defender-las-compras-por-internet","status":"publish","type":"post","link":"https:\/\/diariodominicano.com\/?p=98923","title":{"rendered":"&#13;&#13;Consumidores se unen  para defender las compras por Internet&#13;"},"content":{"rendered":"<p><body><\/p>\n<p><span class=\"text1noticias\"> <\/span><\/p>\n<p><span class=\"text1noticias\">Santo Domingo, RD, 5 de noviembre.- Existe preocupaci\u00f3n en los consumidores por el pronunciamiento del sector comercial de gravar las compras por Internet inferiores a 200 d\u00f3lares, por lo que han decidido unirse para defender su derecho a elecci\u00f3n de compra, y oponerse a un pronunciamiento que adem\u00e1s podr\u00eda violentar el acuerdo DR-CAFTA.<\/span><\/p>\n<p><span class=\"text1noticias\"> <\/span><\/p>\n<p><span class=\"text1noticias\">Debido a esto, los consumidores han hecho estallar las redes sociales, expresando de manera individual las razones por las cuales realizan compras online y han exteriorizado su indignaci\u00f3n en contra de la intenci\u00f3n de gravarlas con nuevos impuestos.<\/span><\/p>\n<p><span class=\"text1noticias\"> <\/span><\/p>\n<p><span class=\"text1noticias\">Juan Antonio Matos, Inform\u00e1tico, uno de los miles de consumidores indignados que se han manifestado en las Redes Sociales, expres\u00f3: \u00abEl comercio por Internet nos permite adquirir productos de mejor calidad y a precios mucho m\u00e1s bajos, dot\u00e1ndonos de capacidades de compra que los negocios convencionales en Rep\u00fablica Dominicana no nos proveen.\u00bb<\/span><\/p>\n<p><span class=\"text1noticias\"> <\/span><\/p>\n<p><span class=\"text1noticias\">Se\u00f1al\u00f3 que las compras por Internet son la \u00fanica alternativa viable que tienen los consumidores ante los inflados precios a los cuales son sometidos por parte de los comerciantes.<\/span><\/p>\n<p><span class=\"text1noticias\"> <\/span><\/p>\n<p><span class=\"text1noticias\">\u00abEstos comerciantes llaman \u00abCompetencia Desleal\u00bb a la Internet, nuestra \u00fanica alternativa de comercializaci\u00f3n. \u00c9stos se ciegan ante la globalizaci\u00f3n y esconden tras excusas vanas su incapacidad para lidiar con las nuevas formas de hacer negocios en la era digital\u00bb, destac\u00f3 Matos.<\/span><\/p>\n<p><span class=\"text1noticias\"> <\/span><\/p>\n<p><span class=\"text1noticias\">Los consumidores una vez m\u00e1s han hecho uso de las redes sociales como plataforma para expresar su descontento ante propuestas que les afectan, en este orden Matos expresa \u00abLas redes sociales sin dudas han potencializado y han democratizado la posibilidad de que cualquier ciudadano sea escuchado sin importar la clase social, pol\u00edtica y religiosa a la que este pertenezca. No cabe duda que estas redes pueden ser un instrumento poderoso en la construcci\u00f3n colectiva de una sociedad mejor.  Todos como ciudadanos tenemos el derecho y la responsabilidad de utilizar las redes sociales y cualquier otro medio para contribuir a la construcci\u00f3n de un mejor pa\u00eds y una sociedad m\u00e1s equitativa y justa.\u00bb<\/span><\/p>\n<p><span class=\"text1noticias\"> <\/span><\/p>\n<p><span class=\"text1noticias\">En este sentido, Juan Antonio Matos, tom\u00f3 la iniciativa de crear una campa\u00f1a de recolecci\u00f3n de firmas a trav\u00e9s de una plataforma virtual,  con la intenci\u00f3n de elaborar un documento en el cual los consumidores fijen una posici\u00f3n un\u00e1nime y coherente, para elevar sus reclamos ante el Presidente de la Rep\u00fablica y las dem\u00e1s autoridades competentes, ya que de implantarse esta pol\u00edtica, \u00e9stos ser\u00edan los m\u00e1s perjudicados.<\/span><\/p>\n<p><span class=\"text1noticias\"> <\/span><\/p>\n<p><span class=\"text1noticias\">\u00abYa miles de dominicanos preocupados por este tema han firmado. La idea es finalmente remitir estas firmas con una carta a los que finalmente tomar\u00e1n la decisi\u00f3n. En el portal web http:\/\/www.YoComproPorInternet.do est\u00e1 la campa\u00f1a virtual y el texto de nuestra petici\u00f3n\u00bb, puntualiz\u00f3 Matos, quien invit\u00f3 a los interesados a unirse a esta lucha.<\/span><\/p>\n<\/p>\n<h6> 2013-11-05 18:32:50 <\/h6>\n<p><!--\n<link rel=\"stylesheet\" href=\"css\/bootstrap.min.css\">\n\n\n<ul class=\"pagination\">\n\t    \n\t\n\n<li >\n\t<a href='?page_no=14431'>Previous<\/a>\n\t<\/li>\n\n\n       \n    \n\n<li><a href='?page_no=1'>1<\/a><\/li>\n\n\n\n<li><a href='?page_no=2'>2<\/a><\/li>\n\n\n\n<li><a>...<\/a><\/li>\n\n\n\n<li><a href='?page_no=14430'>14430<\/a><\/li>\n\n\n\n<li><a href='?page_no=14431'>14431<\/a><\/li>\n\n\n\n<li class='active'><a>14432<\/a><\/li>\n\n\n\n<li><a href='?page_no=14433'>14433<\/a><\/li>\n\n\n\n<li><a href='?page_no=14434'>14434<\/a><\/li>\n\n\n\n<li><a>...<\/a><\/li>\n\n\n\n<li><a href='?page_no=30472'>30472<\/a><\/li>\n\n\n\n<li><a href='?page_no=30473'>30473<\/a><\/li>\n\n    \n\t\n\n<li >\n\t<a href='?page_no=14433'>Next<\/a>\n\t<\/li>\n\n\n    \n\n<li><a href='?page_no=30473'>Last &rsaquo;&rsaquo;<\/a><\/li>\n\n<\/ul>\n\n\n--><br \/>\n<\/body><\/p>\n","protected":false},"excerpt":{"rendered":"<p>Santo Domingo, RD, 5 de noviembre.- Existe preocupaci\u00f3n en los consumidores por el pronunciamiento del sector comercial de gravar las compras por Internet inferiores a 200 d\u00f3lares, por lo que han decidido unirse para defender su derecho a elecci\u00f3n de compra, y oponerse a un pronunciamiento que adem\u00e1s podr\u00eda violentar el acuerdo DR-CAFTA. Debido a [&hellip;]<\/p>\n","protected":false},"author":3,"featured_media":0,"comment_status":"open","ping_status":"open","sticky":false,"template":"","format":"standard","meta":{"footnotes":""},"categories":[18],"tags":[],"class_list":["post-98923","post","type-post","status-publish","format-standard","hentry","category-economia"],"_links":{"self":[{"href":"https:\/\/diariodominicano.com\/index.php?rest_route=\/wp\/v2\/posts\/98923","targetHints":{"allow":["GET"]}}],"collection":[{"href":"https:\/\/diariodominicano.com\/index.php?rest_route=\/wp\/v2\/posts"}],"about":[{"href":"https:\/\/diariodominicano.com\/index.php?rest_route=\/wp\/v2\/types\/post"}],"author":[{"embeddable":true,"href":"https:\/\/diariodominicano.com\/index.php?rest_route=\/wp\/v2\/users\/3"}],"replies":[{"embeddable":true,"href":"https:\/\/diariodominicano.com\/index.php?rest_route=%2Fwp%2Fv2%2Fcomments&post=98923"}],"version-history":[{"count":0,"href":"https:\/\/diariodominicano.com\/index.php?rest_route=\/wp\/v2\/posts\/98923\/revisions"}],"wp:attachment":[{"href":"https:\/\/diariodominicano.com\/index.php?rest_route=%2Fwp%2Fv2%2Fmedia&parent=98923"}],"wp:term":[{"taxonomy":"category","embeddable":true,"href":"https:\/\/diariodominicano.com\/index.php?rest_route=%2Fwp%2Fv2%2Fcategories&post=98923"},{"taxonomy":"post_tag","embeddable":true,"href":"https:\/\/diariodominicano.com\/index.php?rest_route=%2Fwp%2Fv2%2Ftags&post=98923"}],"curies":[{"name":"wp","href":"https:\/\/api.w.org\/{rel}","templated":true}]}}