{"id":98921,"date":"2013-11-05T19:28:11","date_gmt":"2013-11-05T19:28:11","guid":{"rendered":"http:\/\/diariodominicano.ddns.net\/?p=98921"},"modified":"2013-11-05T19:28:11","modified_gmt":"2013-11-05T19:28:11","slug":"taiwan-dona-fondos-para-pymes","status":"publish","type":"post","link":"https:\/\/diariodominicano.com\/?p=98921","title":{"rendered":"Taiw\u00e1n dona fondos para Pymes"},"content":{"rendered":"<p><body><\/p>\n<p><img decoding=\"async\" src=\"img3\/pymes.jpg\" \/>  <\/p>\n<p><span class=\"text1noticias\">Santo Domingo, RD, 5 de Noviembre.-El gobierno de Taiw\u00e1n entreg\u00f3 este martes al gobierno dominicano la primera partida de una donaci\u00f3n por un mill\u00f3n de d\u00f3lares para la construcci\u00f3n de un Centro de Servicios de Apoyo Integral a las Pymes, inform\u00f3 la Unidad de Comunicaciones del Ministerio de Econom\u00eda, Planificaci\u00f3n y Desarrollo (MEPyD).<\/span><\/p>\n<\/p>\n<p><span class=\"text1noticias\">El embajador taiwan\u00e9s, Tom\u00e1s Ping-Fu Hou entreg\u00f3 el cheque por US$331,013 a los viceministros de Cooperaci\u00f3n Internacional del MEPyD, Inocencio Garc\u00eda Javier, y al de Peque\u00f1as y Medianas Empresas del Ministerio de Industria y Comercio, Ignacio M\u00e9ndez, en el acto de firma del acta en el Ministerio de Econom\u00eda.<\/span><\/p>\n<\/p>\n<p><span class=\"text1noticias\">La segunda partida (US$668,987) ser\u00e1 desembolsada previo a un informe que el gobierno dominicano deber\u00e1 presentar sobre la ejecuci\u00f3n f\u00edsica y financiera de la primera, conforme con la programaci\u00f3n de fondos del a\u00f1o en curso.<\/span><\/p>\n<\/p>\n<p><span class=\"text1noticias\">El acta de donaci\u00f3n fue firmada por el embajador taiwan\u00e9s y por los viceministros de Econom\u00eda, Planificaci\u00f3n y Desarrollo y de Industria y Comercio.<\/span><\/p>\n<\/p>\n<p><span class=\"text1noticias\">Garc\u00eda Javier, acompa\u00f1ado del director de Cooperaci\u00f3n Bilateral, Nelson Valdez, y del encargado de Seguimiento, Ronaldo Torres, inform\u00f3 que al MEPyD, como rector de la cooperaci\u00f3n internacional, le corresponde dar cuenta de la ejecuci\u00f3n de fondos a trav\u00e9s de su Unidad de Auditor\u00eda para Monitoreo de Proyectos en Ejecuci\u00f3n.<\/span><\/p>\n<\/p>\n<p><span class=\"text1noticias\">Dijo que la significaci\u00f3n de esta contribuci\u00f3n est\u00e1 en que las Pymes son una de las \u00e1reas de atenci\u00f3n fundamental del programa de gobierno del presidente Danilo Medina.  <\/span><\/p>\n<\/p>\n<p><span class=\"text1noticias\"> Mientras que M\u00e9ndez, acompa\u00f1ado del encargado de Cooperaci\u00f3n de Industria y Comercio, Luis Pe\u00f1a, dijo que con la puesta en operaci\u00f3n del Centro Pymes, que operar\u00e1 en Santo Domingo y en Santiago, habr\u00e1 un cambio en c\u00f3mo han sido asistidas hasta ahora las PYMES.<\/span><\/p>\n<\/p>\n<p><span class=\"text1noticias\">Agradeci\u00f3 a Taiw\u00e1n su apoyo indirecto al desarrollo en el pa\u00eds de la agenda de emprendimiento como tambi\u00e9n la disposici\u00f3n de esa naci\u00f3n a compartir con la Rep\u00fablica Dominicana sus \u00e9xitos y aprendizajes.<\/span><\/p>\n<\/p>\n<p><span class=\"text1noticias\">El embajador Ping-Fu Hou, acompa\u00f1ado del encargado pol\u00edtico de la embajada, Rogelio Chang, adelant\u00f3 que el a\u00f1o pr\u00f3ximo ser\u00e1 necesario desembolsar otro mill\u00f3n de d\u00f3lares.<\/span><\/p>\n<\/p>\n<p><span class=\"text1noticias\">Resalt\u00f3 que en Taiw\u00e1n las Pymes han sido la  fuerza motriz del desarrollo econ\u00f3mico, adonde representan m\u00e1s del 97% de las empresas establecidas y m\u00e1s del 76% del empleo.<\/span><\/p>\n<\/p>\n<p><span class=\"text1noticias\">Coment\u00f3 que en Taiw\u00e1n la historia de las PYMES ha sido de forcejeo por la sobrevivencia de las mismas, por lo que apoyarlas es decisivo para el desarrollo econ\u00f3mico y la estabilidad social de los pa\u00edses.<\/span><\/p>\n<\/p>\n<p><span class=\"text1noticias\">Record\u00f3 que el presidente Danilo Medina prometi\u00f3 en su juramentaci\u00f3n apoyar de manera integral a las PYMES, por lo que dijo que le satisface que el MEPyD trabaje para concretar esa promesa que conducir\u00e1 a la Rep\u00fablica Dominicana por el sendero de la prosperidad y de la competitividad global.(HG)<\/span>.<\/p>\n<\/p>\n<h6> 2013-11-05 19:28:11 <\/h6>\n<p><!--\n<link rel=\"stylesheet\" href=\"css\/bootstrap.min.css\">\n\n\n<ul class=\"pagination\">\n\t    \n\t\n\n<li >\n\t<a href='?page_no=14429'>Previous<\/a>\n\t<\/li>\n\n\n       \n    \n\n<li><a href='?page_no=1'>1<\/a><\/li>\n\n\n\n<li><a href='?page_no=2'>2<\/a><\/li>\n\n\n\n<li><a>...<\/a><\/li>\n\n\n\n<li><a href='?page_no=14428'>14428<\/a><\/li>\n\n\n\n<li><a href='?page_no=14429'>14429<\/a><\/li>\n\n\n\n<li class='active'><a>14430<\/a><\/li>\n\n\n\n<li><a href='?page_no=14431'>14431<\/a><\/li>\n\n\n\n<li><a href='?page_no=14432'>14432<\/a><\/li>\n\n\n\n<li><a>...<\/a><\/li>\n\n\n\n<li><a href='?page_no=30472'>30472<\/a><\/li>\n\n\n\n<li><a href='?page_no=30473'>30473<\/a><\/li>\n\n    \n\t\n\n<li >\n\t<a href='?page_no=14431'>Next<\/a>\n\t<\/li>\n\n\n    \n\n<li><a href='?page_no=30473'>Last &rsaquo;&rsaquo;<\/a><\/li>\n\n<\/ul>\n\n\n--><br \/>\n<\/body><\/p>\n","protected":false},"excerpt":{"rendered":"<p>Santo Domingo, RD, 5 de Noviembre.-El gobierno de Taiw\u00e1n entreg\u00f3 este martes al gobierno dominicano la primera partida de una donaci\u00f3n por un mill\u00f3n de d\u00f3lares para la construcci\u00f3n de un Centro de Servicios de Apoyo Integral a las Pymes, inform\u00f3 la Unidad de Comunicaciones del Ministerio de Econom\u00eda, Planificaci\u00f3n y Desarrollo (MEPyD). El embajador [&hellip;]<\/p>\n","protected":false},"author":3,"featured_media":0,"comment_status":"open","ping_status":"open","sticky":false,"template":"","format":"standard","meta":{"footnotes":""},"categories":[18],"tags":[],"class_list":["post-98921","post","type-post","status-publish","format-standard","hentry","category-economia"],"_links":{"self":[{"href":"https:\/\/diariodominicano.com\/index.php?rest_route=\/wp\/v2\/posts\/98921","targetHints":{"allow":["GET"]}}],"collection":[{"href":"https:\/\/diariodominicano.com\/index.php?rest_route=\/wp\/v2\/posts"}],"about":[{"href":"https:\/\/diariodominicano.com\/index.php?rest_route=\/wp\/v2\/types\/post"}],"author":[{"embeddable":true,"href":"https:\/\/diariodominicano.com\/index.php?rest_route=\/wp\/v2\/users\/3"}],"replies":[{"embeddable":true,"href":"https:\/\/diariodominicano.com\/index.php?rest_route=%2Fwp%2Fv2%2Fcomments&post=98921"}],"version-history":[{"count":0,"href":"https:\/\/diariodominicano.com\/index.php?rest_route=\/wp\/v2\/posts\/98921\/revisions"}],"wp:attachment":[{"href":"https:\/\/diariodominicano.com\/index.php?rest_route=%2Fwp%2Fv2%2Fmedia&parent=98921"}],"wp:term":[{"taxonomy":"category","embeddable":true,"href":"https:\/\/diariodominicano.com\/index.php?rest_route=%2Fwp%2Fv2%2Fcategories&post=98921"},{"taxonomy":"post_tag","embeddable":true,"href":"https:\/\/diariodominicano.com\/index.php?rest_route=%2Fwp%2Fv2%2Ftags&post=98921"}],"curies":[{"name":"wp","href":"https:\/\/api.w.org\/{rel}","templated":true}]}}