{"id":98918,"date":"2013-11-05T20:40:01","date_gmt":"2013-11-05T20:40:01","guid":{"rendered":"http:\/\/diariodominicano.ddns.net\/?p=98918"},"modified":"2013-11-05T20:40:01","modified_gmt":"2013-11-05T20:40:01","slug":"fonper-dona-maquina-de-coser-a-humilde-mujer-de-pekin-santiago","status":"publish","type":"post","link":"https:\/\/diariodominicano.com\/?p=98918","title":{"rendered":"FONPER dona m\u00e1quina de coser a humilde mujer de Pek\u00edn, Santiago"},"content":{"rendered":"<p><body><\/p>\n<p><img decoding=\"async\" src=\"img3\/fonper.jpg\" \/>  <\/p>\n<p><span class=\"text1noticias\">Santiago, RD, 5 de Noviembre.- El presidente del Fondo Patrimonial de las Empresas Reformadas, licenciado Fernando Rosa, entreg\u00f3 una m\u00e1quina de coser modelo industrial  a la se\u00f1ora Anny Belkis Santos, quien la hab\u00eda solicitado mediante una comunicaci\u00f3n escrita.<\/span><\/p>\n<p><span class=\"text1noticias\"> <\/span><\/p>\n<p><span class=\"text1noticias\">En la misiva explicaba que quer\u00eda trabajar para ganar el sustento sus tres hijos. \u00abLo \u00fanico que s\u00e9  hacer es coser, por lo que necesito una m\u00e1quina para poder hacer cojines, cortinas, colchas, pantalones y otras prendas de vestir que aprend\u00ed en el curso de modista en los talleres de Progresando\u00bb, explic\u00f3<\/span><\/p>\n<p><span class=\"text1noticias\"> <\/span><\/p>\n<p><span class=\"text1noticias\">\u00abHoy nosotros en nombre del presidente Danilo Medina y del Fondo Patrimonial de las Empresas Reformadas (FONPER) le estamos haciendo entrega de una m\u00e1quina industrial de costura  para que Anny Belkis Santos y su familia sean autosuficientes para que puedan vivir de sus propios recursos\u00bb, dijo Rosa.<\/span><\/p>\n<p><span class=\"text1noticias\"> <\/span><\/p>\n<p><span class=\"text1noticias\">\u00abMe dijo una amiga ven a cogerme la medida para que me haga un juego de cortinas, y yo le dije que no tengo m\u00e1quina, si t\u00fa te  espera para que la profesora me d\u00e9 el permiso para yo hac\u00e9rtela, pero gracias les doy a Dios, al presidente Danilo Medina en la persona del licenciado Fernando Rosa, que me regal\u00f3 mi m\u00e1quina para yo trabajar\u00bb, narr\u00f3 Santos, con  palabras entrecortadas y con los ojos llorosos de alegr\u00eda.<\/span><\/p>\n<p><span class=\"text1noticias\"> <\/span><\/p>\n<p><span class=\"text1noticias\">Dijo que va a seguir estudiando para hacer trajes porque le gusta la costura. La entrega de la m\u00e1quina fue  hecha en la humilde vivienda en la calle 27 segunda n\u00famero 101 de barrio Pek\u00edn en Santiago.(HG)<\/span>.<\/p>\n<h6> 2013-11-05 20:40:01 <\/h6>\n<p><!--\n<link rel=\"stylesheet\" href=\"css\/bootstrap.min.css\">\n\n\n<ul class=\"pagination\">\n\t    \n\t\n\n<li >\n\t<a href='?page_no=14427'>Previous<\/a>\n\t<\/li>\n\n\n       \n    \n\n<li><a href='?page_no=1'>1<\/a><\/li>\n\n\n\n<li><a href='?page_no=2'>2<\/a><\/li>\n\n\n\n<li><a>...<\/a><\/li>\n\n\n\n<li><a href='?page_no=14426'>14426<\/a><\/li>\n\n\n\n<li><a href='?page_no=14427'>14427<\/a><\/li>\n\n\n\n<li class='active'><a>14428<\/a><\/li>\n\n\n\n<li><a href='?page_no=14429'>14429<\/a><\/li>\n\n\n\n<li><a href='?page_no=14430'>14430<\/a><\/li>\n\n\n\n<li><a>...<\/a><\/li>\n\n\n\n<li><a href='?page_no=30472'>30472<\/a><\/li>\n\n\n\n<li><a href='?page_no=30473'>30473<\/a><\/li>\n\n    \n\t\n\n<li >\n\t<a href='?page_no=14429'>Next<\/a>\n\t<\/li>\n\n\n    \n\n<li><a href='?page_no=30473'>Last &rsaquo;&rsaquo;<\/a><\/li>\n\n<\/ul>\n\n\n--><br \/>\n<\/body><\/p>\n","protected":false},"excerpt":{"rendered":"<p>Santiago, RD, 5 de Noviembre.- El presidente del Fondo Patrimonial de las Empresas Reformadas, licenciado Fernando Rosa, entreg\u00f3 una m\u00e1quina de coser modelo industrial a la se\u00f1ora Anny Belkis Santos, quien la hab\u00eda solicitado mediante una comunicaci\u00f3n escrita. En la misiva explicaba que quer\u00eda trabajar para ganar el sustento sus tres hijos. \u00abLo \u00fanico que [&hellip;]<\/p>\n","protected":false},"author":3,"featured_media":0,"comment_status":"open","ping_status":"open","sticky":false,"template":"","format":"standard","meta":{"footnotes":""},"categories":[18],"tags":[],"class_list":["post-98918","post","type-post","status-publish","format-standard","hentry","category-economia"],"_links":{"self":[{"href":"https:\/\/diariodominicano.com\/index.php?rest_route=\/wp\/v2\/posts\/98918","targetHints":{"allow":["GET"]}}],"collection":[{"href":"https:\/\/diariodominicano.com\/index.php?rest_route=\/wp\/v2\/posts"}],"about":[{"href":"https:\/\/diariodominicano.com\/index.php?rest_route=\/wp\/v2\/types\/post"}],"author":[{"embeddable":true,"href":"https:\/\/diariodominicano.com\/index.php?rest_route=\/wp\/v2\/users\/3"}],"replies":[{"embeddable":true,"href":"https:\/\/diariodominicano.com\/index.php?rest_route=%2Fwp%2Fv2%2Fcomments&post=98918"}],"version-history":[{"count":0,"href":"https:\/\/diariodominicano.com\/index.php?rest_route=\/wp\/v2\/posts\/98918\/revisions"}],"wp:attachment":[{"href":"https:\/\/diariodominicano.com\/index.php?rest_route=%2Fwp%2Fv2%2Fmedia&parent=98918"}],"wp:term":[{"taxonomy":"category","embeddable":true,"href":"https:\/\/diariodominicano.com\/index.php?rest_route=%2Fwp%2Fv2%2Fcategories&post=98918"},{"taxonomy":"post_tag","embeddable":true,"href":"https:\/\/diariodominicano.com\/index.php?rest_route=%2Fwp%2Fv2%2Ftags&post=98918"}],"curies":[{"name":"wp","href":"https:\/\/api.w.org\/{rel}","templated":true}]}}