{"id":98911,"date":"2013-11-06T20:05:32","date_gmt":"2013-11-06T20:05:32","guid":{"rendered":"http:\/\/diariodominicano.ddns.net\/?p=98911"},"modified":"2013-11-06T20:05:32","modified_gmt":"2013-11-06T20:05:32","slug":"capacitan-a-pymes-del-pais-en-materia-de-recursos-humanos","status":"publish","type":"post","link":"https:\/\/diariodominicano.com\/?p=98911","title":{"rendered":"Capacitan a Pymes del pa\u00eds en materia de recursos humanos"},"content":{"rendered":"<p><body><\/p>\n<p><img decoding=\"async\" src=\"img3\/pymes.jpg\" \/>  <\/p>\n<p><span class=\"text1noticias\">Santo Domingo, RD, 6 de Noviembre.-El Ministerio de Industria y Comercio (MIC) a trav\u00e9s del Viceministerio de Fomento a las PYMES, en conjunto con Fundaci\u00f3n T\u00fa Puedes Acerh y el patrocinio de la empresa Acerh Dominicana, facilit\u00f3 el programa \u00abMejores Pr\u00e1cticas de Recursos Humanos\u00bb a peque\u00f1as y medianas empresas del pa\u00eds.<\/span><\/p>\n<\/p>\n<p><span class=\"text1noticias\">En representaci\u00f3n del Viceministerio de PYMES, la coordinadora de capacitaci\u00f3n de la Direcci\u00f3n de Servicios de Apoyo a las Pymes del Viceministerio de PYMES, Miriam Gonz\u00e1lez, inform\u00f3 que propietarios y encargados de recursos humanos se capacitaron con todo el contenido relacionado a una mejor gesti\u00f3n del capital humano y los procesos y m\u00e9todos que conlleva el mismo.<\/span><\/p>\n<\/p>\n<p><span class=\"text1noticias\">En ese mismo orden, la directora general de Acerh Dominicana, Isabel Est\u00e9vez, explic\u00f3 que este tipo de programas se realizan con el objetivo de brindar oportunidades y mejores servicios a un sector tan importante como lo es el de las Pymes.<\/span><\/p>\n<p><span class=\"text1noticias\">Los talleres, con una duraci\u00f3n de nueve horas, brindaron conocimientos sobre reclutamiento y selecci\u00f3n, an\u00e1lisis de puestos, compensaciones equitativas y aspectos del C\u00f3digo de Trabajo.<\/span><\/p>\n<\/p>\n<p><span class=\"text1noticias\">Asimismo, se impartieron talleres acerca de los beneficios de los recursos humanos y sus buenas pr\u00e1cticas, inducciones al personal, pagos de TSS, DGT3, DGT4, Infotep y ARL.<\/span><\/p>\n<\/p>\n<p><span class=\"text1noticias\">El taller cont\u00f3 con la participaci\u00f3n de la Direcci\u00f3n de Higiene y Seguridad Industrial, del Ministerio de Trabajo (MT), el cual capacit\u00f3 a los interesados sobre el Decreto 522-06, sobre Seguridad Social en el Trabajo.<\/span><\/p>\n<\/p>\n<p><span class=\"text1noticias\">Sobre este decreto, los participantes conocieron sus derechos y obligaciones con los empleados y estos con sus empleadores. Adem\u00e1s, las sanciones por las que pueden atravesar si ocurre un accidente laboral y las formas de c\u00f3mo evitarlo.<\/span><\/p>\n<\/p>\n<p><span class=\"text1noticias\">\u00abEl objetivo es brindar conocimientos del manejo de personal y suministrar las herramientas necesarias que permitan la adecuada gesti\u00f3n de recursos humanos\u00bb, expres\u00f3 Est\u00e9vez.(HG)<\/span>.<\/p>\n<\/p>\n<h6> 2013-11-06 20:05:32 <\/h6>\n<p><!--\n<link rel=\"stylesheet\" href=\"css\/bootstrap.min.css\">\n\n\n<ul class=\"pagination\">\n\t    \n\t\n\n<li >\n\t<a href='?page_no=14420'>Previous<\/a>\n\t<\/li>\n\n\n       \n    \n\n<li><a href='?page_no=1'>1<\/a><\/li>\n\n\n\n<li><a href='?page_no=2'>2<\/a><\/li>\n\n\n\n<li><a>...<\/a><\/li>\n\n\n\n<li><a href='?page_no=14419'>14419<\/a><\/li>\n\n\n\n<li><a href='?page_no=14420'>14420<\/a><\/li>\n\n\n\n<li class='active'><a>14421<\/a><\/li>\n\n\n\n<li><a href='?page_no=14422'>14422<\/a><\/li>\n\n\n\n<li><a href='?page_no=14423'>14423<\/a><\/li>\n\n\n\n<li><a>...<\/a><\/li>\n\n\n\n<li><a href='?page_no=30472'>30472<\/a><\/li>\n\n\n\n<li><a href='?page_no=30473'>30473<\/a><\/li>\n\n    \n\t\n\n<li >\n\t<a href='?page_no=14422'>Next<\/a>\n\t<\/li>\n\n\n    \n\n<li><a href='?page_no=30473'>Last &rsaquo;&rsaquo;<\/a><\/li>\n\n<\/ul>\n\n\n--><br \/>\n<\/body><\/p>\n","protected":false},"excerpt":{"rendered":"<p>Santo Domingo, RD, 6 de Noviembre.-El Ministerio de Industria y Comercio (MIC) a trav\u00e9s del Viceministerio de Fomento a las PYMES, en conjunto con Fundaci\u00f3n T\u00fa Puedes Acerh y el patrocinio de la empresa Acerh Dominicana, facilit\u00f3 el programa \u00abMejores Pr\u00e1cticas de Recursos Humanos\u00bb a peque\u00f1as y medianas empresas del pa\u00eds. En representaci\u00f3n del Viceministerio [&hellip;]<\/p>\n","protected":false},"author":3,"featured_media":0,"comment_status":"open","ping_status":"open","sticky":false,"template":"","format":"standard","meta":{"footnotes":""},"categories":[18],"tags":[],"class_list":["post-98911","post","type-post","status-publish","format-standard","hentry","category-economia"],"_links":{"self":[{"href":"https:\/\/diariodominicano.com\/index.php?rest_route=\/wp\/v2\/posts\/98911","targetHints":{"allow":["GET"]}}],"collection":[{"href":"https:\/\/diariodominicano.com\/index.php?rest_route=\/wp\/v2\/posts"}],"about":[{"href":"https:\/\/diariodominicano.com\/index.php?rest_route=\/wp\/v2\/types\/post"}],"author":[{"embeddable":true,"href":"https:\/\/diariodominicano.com\/index.php?rest_route=\/wp\/v2\/users\/3"}],"replies":[{"embeddable":true,"href":"https:\/\/diariodominicano.com\/index.php?rest_route=%2Fwp%2Fv2%2Fcomments&post=98911"}],"version-history":[{"count":0,"href":"https:\/\/diariodominicano.com\/index.php?rest_route=\/wp\/v2\/posts\/98911\/revisions"}],"wp:attachment":[{"href":"https:\/\/diariodominicano.com\/index.php?rest_route=%2Fwp%2Fv2%2Fmedia&parent=98911"}],"wp:term":[{"taxonomy":"category","embeddable":true,"href":"https:\/\/diariodominicano.com\/index.php?rest_route=%2Fwp%2Fv2%2Fcategories&post=98911"},{"taxonomy":"post_tag","embeddable":true,"href":"https:\/\/diariodominicano.com\/index.php?rest_route=%2Fwp%2Fv2%2Ftags&post=98911"}],"curies":[{"name":"wp","href":"https:\/\/api.w.org\/{rel}","templated":true}]}}