{"id":98910,"date":"2013-11-06T20:38:56","date_gmt":"2013-11-06T20:38:56","guid":{"rendered":"http:\/\/diariodominicano.ddns.net\/?p=98910"},"modified":"2013-11-06T20:38:56","modified_gmt":"2013-11-06T20:38:56","slug":"mipymes-apoyan-decision-del-minerd-de-adjudicar-licitacion-para-suministro-butacas-escolares","status":"publish","type":"post","link":"https:\/\/diariodominicano.com\/?p=98910","title":{"rendered":"&#13; MIPYMES apoyan decisi\u00f3n del MINERD de adjudicar licitaci\u00f3n para suministro butacas escolares"},"content":{"rendered":"<p><body><\/p>\n<p><img decoding=\"async\" src=\"img3\/pupitres.jpg\" \/>  <\/p>\n<p><span class=\"text1noticias\">Santo Domingo, RD, 6 de Noviembre.-Representantes de las Micro, Peque\u00f1as y Medianas Empresas (MIPYMES) apoyaron la decisi\u00f3n del Ministerio de Educaci\u00f3n (MINERD) de dar cumplimiento a la sentencia del Tribunal Superior Administrativo de adjudicar la licitaci\u00f3n para el suministro de m\u00e1s de 200 mil butacas a 33 microempresas del pa\u00eds.<\/span><\/p>\n<\/p>\n<p><span class=\"text1noticias\">Al encabezar este mi\u00e9rcoles una reuni\u00f3n en la sede del MINERD con representantes del sector de las MIPYMES, el viceministro administrativo, Antonio Pe\u00f1a Mirabal, en representaci\u00f3n del ministro de Educaci\u00f3n, licenciado Carlos Amarante Baret, expres\u00f3 el inter\u00e9s del titular de la instituci\u00f3n educativa de buscar una soluci\u00f3n al tema.<\/span><\/p>\n<\/p>\n<p><span class=\"text1noticias\">\u00abA pesar de que nosotros, cuando llegamos, esta gesti\u00f3n encabezada por el licenciado Carlos Amarante Baret, haber encontrado este proceso en marcha y detectar una serie de situaciones que a nuestro modo de ver invalidaban el proceso, el ministro, atendiendo a la sentencia del Tribunal Superior Administrativo, convoc\u00f3 esta reuni\u00f3n con ustedes con el prop\u00f3sito de dar cumplimiento a esa sentencia\u00bb, expres\u00f3 Pe\u00f1a Mirabal.<\/span><\/p>\n<\/p>\n<p><span class=\"text1noticias\">Dijo que el MINERD, en el mes de diciembre, entregar\u00e1 alrededor de 400 escuelas nuevas con ampliaciones que ser\u00e1n insertadas inmediatamente al sistema educativo, lo cual representa una demanda de m\u00e1s de 200 mil butacas.<\/span><\/p>\n<\/p>\n<p><span class=\"text1noticias\">La consultora jur\u00eddica del MINERD, doctora Teresita Bencosme, dijo que se est\u00e1 buscando una f\u00f3rmula salom\u00f3nica para poder tener las butacas y que el sector de las MIPYMES pueda fortalecerse.<\/span><\/p>\n<\/p>\n<p><span class=\"text1noticias\">\u00abPara nosotros es sumamente importante llegar a un buen final de este proceso.  Un buen fin de este proceso significa que ustedes nos den los productos en el tiempo que los necesitamos, que es el tiempo que est\u00e1 establecido en el pliego de condiciones\u00bb, expres\u00f3 la consultora jur\u00eddica.<\/span><\/p>\n<\/p>\n<p><span class=\"text1noticias\">Durante la reuni\u00f3n fueron le\u00eddos los puntos m\u00e1s importantes que ten\u00eda el pliego de condiciones espec\u00edficas del procedimiento de urgencia ME-CCC-PU-2013-02 para la adquisici\u00f3n de butacas INTEC II e INTEC III, para que fuera asumido por los representantes de las empresas del sector y expresaran su aprobaci\u00f3n para continuar el proceso tal y como estaba previsto en el pliego.<\/span><\/p>\n<\/p>\n<p><span class=\"text1noticias\">El viceministro Pe\u00f1a Mirabal dijo que los t\u00e9rminos de referencia del pliego de condiciones establecen 60 d\u00edas para la entrega de la totalidad de la mercanc\u00eda, a partir de la entrega del avance inicial.<\/span><\/p>\n<\/p>\n<p><span class=\"text1noticias\">Adem\u00e1s, fue le\u00edda la distribuci\u00f3n seg\u00fan la divisi\u00f3n en partes iguales a los 33 oferentes que totalizan 86,926 butacas INTEC II y 130,386 INTEC III.<\/span><\/p>\n<\/p>\n<p><span class=\"text1noticias\">Mipymes est\u00e1n de acuerdo<\/span><\/p>\n<\/p>\n<p><span class=\"text1noticias\">Los representantes de las MIPYMES tuvieron la oportunidad de externar sus preguntas, inquietudes y observaciones.<\/span><\/p>\n<\/p>\n<p><span class=\"text1noticias\">Marcos Antonio Soto, de Talleres Marcos, quien present\u00f3 la acci\u00f3n de amparo, agradeci\u00f3 la receptividad del ministro de Educaci\u00f3n \u00abque con esta acci\u00f3n se monta en el caballo de los gigantes de reconocer la justeza del mandato de las PYMES. Al reconocer y ser obediente al mandato de la Ley, se convierte en un dem\u00f3crata a carta cabal\u00bb.<\/span><\/p>\n<\/p>\n<p><span class=\"text1noticias\">Mientras que Jos\u00e9 Luciano destac\u00f3 que es la primera vez que en una licitaci\u00f3n convocada por el MINERD las peque\u00f1as y medianas empresas son mayor\u00eda. <\/span><\/p>\n<\/p>\n<p><span class=\"text1noticias\">\u00abEso es lo que queremos, trabajar, esperar ese 20% para arrancar\u00bb, expres\u00f3.<\/span><\/p>\n<\/p>\n<p><span class=\"text1noticias\">En tanto, Vicente King, expres\u00f3 su agradecimiento al MINERD, a trav\u00e9s del ministro, del cual dijo est\u00e1 demostrando que es un hombre institucionalista.<\/span><\/p>\n<\/p>\n<p><span class=\"text1noticias\">En la reuni\u00f3n estuvieron presentes representantes de las empresas Distribuidores Escolar Talleres Marcos, Consorcio Naipaul-Sistec, Eduprogreso, Ram\u00f3n A. D\u00edaz, PJ Soluciones, F\u00e1brica de Muebles Cabema, QS Suplioffice, TP End Group, SDM Group, Guelmy Pimentel, Magalys P\u00e9rez del Castillo, OPEPI Ferreter\u00eda SRL, Mart\u00ednez Rosario, Talleres Ram\u00edrez, Ody Trading, Industrias Unidas Mec\u00e1nicas (IUMECA), Ferreter\u00eda Gof\u00e1n, y Codiminca, entre otras.(HG)<\/span>.<\/p>\n<\/p>\n<h6> 2013-11-06 20:38:56 <\/h6>\n<p><!--\n<link rel=\"stylesheet\" href=\"css\/bootstrap.min.css\">\n\n\n<ul class=\"pagination\">\n\t    \n\t\n\n<li >\n\t<a href='?page_no=14419'>Previous<\/a>\n\t<\/li>\n\n\n       \n    \n\n<li><a href='?page_no=1'>1<\/a><\/li>\n\n\n\n<li><a href='?page_no=2'>2<\/a><\/li>\n\n\n\n<li><a>...<\/a><\/li>\n\n\n\n<li><a href='?page_no=14418'>14418<\/a><\/li>\n\n\n\n<li><a href='?page_no=14419'>14419<\/a><\/li>\n\n\n\n<li class='active'><a>14420<\/a><\/li>\n\n\n\n<li><a href='?page_no=14421'>14421<\/a><\/li>\n\n\n\n<li><a href='?page_no=14422'>14422<\/a><\/li>\n\n\n\n<li><a>...<\/a><\/li>\n\n\n\n<li><a href='?page_no=30472'>30472<\/a><\/li>\n\n\n\n<li><a href='?page_no=30473'>30473<\/a><\/li>\n\n    \n\t\n\n<li >\n\t<a href='?page_no=14421'>Next<\/a>\n\t<\/li>\n\n\n    \n\n<li><a href='?page_no=30473'>Last &rsaquo;&rsaquo;<\/a><\/li>\n\n<\/ul>\n\n\n--><br \/>\n<\/body><\/p>\n","protected":false},"excerpt":{"rendered":"<p>Santo Domingo, RD, 6 de Noviembre.-Representantes de las Micro, Peque\u00f1as y Medianas Empresas (MIPYMES) apoyaron la decisi\u00f3n del Ministerio de Educaci\u00f3n (MINERD) de dar cumplimiento a la sentencia del Tribunal Superior Administrativo de adjudicar la licitaci\u00f3n para el suministro de m\u00e1s de 200 mil butacas a 33 microempresas del pa\u00eds. Al encabezar este mi\u00e9rcoles una [&hellip;]<\/p>\n","protected":false},"author":3,"featured_media":0,"comment_status":"open","ping_status":"open","sticky":false,"template":"","format":"standard","meta":{"footnotes":""},"categories":[18],"tags":[],"class_list":["post-98910","post","type-post","status-publish","format-standard","hentry","category-economia"],"_links":{"self":[{"href":"https:\/\/diariodominicano.com\/index.php?rest_route=\/wp\/v2\/posts\/98910","targetHints":{"allow":["GET"]}}],"collection":[{"href":"https:\/\/diariodominicano.com\/index.php?rest_route=\/wp\/v2\/posts"}],"about":[{"href":"https:\/\/diariodominicano.com\/index.php?rest_route=\/wp\/v2\/types\/post"}],"author":[{"embeddable":true,"href":"https:\/\/diariodominicano.com\/index.php?rest_route=\/wp\/v2\/users\/3"}],"replies":[{"embeddable":true,"href":"https:\/\/diariodominicano.com\/index.php?rest_route=%2Fwp%2Fv2%2Fcomments&post=98910"}],"version-history":[{"count":0,"href":"https:\/\/diariodominicano.com\/index.php?rest_route=\/wp\/v2\/posts\/98910\/revisions"}],"wp:attachment":[{"href":"https:\/\/diariodominicano.com\/index.php?rest_route=%2Fwp%2Fv2%2Fmedia&parent=98910"}],"wp:term":[{"taxonomy":"category","embeddable":true,"href":"https:\/\/diariodominicano.com\/index.php?rest_route=%2Fwp%2Fv2%2Fcategories&post=98910"},{"taxonomy":"post_tag","embeddable":true,"href":"https:\/\/diariodominicano.com\/index.php?rest_route=%2Fwp%2Fv2%2Ftags&post=98910"}],"curies":[{"name":"wp","href":"https:\/\/api.w.org\/{rel}","templated":true}]}}