{"id":98908,"date":"2013-11-06T21:58:22","date_gmt":"2013-11-06T21:58:22","guid":{"rendered":"http:\/\/diariodominicano.ddns.net\/?p=98908"},"modified":"2013-11-06T21:58:22","modified_gmt":"2013-11-06T21:58:22","slug":"diputada-guadalupe-valdez-falta-de-ingreso-limita-el-acceso-alimentos","status":"publish","type":"post","link":"https:\/\/diariodominicano.com\/?p=98908","title":{"rendered":"&#13;Diputada Guadalupe Valdez falta de ingreso limita el acceso alimentos"},"content":{"rendered":"<p><body><\/p>\n<p><img decoding=\"async\" src=\"img3\/Guadalupe.jpeg\" \/>  <\/p>\n<p><span class=\"text1noticias\">Sevilla, Espa\u00f1a, 6 de Noviembre.-La diputada nacional Guadalupe Valdez se\u00f1al\u00f3 que el problema del hambre no existe s\u00f3lo por carencia de alimentos, sino tambi\u00e9n por la falta de ingresos, por no disponer de la formaci\u00f3n adecuada para una alimentaci\u00f3n sana.<\/span><\/p>\n<\/p>\n<p><span class=\"text1noticias\">La coordinadora del Frente Parlamentario Contra el Hambre de Am\u00e9rica Latina y El Caribe, disert\u00f3 en el II Foro Mundial de Desarrollo Econ\u00f3mico Local sobre Seguridad Alimentaria y el Desarrollo Econ\u00f3mico Local II Foro Mundial de Desarrollo Econ\u00f3mico Local sobre Seguridad Alimentaria y el Desarrollo Econ\u00f3mico Local.<\/span><\/p>\n<\/p>\n<p><span class=\"text1noticias\">Durante su intervenci\u00f3n, la diputada de la Rep\u00fablica Dominicana  dijo que las  personas no padecen hambre porque no produzcamos alimentos en cantidad suficiente: tienen hambre porque  no pueden pagar los alimentos que se ofertan en los  mercados o porque carecen de los recursos necesarios  para producirlos por s\u00ed mismos. <\/span><\/p>\n<\/p>\n<p><span class=\"text1noticias\">Seg\u00fan Guadalupe Valdez esta situaci\u00f3n nos hace preguntarnos \u00bfcu\u00e1l es el modelo econ\u00f3mico en que queremos insertar nuestras pol\u00edticas y marcos legales para erradicar el hambre?<\/span><\/p>\n<\/p>\n<p><span class=\"text1noticias\">Para la diputada nacional, es fundamental un cambio de cultura pol\u00edtica, pasar de una cultura pol\u00edtica, matizada por pol\u00edticas clientelares y asistencialistas, a una cultural pol\u00edtica de construcci\u00f3n de ciudadan\u00eda con enfoque de derechos.<\/span><\/p>\n<\/p>\n<p><span class=\"text1noticias\">Tras explicar el surgimiento de los Frentes Parlamentarios Contra el Hambre, impulsado desde la Iniciativa Am\u00e9rica Latina sin Hambre, lanzada en el 2005 por el Presidente Ignacio Lula Da Silva del Brasil y el Presidente Oscar Berger de Guatemala, y su expansi\u00f3n en la Regi\u00f3n, indicando que existen 14 Frentes Parlamentarios, detall\u00f3 la diputada Valdez los desaf\u00edos y las l\u00edneas de acci\u00f3n en las que estaban trabajando.<\/span><\/p>\n<\/p>\n<p><span class=\"text1noticias\">\u00abAun sabiendo que no existen recetas m\u00e1gicas para la garant\u00eda del derecho a la alimentaci\u00f3n, m\u00e1s que el compromiso y el respeto por los derechos humanos, en el Frente luchamos cada d\u00eda por la superaci\u00f3n de los obst\u00e1culos que devienen de la propia naturaleza de los sistemas democr\u00e1ticos y plurales, tratando de incorporar y ponderar las demandas de todos los actores sociales intervinientes en el marco del Derecho a la Alimentaci\u00f3n, dando especial cabida a las poblaciones en situaci\u00f3n de vulnerabilidad: personas en situaci\u00f3n de pobreza, ni\u00f1os y mujeres, personas con discapacidad, adultos mayores, entre otros,\u00bb manifest\u00f3.  <\/span><\/p>\n<\/p>\n<p><span class=\"text1noticias\">Guadalupe Valdez que someti\u00f3 al Congreso dominicano el Proyecto de Ley de Soberan\u00eda, Seguridad Alimentaria y Nutricional, se\u00f1al\u00f3 que los Frentes luchan por generar alianzas, sinergias con los actores locales, con las Agencias de Desarrollo Econ\u00f3mico Local para contribuir a un desarrollo humano sostenible desde el nivel local, inclusivo, con perspectiva de g\u00e9nero y, sobre todo, en el \u00e1mbito rural dados los niveles de participaci\u00f3n de las mujeres rurales en la producci\u00f3n de alimentos es una oportunidad de car\u00e1cter estrat\u00e9gica. <\/span><\/p>\n<p><span class=\"text1noticias\"> <\/span><\/p>\n<p><span class=\"text1noticias\">El Foro Mundial sobre el Desarrollo Econ\u00f3mico Local<\/span><\/p>\n<\/p>\n<p><span class=\"text1noticias\">El Foro Mundial sobre el Desarrollo Econ\u00f3mico Local es parte de un proceso que comenz\u00f3 con la preparaci\u00f3n del Primer Foro Mundial de Agencias de Desarrollo Local \u00abGobernabilidad Planificaci\u00f3n, Econom\u00eda y Local: nuevas perspectivas para los nuevos tiempos\u00bb, celebrado en Sevilla en octubre de 2011.<\/span><\/p>\n<\/p>\n<p><span class=\"text1noticias\">EI Foro reuni\u00f3 a 1.300 participantes de 47 pa\u00edses para intercambiar experiencias e instrumentos territoriales para el desarrollo econ\u00f3mico local y analizar su relaci\u00f3n con las estrategias nacionales de desarrollo con el debate local y mundial sobre el desarrollo humano sostenible.<\/span><\/p>\n<\/p>\n<p><span class=\"text1noticias\">El objetivo principal del II Foro Mundial de Desarrollo Econ\u00f3mico Local es de facilitar el di\u00e1logo y el intercambio entre actores locales, nacionales e internacionales sobre la eficacia e impacto del desarrollo econ\u00f3mico local frente los grandes desaf\u00edos de la \u00e9poca actual, a partir de las pr\u00e1cticas existentes. Este II Foro reuni\u00f3 a 4267 personas de 67 pa\u00edses de los distintos continentes.<\/span><\/p>\n<\/p>\n<p><span class=\"text1noticias\">El Foro fue organizado por PNUD, Parque Tecnol\u00f3gico ITAIPU, SEBRAE, UGLU, ORU, FAMSI, ITAIPU Binacional.(HG)<\/span>.<\/p>\n<\/p>\n<h6> 2013-11-06 21:58:22 <\/h6>\n<p><!--\n<link rel=\"stylesheet\" href=\"css\/bootstrap.min.css\">\n\n\n<ul class=\"pagination\">\n\t    \n\t\n\n<li >\n\t<a href='?page_no=14418'>Previous<\/a>\n\t<\/li>\n\n\n       \n    \n\n<li><a href='?page_no=1'>1<\/a><\/li>\n\n\n\n<li><a href='?page_no=2'>2<\/a><\/li>\n\n\n\n<li><a>...<\/a><\/li>\n\n\n\n<li><a href='?page_no=14417'>14417<\/a><\/li>\n\n\n\n<li><a href='?page_no=14418'>14418<\/a><\/li>\n\n\n\n<li class='active'><a>14419<\/a><\/li>\n\n\n\n<li><a href='?page_no=14420'>14420<\/a><\/li>\n\n\n\n<li><a href='?page_no=14421'>14421<\/a><\/li>\n\n\n\n<li><a>...<\/a><\/li>\n\n\n\n<li><a href='?page_no=30472'>30472<\/a><\/li>\n\n\n\n<li><a href='?page_no=30473'>30473<\/a><\/li>\n\n    \n\t\n\n<li >\n\t<a href='?page_no=14420'>Next<\/a>\n\t<\/li>\n\n\n    \n\n<li><a href='?page_no=30473'>Last &rsaquo;&rsaquo;<\/a><\/li>\n\n<\/ul>\n\n\n--><br \/>\n<\/body><\/p>\n","protected":false},"excerpt":{"rendered":"<p>Sevilla, Espa\u00f1a, 6 de Noviembre.-La diputada nacional Guadalupe Valdez se\u00f1al\u00f3 que el problema del hambre no existe s\u00f3lo por carencia de alimentos, sino tambi\u00e9n por la falta de ingresos, por no disponer de la formaci\u00f3n adecuada para una alimentaci\u00f3n sana. La coordinadora del Frente Parlamentario Contra el Hambre de Am\u00e9rica Latina y El Caribe, disert\u00f3 [&hellip;]<\/p>\n","protected":false},"author":3,"featured_media":0,"comment_status":"open","ping_status":"open","sticky":false,"template":"","format":"standard","meta":{"footnotes":""},"categories":[18],"tags":[],"class_list":["post-98908","post","type-post","status-publish","format-standard","hentry","category-economia"],"_links":{"self":[{"href":"https:\/\/diariodominicano.com\/index.php?rest_route=\/wp\/v2\/posts\/98908","targetHints":{"allow":["GET"]}}],"collection":[{"href":"https:\/\/diariodominicano.com\/index.php?rest_route=\/wp\/v2\/posts"}],"about":[{"href":"https:\/\/diariodominicano.com\/index.php?rest_route=\/wp\/v2\/types\/post"}],"author":[{"embeddable":true,"href":"https:\/\/diariodominicano.com\/index.php?rest_route=\/wp\/v2\/users\/3"}],"replies":[{"embeddable":true,"href":"https:\/\/diariodominicano.com\/index.php?rest_route=%2Fwp%2Fv2%2Fcomments&post=98908"}],"version-history":[{"count":0,"href":"https:\/\/diariodominicano.com\/index.php?rest_route=\/wp\/v2\/posts\/98908\/revisions"}],"wp:attachment":[{"href":"https:\/\/diariodominicano.com\/index.php?rest_route=%2Fwp%2Fv2%2Fmedia&parent=98908"}],"wp:term":[{"taxonomy":"category","embeddable":true,"href":"https:\/\/diariodominicano.com\/index.php?rest_route=%2Fwp%2Fv2%2Fcategories&post=98908"},{"taxonomy":"post_tag","embeddable":true,"href":"https:\/\/diariodominicano.com\/index.php?rest_route=%2Fwp%2Fv2%2Ftags&post=98908"}],"curies":[{"name":"wp","href":"https:\/\/api.w.org\/{rel}","templated":true}]}}