{"id":98907,"date":"2013-11-06T22:42:39","date_gmt":"2013-11-06T22:42:39","guid":{"rendered":"http:\/\/diariodominicano.ddns.net\/?p=98907"},"modified":"2013-11-06T22:42:39","modified_gmt":"2013-11-06T22:42:39","slug":"firman-convenio-para-dar-facilidades-a-las-pymes","status":"publish","type":"post","link":"https:\/\/diariodominicano.com\/?p=98907","title":{"rendered":"Firman convenio para dar facilidades a las Pymes"},"content":{"rendered":"<p><body><\/p>\n<p><span class=\"text1noticias\">Santiago, RD, 6 de NoviembreLa Asociaci\u00f3n de Comerciantes e Industriales de Santiago (ACIS) y los ejecutivos de CODOPYME), establecieron  un acuerdo alianza-estrat\u00e9gica que procura desarrollar mecanismos sostenibles que permitan el acceso de los micros, peque\u00f1as y medianas empresas a servicios financieros que tomen en cuenta sus caracter\u00edsticas, incluyendo la perspectiva de g\u00e9nero.<\/span><\/p>\n<\/p>\n<p><span class=\"text1noticias\">La firma del convenio la rubricaron los presidentes de ambas entidades, Sandy Filpo por la ACIS, y el se\u00f1or Yuri  Chez, por CODOPYME. Mientras que fungieron como testigos, \u00c1ngelo Rodr\u00edguez, de Industria y comercio y Jos\u00e9 Octavio P\u00e9rez por la entidad empresarial.<\/span><\/p>\n<\/p>\n<p><span class=\"text1noticias\"> Tanto, Filpo como el se\u00f1or Chez, se comprometieron a impulsar programas de capacitaci\u00f3n y asesor\u00edas para las MIPYME, orientados a mejorar su productividad, competitividad y capacidad de incorporaci\u00f3n y generaci\u00f3n de innovaciones.<\/span><\/p>\n<\/p>\n<p><span class=\"text1noticias\">  \u00abAplicaremos y fortaleceremos las disposiciones legales sobre compras y contrataciones estatales para las MIPYME\u00bb, dijeron.<\/span><\/p>\n<\/p>\n<p><span class=\"text1noticias\"> Y al mismo tiempo, sostuvieron que es oportuno el acuerdo para se\u00f1alar la necesidad de simplificar los procedimientos legales y tributarios para la creaci\u00f3n y Formalizaci\u00f3n de las MIPYME a nivel del Gobierno Central y gobiernos municipales.<\/span><\/p>\n<\/p>\n<p><span class=\"text1noticias\">  Igualmente, Sandy Filpo y Che Yuri Chez, coincidieron en la necesidad promover las iniciativas empresariales, tanto individuales como asociativas, dando especial atenci\u00f3n a j\u00f3venes y mujeres.<\/span><\/p>\n<p><span class=\"text1noticias\"> \u00abVamos a fortalecer el marco legal e institucional de apoyo a las MIPYMES, que fomente y propicie el desarrollo integral de este sector\u00bb, manifestaron.<\/span><\/p>\n<\/p>\n<p><span class=\"text1noticias\"> Pero adem\u00e1s,  implementar programas de desarrollo de suplidores que permitan convertir en exportaras a peque\u00f1as y medianas empresas a trav\u00e9s de su vinculaci\u00f3n con empresas exportadoras.<\/span><\/p>\n<\/p>\n<p><span class=\"text1noticias\">LA ACIS  y CODOPYME  se comprometen  en la medida de sus posibilidades, a desarrollar Diplomados, seminarios, talleres y cursos especiales en las a\u00e9reas de Finanzas, Contabilidad, Tributaci\u00f3n, Administraci\u00f3n y \u00e1reas afines, a trav\u00e9s de sus asociados e instituciones relacionadas.<\/span><\/p>\n<\/p>\n<p><span class=\"text1noticias\">  Dentro del convenio van a   ofrecer asesor\u00eda y consultor\u00eda  a las empresas miembros en el \u00e1rea de Finanzas, Contabilidad y Tributaci\u00f3n mediante la Cooperaci\u00f3n T\u00e9cnica existente en ambas instituciones o de instituciones relacionadas.<\/span><\/p>\n<\/p>\n<p><span class=\"text1noticias\">  Tambi\u00e9n pretenden generar conjuntamente, proyectos en apoyo a las Micros,  Peque\u00f1as y  Medianas empresas (MIPEME),  as\u00ed como implementar otros acuerdos interinstitucionales  en la b\u00fasqueda de sostener la ejecuci\u00f3n de este convenio.(HG)<\/span>.<\/p>\n<h6> 2013-11-06 22:42:39 <\/h6>\n<p><!--\n<link rel=\"stylesheet\" href=\"css\/bootstrap.min.css\">\n\n\n<ul class=\"pagination\">\n\t    \n\t\n\n<li >\n\t<a href='?page_no=14417'>Previous<\/a>\n\t<\/li>\n\n\n       \n    \n\n<li><a href='?page_no=1'>1<\/a><\/li>\n\n\n\n<li><a href='?page_no=2'>2<\/a><\/li>\n\n\n\n<li><a>...<\/a><\/li>\n\n\n\n<li><a href='?page_no=14416'>14416<\/a><\/li>\n\n\n\n<li><a href='?page_no=14417'>14417<\/a><\/li>\n\n\n\n<li class='active'><a>14418<\/a><\/li>\n\n\n\n<li><a href='?page_no=14419'>14419<\/a><\/li>\n\n\n\n<li><a href='?page_no=14420'>14420<\/a><\/li>\n\n\n\n<li><a>...<\/a><\/li>\n\n\n\n<li><a href='?page_no=30472'>30472<\/a><\/li>\n\n\n\n<li><a href='?page_no=30473'>30473<\/a><\/li>\n\n    \n\t\n\n<li >\n\t<a href='?page_no=14419'>Next<\/a>\n\t<\/li>\n\n\n    \n\n<li><a href='?page_no=30473'>Last &rsaquo;&rsaquo;<\/a><\/li>\n\n<\/ul>\n\n\n--><br \/>\n<\/body><\/p>\n","protected":false},"excerpt":{"rendered":"<p>Santiago, RD, 6 de NoviembreLa Asociaci\u00f3n de Comerciantes e Industriales de Santiago (ACIS) y los ejecutivos de CODOPYME), establecieron un acuerdo alianza-estrat\u00e9gica que procura desarrollar mecanismos sostenibles que permitan el acceso de los micros, peque\u00f1as y medianas empresas a servicios financieros que tomen en cuenta sus caracter\u00edsticas, incluyendo la perspectiva de g\u00e9nero. La firma del [&hellip;]<\/p>\n","protected":false},"author":3,"featured_media":0,"comment_status":"open","ping_status":"open","sticky":false,"template":"","format":"standard","meta":{"footnotes":""},"categories":[18],"tags":[],"class_list":["post-98907","post","type-post","status-publish","format-standard","hentry","category-economia"],"_links":{"self":[{"href":"https:\/\/diariodominicano.com\/index.php?rest_route=\/wp\/v2\/posts\/98907","targetHints":{"allow":["GET"]}}],"collection":[{"href":"https:\/\/diariodominicano.com\/index.php?rest_route=\/wp\/v2\/posts"}],"about":[{"href":"https:\/\/diariodominicano.com\/index.php?rest_route=\/wp\/v2\/types\/post"}],"author":[{"embeddable":true,"href":"https:\/\/diariodominicano.com\/index.php?rest_route=\/wp\/v2\/users\/3"}],"replies":[{"embeddable":true,"href":"https:\/\/diariodominicano.com\/index.php?rest_route=%2Fwp%2Fv2%2Fcomments&post=98907"}],"version-history":[{"count":0,"href":"https:\/\/diariodominicano.com\/index.php?rest_route=\/wp\/v2\/posts\/98907\/revisions"}],"wp:attachment":[{"href":"https:\/\/diariodominicano.com\/index.php?rest_route=%2Fwp%2Fv2%2Fmedia&parent=98907"}],"wp:term":[{"taxonomy":"category","embeddable":true,"href":"https:\/\/diariodominicano.com\/index.php?rest_route=%2Fwp%2Fv2%2Fcategories&post=98907"},{"taxonomy":"post_tag","embeddable":true,"href":"https:\/\/diariodominicano.com\/index.php?rest_route=%2Fwp%2Fv2%2Ftags&post=98907"}],"curies":[{"name":"wp","href":"https:\/\/api.w.org\/{rel}","templated":true}]}}