{"id":98904,"date":"2013-11-06T23:03:04","date_gmt":"2013-11-06T23:03:04","guid":{"rendered":"http:\/\/diariodominicano.ddns.net\/?p=98904"},"modified":"2013-11-06T23:03:04","modified_gmt":"2013-11-06T23:03:04","slug":"rd-obtiene-por-primera-vez-la-presidencia-de-la-aicd-de-la-oea","status":"publish","type":"post","link":"https:\/\/diariodominicano.com\/?p=98904","title":{"rendered":"RD obtiene por primera vez la Presidencia de la AICD de la OEA"},"content":{"rendered":"<p><body><\/p>\n<p><img decoding=\"async\" src=\"img3\/BASTIDAS.jpg\" \/>  <\/p>\n<p><span class=\"text1noticias\">Santo Domingo, RD, 6 de Noviembre.-Por primera vez, la Rep\u00fablica Dominicana ostenta la Presidencia de la Junta Directiva de la Agencia Interamericana para la Cooperaci\u00f3n y el Desarrollo (AICD), del Consejo Interamericano para el Desarrollo Integral (CIDI), de  la Organizaci\u00f3n de Estados Americanos (OEA), para el per\u00edodo 2013-2014, en la persona de la economista Am\u00e9rica Bastidas.<\/span><\/p>\n<\/p>\n<p><span class=\"text1noticias\">        La Direcci\u00f3n General de Cooperaci\u00f3n Multilateral (DIGECOOM), al ofrecer la informaci\u00f3n a trav\u00e9s de una nota de prensa, dijo que la alta distinci\u00f3n al escoger a unanimidad para ese puesto a la candidata dominicana, constituye una victoria trascendental para la diplomacia dominicana. <\/span><\/p>\n<\/p>\n<p><span class=\"text1noticias\">        \u00abPara el pa\u00eds, y particularmente para la DIGECOOM, ap\u00e9ndice del Ministerio de Econom\u00eda, Planificaci\u00f3n y Desarrollo, es una satisfacci\u00f3n que los delegados de las dem\u00e1s naciones hayan premiado a la Rep\u00fablica Dominicana y la vasta capacidad y formaci\u00f3n profesional y t\u00e9cnica de  la economista Bastidas, orgullo dominicano\u00bb, se\u00f1ala la nota.<\/span><\/p>\n<\/p>\n<p><span class=\"text1noticias\">       La seleccionada cuenta con m\u00e1s de diecis\u00e9is a\u00f1os de experiencia en el \u00e1mbito de la cooperaci\u00f3n internacional para el desarrollo, en las \u00e1reas bilateral y multilateral, atributos que incidieron para su escogencia durante las elecciones que tuvieron lugar el pasado fin de semana, en Washington D.C.<\/span><\/p>\n<\/p>\n<p><span class=\"text1noticias\">       La AICD tiene como prop\u00f3sito, promover, coordinar, gestionar y facilitar la planificaci\u00f3n y ejecuci\u00f3n de programas, proyectos y actividades de cooperaci\u00f3n solidaria para el desarrollo dentro del \u00e1mbito de la Carta de la OEA y, en particular, en el marco del Plan Estrat\u00e9gico de Cooperaci\u00f3n Solidaria del CIDI o \u00abPlan Estrat\u00e9gico\u00bb.<\/span><\/p>\n<\/p>\n<p><span class=\"text1noticias\">      Desde el 2012, Am\u00e9rica Bastidas, se desempe\u00f1a como Asesora en Asuntos Multilaterales para el Ministerio de Econom\u00eda, Planificaci\u00f3n y Desarrollo, y ha desempe\u00f1ado otras funciones p\u00fablicas como titular del Viceministerio de Cooperaci\u00f3n Internacional (2004-2012), y Ordenadora Delegada de la Oficina Nacional de los Fondos Europeos para el Desarrollo, en ese entonces Lome IV, durante el per\u00edodo de 1996 al 2000.(HG)<\/span>.<\/p>\n<h6> 2013-11-06 23:03:04 <\/h6>\n<p><!--\n<link rel=\"stylesheet\" href=\"css\/bootstrap.min.css\">\n\n\n<ul class=\"pagination\">\n\t    \n\t\n\n<li >\n\t<a href='?page_no=14414'>Previous<\/a>\n\t<\/li>\n\n\n       \n    \n\n<li><a href='?page_no=1'>1<\/a><\/li>\n\n\n\n<li><a href='?page_no=2'>2<\/a><\/li>\n\n\n\n<li><a>...<\/a><\/li>\n\n\n\n<li><a href='?page_no=14413'>14413<\/a><\/li>\n\n\n\n<li><a href='?page_no=14414'>14414<\/a><\/li>\n\n\n\n<li class='active'><a>14415<\/a><\/li>\n\n\n\n<li><a href='?page_no=14416'>14416<\/a><\/li>\n\n\n\n<li><a href='?page_no=14417'>14417<\/a><\/li>\n\n\n\n<li><a>...<\/a><\/li>\n\n\n\n<li><a href='?page_no=30472'>30472<\/a><\/li>\n\n\n\n<li><a href='?page_no=30473'>30473<\/a><\/li>\n\n    \n\t\n\n<li >\n\t<a href='?page_no=14416'>Next<\/a>\n\t<\/li>\n\n\n    \n\n<li><a href='?page_no=30473'>Last &rsaquo;&rsaquo;<\/a><\/li>\n\n<\/ul>\n\n\n--><br \/>\n<\/body><\/p>\n","protected":false},"excerpt":{"rendered":"<p>Santo Domingo, RD, 6 de Noviembre.-Por primera vez, la Rep\u00fablica Dominicana ostenta la Presidencia de la Junta Directiva de la Agencia Interamericana para la Cooperaci\u00f3n y el Desarrollo (AICD), del Consejo Interamericano para el Desarrollo Integral (CIDI), de la Organizaci\u00f3n de Estados Americanos (OEA), para el per\u00edodo 2013-2014, en la persona de la economista Am\u00e9rica [&hellip;]<\/p>\n","protected":false},"author":3,"featured_media":0,"comment_status":"open","ping_status":"open","sticky":false,"template":"","format":"standard","meta":{"footnotes":""},"categories":[18],"tags":[],"class_list":["post-98904","post","type-post","status-publish","format-standard","hentry","category-economia"],"_links":{"self":[{"href":"https:\/\/diariodominicano.com\/index.php?rest_route=\/wp\/v2\/posts\/98904","targetHints":{"allow":["GET"]}}],"collection":[{"href":"https:\/\/diariodominicano.com\/index.php?rest_route=\/wp\/v2\/posts"}],"about":[{"href":"https:\/\/diariodominicano.com\/index.php?rest_route=\/wp\/v2\/types\/post"}],"author":[{"embeddable":true,"href":"https:\/\/diariodominicano.com\/index.php?rest_route=\/wp\/v2\/users\/3"}],"replies":[{"embeddable":true,"href":"https:\/\/diariodominicano.com\/index.php?rest_route=%2Fwp%2Fv2%2Fcomments&post=98904"}],"version-history":[{"count":0,"href":"https:\/\/diariodominicano.com\/index.php?rest_route=\/wp\/v2\/posts\/98904\/revisions"}],"wp:attachment":[{"href":"https:\/\/diariodominicano.com\/index.php?rest_route=%2Fwp%2Fv2%2Fmedia&parent=98904"}],"wp:term":[{"taxonomy":"category","embeddable":true,"href":"https:\/\/diariodominicano.com\/index.php?rest_route=%2Fwp%2Fv2%2Fcategories&post=98904"},{"taxonomy":"post_tag","embeddable":true,"href":"https:\/\/diariodominicano.com\/index.php?rest_route=%2Fwp%2Fv2%2Ftags&post=98904"}],"curies":[{"name":"wp","href":"https:\/\/api.w.org\/{rel}","templated":true}]}}