{"id":98903,"date":"2013-11-06T23:43:42","date_gmt":"2013-11-06T23:43:42","guid":{"rendered":"http:\/\/diariodominicano.ddns.net\/?p=98903"},"modified":"2013-11-06T23:43:42","modified_gmt":"2013-11-06T23:43:42","slug":"edeeste-y-comerciantes-de-villa-consuelo-firman-acuerdo","status":"publish","type":"post","link":"https:\/\/diariodominicano.com\/?p=98903","title":{"rendered":"Edeeste y comerciantes de Villa Consuelo firman acuerdo"},"content":{"rendered":"<p><body><\/p>\n<p><span class=\"text1noticias\">Santo Domingo, RD, 6 de Noviembre.-La Asociaci\u00f3n de Comerciantes Importadores de Villa Consuelo y la Empresa Distribuidora de Electricidad del Este (Edeeste) firmaron ayer un acuerdo, donde se se\u00f1ala que el suministro de energ\u00eda se normalizar\u00e1 en esa importante arteria comercial del Distrito Nacional.<\/span><\/p>\n<\/p>\n<p><span class=\"text1noticias\">Mientras los moradores del popular barrio no escondieron su regocijo por el anuncio de mejor\u00eda en el servicio el\u00e9ctrico, debido a que los apagones los ten\u00edan al borde de la desesperaci\u00f3n, por lo que esperan que la distribuidora cumpla con lo acordado.<\/span><\/p>\n<\/p>\n<p><span class=\"text1noticias\">En tanto que los comerciantes de la zona se\u00f1alaron que la medida contribuir\u00e1 con la seguridad del entorno y con el dinamismo de las ventas, \u00abahora que se acerca el periodo navide\u00f1o\u00bb.<\/span><\/p>\n<\/p>\n<p><span class=\"text1noticias\">Mediante un parte de prensa se explic\u00f3 que en lo adelante las interrupciones ser\u00e1n coordinadas por un horario preestablecido, donde la barriada tendr\u00e1 luz desde las 4 de la madrugada hasta las cuatro de la tarde, mientras que desde esa hora a las 7:30 PM. El servicio ser\u00e1 suspendido por tres horas.<\/span><\/p>\n<\/p>\n<p><span class=\"text1noticias\">Se agrega que de las siete y treinta de la noche a una de la madrugada habr\u00e1 luz, para luego ser interrumpida por tres horas, es decir de una a cuatro de la ma\u00f1ana.<\/span><\/p>\n<\/p>\n<p><span class=\"text1noticias\">Se inform\u00f3 adem\u00e1s que los d\u00edas martes y jueves el servicio se suspender\u00e1 durante todo el d\u00eda hasta las 6:00 PM. Debido a trabajos en las redes de distribuci\u00f3n, indic\u00f3 Edeeste a trav\u00e9s del ingeniero Milton Jos\u00e9, supervisor de la empresa.<\/span><\/p>\n<\/p>\n<p><span class=\"text1noticias\">De su lado, el presidente de la Asociaci\u00f3n de Comerciantes Importadores de Villa Consuelo, Mario R. Chabebe,  se mostr\u00f3 satisfecho con lo acordado, no obstante entiende que en una zona de tanto movimiento, se debe establecer cuanto antes la modalidad de servicio 24 horas.<\/span><\/p>\n<\/p>\n<p><span class=\"text1noticias\">Adem\u00e1s de Chabebe, participaron, Juan Melo, vicepresidente de la Asociaci\u00f3n de Comerciantes, as\u00ed como el cura p\u00e1rroco de la iglesia San Pedro, Sandra Ram\u00edrez, presidenta del Consejo de Desarrollo Barrial y Ram\u00f3n Mart\u00ednez, presidente de la Junta de Vecinos \u00abDo\u00f1a Elogia Mu\u00f1oz Mart\u00ednez\u00bb, entre otros.<\/span><\/p>\n<\/p>\n<p><span class=\"text1noticias\">Se recuerda que los comerciantes de la zona hab\u00edan denunciado que ten\u00edan p\u00e9rdidas millonarias debido a las largas tandas de apagones que estaban padeciendo diariamente, lo que hab\u00eda disparado los costos operacionales y  ten\u00eda al borde de la quiebra a los medianos y peque\u00f1os establecimientos.(HG)<\/span>.<\/p>\n<h6> 2013-11-06 23:43:42 <\/h6>\n<p><!--\n<link rel=\"stylesheet\" href=\"css\/bootstrap.min.css\">\n\n\n<ul class=\"pagination\">\n\t    \n\t\n\n<li >\n\t<a href='?page_no=14413'>Previous<\/a>\n\t<\/li>\n\n\n       \n    \n\n<li><a href='?page_no=1'>1<\/a><\/li>\n\n\n\n<li><a href='?page_no=2'>2<\/a><\/li>\n\n\n\n<li><a>...<\/a><\/li>\n\n\n\n<li><a href='?page_no=14412'>14412<\/a><\/li>\n\n\n\n<li><a href='?page_no=14413'>14413<\/a><\/li>\n\n\n\n<li class='active'><a>14414<\/a><\/li>\n\n\n\n<li><a href='?page_no=14415'>14415<\/a><\/li>\n\n\n\n<li><a href='?page_no=14416'>14416<\/a><\/li>\n\n\n\n<li><a>...<\/a><\/li>\n\n\n\n<li><a href='?page_no=30472'>30472<\/a><\/li>\n\n\n\n<li><a href='?page_no=30473'>30473<\/a><\/li>\n\n    \n\t\n\n<li >\n\t<a href='?page_no=14415'>Next<\/a>\n\t<\/li>\n\n\n    \n\n<li><a href='?page_no=30473'>Last &rsaquo;&rsaquo;<\/a><\/li>\n\n<\/ul>\n\n\n--><br \/>\n<\/body><\/p>\n","protected":false},"excerpt":{"rendered":"<p>Santo Domingo, RD, 6 de Noviembre.-La Asociaci\u00f3n de Comerciantes Importadores de Villa Consuelo y la Empresa Distribuidora de Electricidad del Este (Edeeste) firmaron ayer un acuerdo, donde se se\u00f1ala que el suministro de energ\u00eda se normalizar\u00e1 en esa importante arteria comercial del Distrito Nacional. Mientras los moradores del popular barrio no escondieron su regocijo por [&hellip;]<\/p>\n","protected":false},"author":3,"featured_media":0,"comment_status":"open","ping_status":"open","sticky":false,"template":"","format":"standard","meta":{"footnotes":""},"categories":[18],"tags":[],"class_list":["post-98903","post","type-post","status-publish","format-standard","hentry","category-economia"],"_links":{"self":[{"href":"https:\/\/diariodominicano.com\/index.php?rest_route=\/wp\/v2\/posts\/98903","targetHints":{"allow":["GET"]}}],"collection":[{"href":"https:\/\/diariodominicano.com\/index.php?rest_route=\/wp\/v2\/posts"}],"about":[{"href":"https:\/\/diariodominicano.com\/index.php?rest_route=\/wp\/v2\/types\/post"}],"author":[{"embeddable":true,"href":"https:\/\/diariodominicano.com\/index.php?rest_route=\/wp\/v2\/users\/3"}],"replies":[{"embeddable":true,"href":"https:\/\/diariodominicano.com\/index.php?rest_route=%2Fwp%2Fv2%2Fcomments&post=98903"}],"version-history":[{"count":0,"href":"https:\/\/diariodominicano.com\/index.php?rest_route=\/wp\/v2\/posts\/98903\/revisions"}],"wp:attachment":[{"href":"https:\/\/diariodominicano.com\/index.php?rest_route=%2Fwp%2Fv2%2Fmedia&parent=98903"}],"wp:term":[{"taxonomy":"category","embeddable":true,"href":"https:\/\/diariodominicano.com\/index.php?rest_route=%2Fwp%2Fv2%2Fcategories&post=98903"},{"taxonomy":"post_tag","embeddable":true,"href":"https:\/\/diariodominicano.com\/index.php?rest_route=%2Fwp%2Fv2%2Ftags&post=98903"}],"curies":[{"name":"wp","href":"https:\/\/api.w.org\/{rel}","templated":true}]}}